{"id":17230594,"date":"2019-03-05T09:30:40","date_gmt":"2019-03-05T12:30:40","guid":{"rendered":"https:\/\/upla.cl\/vinculacion\/?p=17230594"},"modified":"2025-12-15T12:03:57","modified_gmt":"2025-12-15T15:03:57","slug":"academicos-de-la-facultad-de-ciencias-de-la-actividad-fisica-y-del-deporte-presentan-resultados-de-proyecto-con-personas-mayores-de-p-a","status":"publish","type":"post","link":"https:\/\/upla.cl\/vinculacion\/2019\/03\/05\/academicos-de-la-facultad-de-ciencias-de-la-actividad-fisica-y-del-deporte-presentan-resultados-de-proyecto-con-personas-mayores-de-p-a\/","title":{"rendered":"Acad\u00e9micos de la Facultad de Ciencias de la Actividad F\u00edsica y del Deporte presentan resultados de proyecto con personas mayores de P.A."},"content":{"rendered":"<p>[et_pb_section fb_built=\u00bb1&#8243; fullwidth=\u00bbon\u00bb _builder_version=\u00bb4.27.4&#8243; _module_preset=\u00bbdefault\u00bb global_colors_info=\u00bb{}\u00bb][et_pb_fullwidth_header title=\u00bbAcad\u00e9micos de la Facultad de Ciencias de la Actividad F\u00edsica y del Deporte presentan resultados de proyecto con personas mayores de P.A.\u00bb _builder_version=\u00bb4.27.4&#8243; _module_preset=\u00bbdefault\u00bb title_font=\u00bbLato|700|||||||\u00bb title_font_size=\u00bb50px\u00bb subhead_font=\u00bbLato||||||||\u00bb subhead_font_size=\u00bb30px\u00bb background_image=\u00bbhttps:\/\/upla.cl\/vinculacion\/wp-content\/uploads\/2019\/03\/personas-mayores.jpg\u00bb background_blend=\u00bbmultiply\u00bb custom_padding=\u00bb10%||10%||true|false\u00bb title_text_shadow_style=\u00bbpreset5&#8243; subhead_text_shadow_style=\u00bbpreset5&#8243; global_colors_info=\u00bb{}\u00bb][\/et_pb_fullwidth_header][\/et_pb_section][et_pb_section fb_built=\u00bb1&#8243; _builder_version=\u00bb4.27.4&#8243; _module_preset=\u00bbdefault\u00bb custom_margin=\u00bb||||false|false\u00bb custom_padding=\u00bb0px||0px||true|false\u00bb global_colors_info=\u00bb{}\u00bb][et_pb_row column_structure=\u00bb1_3,2_3&#8243; _builder_version=\u00bb4.27.4&#8243; _module_preset=\u00bbdefault\u00bb width=\u00bb90%\u00bb custom_padding=\u00bb||23px|||\u00bb global_colors_info=\u00bb{}\u00bb][et_pb_column type=\u00bb1_3&#8243; _builder_version=\u00bb4.27.4&#8243; _module_preset=\u00bbdefault\u00bb global_colors_info=\u00bb{}\u00bb][et_pb_gallery gallery_ids=\u00bb352,345,355,353&#8243; fullwidth=\u00bbon\u00bb _builder_version=\u00bb4.27.4&#8243; _module_preset=\u00bbdefault\u00bb global_colors_info=\u00bb{}\u00bb][\/et_pb_gallery][\/et_pb_column][et_pb_column type=\u00bb2_3&#8243; _builder_version=\u00bb4.27.4&#8243; _module_preset=\u00bbdefault\u00bb global_colors_info=\u00bb{}\u00bb][et_pb_text _builder_version=\u00bb4.27.4&#8243; _module_preset=\u00bbdefault\u00bb text_font=\u00bbLato||||||||\u00bb text_font_size=\u00bb16px\u00bb global_colors_info=\u00bb{}\u00bb]Con el fin de compartir con la comunidad universitaria las experiencias de docentes, estudiantes y los participantes de la iniciativa, se dio cierre al proyecto<strong> \u201cRecreando a las personas mayores: Piloto para la conformaci\u00f3n de un plan disciplinario para el trabajo con personas mayores\u201d<\/strong>, que fue llevado a cabo por la acad\u00e9mica Mar\u00eda Teresa Avil\u00e9s, junto a profesores de la Facultad de Ciencias de la Actividad F\u00edsica y del Deporte, con el apoyo de la Direcci\u00f3n General de Vinculaci\u00f3n con el Medio.<\/p>\n<p>En el proyecto, que fue ejecutado durante el segundo semestre del 2018, los y las estudiantes de la carrera de Tecnolog\u00eda en Deporte y Recreaci\u00f3n, en el marco de las asignaturas \u201cFisiolog\u00eda de la actividad f\u00edsica adaptada\u201d y \u201cMetodolog\u00eda de la actividad recreativa I y II, participaron junto a la comunidad del Centro del Adulto Mayor de la Iglesia la Medalla Milagrosa de Playa Ancha en la co-construcci\u00f3n de un espacio de trabajo, que permiti\u00f3 desarrollar una l\u00ednea disciplinaria para abordar la tem\u00e1tica de las personas mayores.<\/p>\n<p>De esta forma, durante el proyecto que tambi\u00e9n cont\u00f3 con la participaci\u00f3n de alumnos de primer a\u00f1o de la carrera de Terapia Ocupacional, se pudo avanzar en los procesos acad\u00e9micos vinculados con el entorno, permitiendo a los estudiantes conocer los intereses y necesidades de la comunidad, adem\u00e1s de analizar y proponer soluciones a los problemas presentados por medio de la integraci\u00f3n de los conocimientos aprendidos en su carrera.[\/et_pb_text][\/et_pb_column][\/et_pb_row][et_pb_row column_structure=\u00bb2_3,1_3&#8243; _builder_version=\u00bb4.27.4&#8243; _module_preset=\u00bbdefault\u00bb width=\u00bb90%\u00bb global_colors_info=\u00bb{}\u00bb][et_pb_column type=\u00bb2_3&#8243; _builder_version=\u00bb4.27.4&#8243; _module_preset=\u00bbdefault\u00bb global_colors_info=\u00bb{}\u00bb][et_pb_text _builder_version=\u00bb4.27.4&#8243; _module_preset=\u00bbdefault\u00bb text_font_size=\u00bb16px\u00bb global_colors_info=\u00bb{}\u00bb]<b>Mar\u00eda Teresa Avil\u00e9s, acad\u00e9mica de la Facultad de Ciencias de la Actividad F\u00edsica y del Deporte<\/b><span style=\"font-weight: 400;\">, se mostr\u00f3 contenta con el proyecto, destacando el cumplimiento de objetivos, como integrar los conocimientos del plan de estudio, establecer las mejores metodolog\u00edas y planificar y administrar actividades de car\u00e1cter recreativo. Tambi\u00e9n resalt\u00f3 el trabajo colaborativo con estudiantes de distintas facultades, \u201cAlgo importante a destacar en el proyecto fue la interacci\u00f3n entre dos carreras, donde los alumnos pudieron ver que es posible trabajar con otras personas coordinadamente, ya que si bien Tecnolog\u00eda en Deportes y Recreaci\u00f3n trabaja sobre el ejercicio f\u00edsico y la actividad recreativa con miras a mejorar o mantener la salud, en Terapia Ocupacional se utiliza la actividad para mejorar la vida diaria de forma terap\u00e9utica\u201d.<\/span><\/p>\n<p><span style=\"font-weight: 400;\">Por su parte,<\/span><b> Juan \u00c1lvarez, Director General de Vinculaci\u00f3n con el Medio<\/b><span style=\"font-weight: 400;\">, se refiri\u00f3 a la importancia de contar con un proyecto con sentido social, que aporta significativamente a un segmento cada vez m\u00e1s importante y referente de la sociedad, como son las personas mayores.<\/span><\/p>\n<p><span style=\"font-weight: 400;\"><em>\u201cTras escuchar a los estudiantes que participaron en la actividad, ellos reflejan el c\u00f3mo la experiencia formativa se plasma en estas iniciativas, por tanto creo debemos sistematizar estas acciones, ver la manera de instalarla en los planes formativos y articularla interdisciplinarmente, elementos clave para replicar y ampliar el impacto de este tipo de instancias\u201d<\/em>, puntualiz\u00f3 la autoridad.<\/span><\/p>\n<p><span style=\"font-weight: 400;\">Para el <\/span><b>Decano de la Facultad de Ciencias de la Actividad F\u00edsica y del Deporte, Dr. C\u00e9sar Oliva<\/b><span style=\"font-weight: 400;\">, la iniciativa permiti\u00f3 continuar fortaleciendo los procesos acad\u00e9micos de vinculaci\u00f3n con el entorno, <em>\u201cTrabajamos con la ciudadan\u00eda, actores sociales, instituciones y eso significa que -de alguna u otra forma- la reciprocidad entre la Universidad y el entorno es lo que nos permite desarrollarnos acad\u00e9mica y disciplinarmente. Para la Facultad es gratificante todo lo que significa vinculaci\u00f3n con el medio, ya que sus carreras se plasman en esta relaci\u00f3n\u201d.<\/em><\/span><\/p>\n<p><br style=\"font-weight: 400;\" \/><br style=\"font-weight: 400;\" \/>[\/et_pb_text][\/et_pb_column][et_pb_column type=\u00bb1_3&#8243; _builder_version=\u00bb4.27.4&#8243; _module_preset=\u00bbdefault\u00bb global_colors_info=\u00bb{}\u00bb][et_pb_gallery gallery_ids=\u00bb346,340,341&#8243; fullwidth=\u00bbon\u00bb _builder_version=\u00bb4.27.4&#8243; _module_preset=\u00bbdefault\u00bb global_colors_info=\u00bb{}\u00bb][\/et_pb_gallery][\/et_pb_column][\/et_pb_row][et_pb_row column_structure=\u00bb1_3,2_3&#8243; _builder_version=\u00bb4.27.4&#8243; _module_preset=\u00bbdefault\u00bb width=\u00bb90%\u00bb custom_padding=\u00bb||23px|||\u00bb global_colors_info=\u00bb{}\u00bb][et_pb_column type=\u00bb1_3&#8243; _builder_version=\u00bb4.27.4&#8243; _module_preset=\u00bbdefault\u00bb global_colors_info=\u00bb{}\u00bb][et_pb_gallery gallery_ids=\u00bb352,345,355,353&#8243; fullwidth=\u00bbon\u00bb _builder_version=\u00bb4.27.4&#8243; _module_preset=\u00bbdefault\u00bb global_colors_info=\u00bb{}\u00bb][\/et_pb_gallery][\/et_pb_column][et_pb_column type=\u00bb2_3&#8243; _builder_version=\u00bb4.27.4&#8243; _module_preset=\u00bbdefault\u00bb global_colors_info=\u00bb{}\u00bb][et_pb_text _builder_version=\u00bb4.27.4&#8243; _module_preset=\u00bbdefault\u00bb text_font=\u00bbLato||||||||\u00bb text_font_size=\u00bb16px\u00bb global_colors_info=\u00bb{}\u00bb]<b>Reacciones<\/b><\/p>\n<p><b>Rosa Bello, participante del proyecto<\/b><\/p>\n<p><em><span style=\"font-weight: 400;\">\u201cYo participo hace unos 12 a\u00f1os en este club de adulto mayor en Playa Ancha, por lo que estoy muy contenta y agradecida de las personas que participaron junto a nosotros en el proyecto, ya que nos ayudaron mucho. En mi caso, tanto en la actividad f\u00edsica, como tambi\u00e9n el darse un tiempo para escuchar mi situaci\u00f3n y problemas que he tenido\u201d.<\/span><\/em><\/p>\n<p><b>Sebasti\u00e1n Almeida, estudiante de cuarto a\u00f1o de Tecnolog\u00eda en Deportes y Recreaci\u00f3n<\/b><\/p>\n<p><em><span style=\"font-weight: 400;\">\u201cEl proyecto nos pareci\u00f3 muy importante por el tema de c\u00f3mo vincular y generar nuevas oportunidades para las personas mayores. Sentimos que est\u00e1 aislado ese tipo de campo dentro de la sociedad, ya que si bien se habla sobre las personas mayores, como sociedad podemos ver que ellas no reciben buenas pensiones y viven un sistema que las mantiene segregadas\u201d.<\/span><\/em><\/p>\n<p><b>Milza Beltr\u00e1n, estudiante de quinto a\u00f1o de Tecnolog\u00eda en Deportes y Recreaci\u00f3n<\/b><\/p>\n<p><em><span style=\"font-weight: 400;\">\u201cEl grupo de adultos mayores va en aumento cada d\u00eda, por lo que se hace necesario hacerse cargo de ellos de buena forma. Nosotros vemos a la gente de forma f\u00edsica y emocional, ya que ellos tienen distintos problemas en los que debemos ayudarlos en todo sentido. Estas personas necesitan ayuda y est\u00e1n esperando por nosotros\u201d.<\/span><\/em><\/p>\n<p><br style=\"font-weight: 400;\" \/><br style=\"font-weight: 400;\" \/>[\/et_pb_text][\/et_pb_column][\/et_pb_row][\/et_pb_section]<\/p>\n","protected":false},"excerpt":{"rendered":"<p>Con el fin de compartir con la comunidad universitaria las experiencias de docentes, estudiantes y los participantes de la iniciativa, se dio cierre al proyecto \u201cRecreando a las personas mayores: [&hellip;]<\/p>\n","protected":false},"author":12,"featured_media":345,"comment_status":"closed","ping_status":"closed","sticky":false,"template":"","format":"standard","meta":{"_et_pb_use_builder":"on","_et_pb_old_content":"","_et_gb_content_width":"","_price":"","_stock":"","_tribe_ticket_header":"","_tribe_default_ticket_provider":"","_tribe_ticket_capacity":"","_ticket_start_date":"","_ticket_end_date":"","_tribe_ticket_show_description":"","_tribe_ticket_show_not_going":false,"_tribe_ticket_use_global_stock":"","_tribe_ticket_global_stock_level":"","_global_stock_mode":"","_global_stock_cap":"","_tribe_rsvp_for_event":"","_tribe_ticket_going_count":"","_tribe_ticket_not_going_count":"","_tribe_tickets_list":"[]","_tribe_ticket_has_attendee_info_fields":false,"footnotes":""},"categories":[4],"tags":[],"class_list":["post-17230594","post","type-post","status-publish","format-standard","has-post-thumbnail","hentry","category-noticias"],"_links":{"self":[{"href":"https:\/\/upla.cl\/vinculacion\/wp-json\/wp\/v2\/posts\/17230594","targetHints":{"allow":["GET"]}}],"collection":[{"href":"https:\/\/upla.cl\/vinculacion\/wp-json\/wp\/v2\/posts"}],"about":[{"href":"https:\/\/upla.cl\/vinculacion\/wp-json\/wp\/v2\/types\/post"}],"author":[{"embeddable":true,"href":"https:\/\/upla.cl\/vinculacion\/wp-json\/wp\/v2\/users\/12"}],"replies":[{"embeddable":true,"href":"https:\/\/upla.cl\/vinculacion\/wp-json\/wp\/v2\/comments?post=17230594"}],"version-history":[{"count":6,"href":"https:\/\/upla.cl\/vinculacion\/wp-json\/wp\/v2\/posts\/17230594\/revisions"}],"predecessor-version":[{"id":17231620,"href":"https:\/\/upla.cl\/vinculacion\/wp-json\/wp\/v2\/posts\/17230594\/revisions\/17231620"}],"wp:featuredmedia":[{"embeddable":true,"href":"https:\/\/upla.cl\/vinculacion\/wp-json\/wp\/v2\/media\/345"}],"wp:attachment":[{"href":"https:\/\/upla.cl\/vinculacion\/wp-json\/wp\/v2\/media?parent=17230594"}],"wp:term":[{"taxonomy":"category","embeddable":true,"href":"https:\/\/upla.cl\/vinculacion\/wp-json\/wp\/v2\/categories?post=17230594"},{"taxonomy":"post_tag","embeddable":true,"href":"https:\/\/upla.cl\/vinculacion\/wp-json\/wp\/v2\/tags?post=17230594"}],"curies":[{"name":"wp","href":"https:\/\/api.w.org\/{rel}","templated":true}]}}