{"id":17230663,"date":"2019-04-08T09:30:50","date_gmt":"2019-04-08T13:30:50","guid":{"rendered":"https:\/\/upla.cl\/vinculacion\/?p=17230663"},"modified":"2025-12-15T12:01:45","modified_gmt":"2025-12-15T15:01:45","slug":"upla-fortalece-su-vinculo-con-playa-ancha-a-traves-de-la-mesa-territorial-de-desarrollo","status":"publish","type":"post","link":"https:\/\/upla.cl\/vinculacion\/2019\/04\/08\/upla-fortalece-su-vinculo-con-playa-ancha-a-traves-de-la-mesa-territorial-de-desarrollo\/","title":{"rendered":"UPLA fortalece su v\u00ednculo con Playa Ancha a trav\u00e9s de la Mesa Territorial de Desarrollo"},"content":{"rendered":"<p>[et_pb_section fb_built=\u00bb1&#8243; fullwidth=\u00bbon\u00bb _builder_version=\u00bb4.27.4&#8243; _module_preset=\u00bbdefault\u00bb global_colors_info=\u00bb{}\u00bb][et_pb_fullwidth_header title=\u00bbUPLA fortalece su v\u00ednculo con Playa Ancha a trav\u00e9s de la Mesa Territorial de Desarrollo\u00bb _builder_version=\u00bb4.27.4&#8243; _module_preset=\u00bbdefault\u00bb title_font=\u00bbLato|700|||||||\u00bb title_font_size=\u00bb50px\u00bb subhead_font=\u00bbLato||||||||\u00bb subhead_font_size=\u00bb30px\u00bb background_image=\u00bbhttps:\/\/upla.cl\/vinculacion\/wp-content\/uploads\/2019\/04\/juan_mtd_dpa-1024&#215;768.jpeg\u00bb background_blend=\u00bbmultiply\u00bb custom_padding=\u00bb10%||10%||true|false\u00bb title_text_shadow_style=\u00bbpreset5&#8243; subhead_text_shadow_style=\u00bbpreset5&#8243; global_colors_info=\u00bb{}\u00bb][\/et_pb_fullwidth_header][\/et_pb_section][et_pb_section fb_built=\u00bb1&#8243; _builder_version=\u00bb4.27.4&#8243; _module_preset=\u00bbdefault\u00bb custom_margin=\u00bb||||false|false\u00bb custom_padding=\u00bb0px||0px||true|false\u00bb global_colors_info=\u00bb{}\u00bb][et_pb_row column_structure=\u00bb1_3,2_3&#8243; _builder_version=\u00bb4.27.4&#8243; _module_preset=\u00bbdefault\u00bb width=\u00bb90%\u00bb custom_padding=\u00bb||0px|||\u00bb global_colors_info=\u00bb{}\u00bb][et_pb_column type=\u00bb1_3&#8243; _builder_version=\u00bb4.27.4&#8243; _module_preset=\u00bbdefault\u00bb global_colors_info=\u00bb{}\u00bb][et_pb_gallery gallery_ids=\u00bb482,480,481&#8243; fullwidth=\u00bbon\u00bb _builder_version=\u00bb4.27.4&#8243; _module_preset=\u00bbdefault\u00bb global_colors_info=\u00bb{}\u00bb][\/et_pb_gallery][\/et_pb_column][et_pb_column type=\u00bb2_3&#8243; _builder_version=\u00bb4.27.4&#8243; _module_preset=\u00bbdefault\u00bb global_colors_info=\u00bb{}\u00bb][et_pb_text _builder_version=\u00bb4.27.4&#8243; _module_preset=\u00bbdefault\u00bb text_font=\u00bbLato||||||||\u00bb text_font_size=\u00bb16px\u00bb custom_padding=\u00bb||0px|||\u00bb global_colors_info=\u00bb{}\u00bb]<\/p>\n<p><span style=\"font-weight: 400;\">Reafirmando su compromiso con la comunidad de Playa Ancha, a trav\u00e9s de la<\/span><b> Mesa Territorial de Desarrollo (MTD)<\/b><span style=\"font-weight: 400;\">, la UPLA contin\u00faa el trabajo junto a esta instancia propiciada en el contexto del <\/span><b>Convenio de Desempe\u00f1o UPA 1301 \u201cInnovaci\u00f3n Social para el desarrollo territorial de Playa Ancha\u201d<\/b><span style=\"font-weight: 400;\">, ejecutado entre los a\u00f1os 2014 y 2017, y que prosigue su trabajo de manera aut\u00f3noma en la actualidad\u00a0 con la participaci\u00f3n de diversas organizaciones vecinales del sector.<\/span><\/p>\n<p><span style=\"font-weight: 400;\">As\u00ed, la Universidad de Playa Ancha se ha hecho parte de las actividades de la MTD, como fue la tercera cuenta p\u00fablica del <\/span><b>Centro Diurno para el Adulto Mayor \u201cLos Buenos Vecinos Playanchinos\u201d<\/b><span style=\"font-weight: 400;\">, quienes han logrado concretar varios hitos de importancia para el desarrollo comunitario en la parte alta de Valpara\u00edso, principalmente con la participaci\u00f3n de la Facultad de Ciencias de la Salud de la Universidad que, a trav\u00e9s de acad\u00e9micas y estudiantes de las carreras de Terapia Ocupacional y Kinesiolog\u00eda, ha continuado trabajando por tercer a\u00f1o junto a los vecinos para el beneficio de los adultos mayores del barrio.<\/span><\/p>\n<p><b>Juan \u00c1lvarez Guzm\u00e1n, Director General de Vinculaci\u00f3n con el Medio<\/b><span style=\"font-weight: 400;\">, destac\u00f3 la participaci\u00f3n de la Universidad en esta instancia, que se ha plasmado en el compromiso y\u00a0 dedicaci\u00f3n con que las acad\u00e9micas y estudiantes de la Facultad de Ciencias de la Salud interact\u00faan con la comunidad de Playa Ancha, lo que da cuenta de la importancia que posee la relaci\u00f3n constante con el territorio y las personas.\u00a0<em> \u201cDurante la cuenta p\u00fablica de la MTD se pudo ver el aporte que ha tenido la Universidad al desarrollo de las capacidades y competencias de liderazgos comunitarios en un territorio determinado, pues esto es reconocido por los actores sociales de Playa Ancha y se ve en la pr\u00e1ctica\u201d.<\/em><\/span><\/p>\n<p><span style=\"font-weight: 400;\">La autoridad\u00a0 tambi\u00e9n resalt\u00f3 lo fundamental de interrelacionarse con el territorio, <em>\u201cevidenciando estos resultados efectivos, lo que da cuenta de una constante innovaci\u00f3n que debemos poner en estadios superiores y ver c\u00f3mo se puede mejorar, replicar, y llevar a otros territorios\u201d.<\/em><\/span><\/p>\n<p><br style=\"font-weight: 400;\" \/><br style=\"font-weight: 400;\" \/><\/p>\n<p>[\/et_pb_text][\/et_pb_column][\/et_pb_row][et_pb_row column_structure=\u00bb2_3,1_3&#8243; _builder_version=\u00bb4.27.4&#8243; _module_preset=\u00bbdefault\u00bb width=\u00bb90%\u00bb global_colors_info=\u00bb{}\u00bb][et_pb_column type=\u00bb2_3&#8243; _builder_version=\u00bb4.27.4&#8243; _module_preset=\u00bbdefault\u00bb global_colors_info=\u00bb{}\u00bb][et_pb_text _builder_version=\u00bb4.27.4&#8243; _module_preset=\u00bbdefault\u00bb text_font=\u00bbLato||||||||\u00bb text_font_size=\u00bb16px\u00bb min_height=\u00bb619px\u00bb custom_margin=\u00bb-46px|||||\u00bb global_colors_info=\u00bb{}\u00bb]<\/p>\n<p><strong>Participaci\u00f3n en la MTD<\/strong><\/p>\n<p>Adem\u00e1s de la cuenta p\u00fablica, la Universidad se hizo parte de una las sesiones mensuales que realiza la Mesa Territorial de Desarrollo de Playa Ancha, en donde participaron el Director Juan \u00c1lvarez y Felipe Rivera de la DGVM. En este contexto, la reuni\u00f3n llevada a cabo en el Deportivo Playa Ancha (DPA), tuvo por objetivo dar a conocer la pol\u00edtica de Vinculaci\u00f3n con el Medio de la UPLA, como tambi\u00e9n presentar a la comunidad la convocatoria de Proyectos de Incubaci\u00f3n y Trabajos de Titulaci\u00f3n que dispone la Direcci\u00f3n, la que se encuentra abierta hasta el 22 de abril.<\/p>\n<p><strong>Felipe Rivera, coordinador de la Unidad de Innovaci\u00f3n Social 3.0 <\/strong>de la DGVM, puntualiz\u00f3 la relevancia de volver a esta instancia de trabajo territorial, ya que \u00e9sta representa para la Universidad una red de colaboraci\u00f3n que re\u00fane a distintas organizaciones de base territorial en Playa Ancha, la que contin\u00faa muy vigente con la incorporaci\u00f3n de nuevos actores institucionales como son la Oficina del Adulto Mayor de la Municipalidad de Valpara\u00edso, el Centro de Salud Familiar de Quebrada Verde, la Comandancia de Bomberos de Playa Ancha, como tambi\u00e9n aquellas agrupaciones sociales que surgieron al alero del mencionado <strong>Convenio de Desempe\u00f1o UPA 1301<\/strong>, como son el Centro Diurno para el Adulto Mayor, el proyecto de Recuperaci\u00f3n del Borde costero \u201cSalvemos las torpederas\u201d, el Teatro Ode\u00f3n, y agrupaciones de comerciantes y artesanos, entre otros.<\/p>\n<p><em>\u201cNo solo debemos estar presentes en la mesa, sino que tambi\u00e9n robustecer nuestra relaci\u00f3n con el entorno, pens\u00e1ndolo como una parte esencial del trabajo de la Universidad, junto con la Investigaci\u00f3n, Docencia y Vinculaci\u00f3n con el Medio, como los tres ejes en donde las necesidades regionales y problemas actuales de la sociedad deben marcar la pauta de nuestro quehacer\u201d<\/em>, indic\u00f3 el coordinador.<\/p>\n<p>A prop\u00f3sito de esta actividad, Juan \u00c1lvarez tambi\u00e9n recalc\u00f3 el compromiso con el territorio y la participaci\u00f3n en la MTD, entendiendo es una relaci\u00f3n que no pueda dejar de existir. <em>\u201cTomamos este contacto con la Mesa, pero continuaremos como uno m\u00e1s. Cuando se gest\u00f3 el Convenio de Desempe\u00f1o UPA 1301, que tiene como expresi\u00f3n la Mesa Territorial de Desarrollo, nos encontr\u00e1bamos liderando el proceso, pero ahora volvemos al territorio y nos reubicamos en la MTD con el prop\u00f3sito de ser uno m\u00e1s y as\u00ed poder colaborar en la medida de nuestras posibilidades\u201d<\/em>, finaliz\u00f3 el director.<\/p>\n<p>La Unidad de Innovaci\u00f3n Social 3.0 de la DGVM es una instancia que se dispone a cargo de promocionar, apoyar, y articular procesos colaborativos, tanto al interior de la Universidad, como hacia el exterior, en torno a la generaci\u00f3n de respuestas y soluciones innovadoras a distintas necesidades y problemas asociados a los territorios.<\/p>\n<p>[\/et_pb_text][\/et_pb_column][et_pb_column type=\u00bb1_3&#8243; _builder_version=\u00bb4.27.4&#8243; _module_preset=\u00bbdefault\u00bb global_colors_info=\u00bb{}\u00bb][et_pb_gallery gallery_ids=\u00bb478,479&#8243; fullwidth=\u00bbon\u00bb _builder_version=\u00bb4.27.4&#8243; _module_preset=\u00bbdefault\u00bb global_colors_info=\u00bb{}\u00bb][\/et_pb_gallery][\/et_pb_column][\/et_pb_row][\/et_pb_section]<\/p>\n","protected":false},"excerpt":{"rendered":"<p>Reafirmando su compromiso con la comunidad de Playa Ancha, a trav\u00e9s de la Mesa Territorial de Desarrollo (MTD), la UPLA contin\u00faa el trabajo junto a esta instancia propiciada en el [&hellip;]<\/p>\n","protected":false},"author":12,"featured_media":480,"comment_status":"closed","ping_status":"closed","sticky":false,"template":"","format":"standard","meta":{"_et_pb_use_builder":"on","_et_pb_old_content":"","_et_gb_content_width":"","_price":"","_stock":"","_tribe_ticket_header":"","_tribe_default_ticket_provider":"","_tribe_ticket_capacity":"","_ticket_start_date":"","_ticket_end_date":"","_tribe_ticket_show_description":"","_tribe_ticket_show_not_going":false,"_tribe_ticket_use_global_stock":"","_tribe_ticket_global_stock_level":"","_global_stock_mode":"","_global_stock_cap":"","_tribe_rsvp_for_event":"","_tribe_ticket_going_count":"","_tribe_ticket_not_going_count":"","_tribe_tickets_list":"[]","_tribe_ticket_has_attendee_info_fields":false,"footnotes":""},"categories":[4],"tags":[],"class_list":["post-17230663","post","type-post","status-publish","format-standard","has-post-thumbnail","hentry","category-noticias"],"_links":{"self":[{"href":"https:\/\/upla.cl\/vinculacion\/wp-json\/wp\/v2\/posts\/17230663","targetHints":{"allow":["GET"]}}],"collection":[{"href":"https:\/\/upla.cl\/vinculacion\/wp-json\/wp\/v2\/posts"}],"about":[{"href":"https:\/\/upla.cl\/vinculacion\/wp-json\/wp\/v2\/types\/post"}],"author":[{"embeddable":true,"href":"https:\/\/upla.cl\/vinculacion\/wp-json\/wp\/v2\/users\/12"}],"replies":[{"embeddable":true,"href":"https:\/\/upla.cl\/vinculacion\/wp-json\/wp\/v2\/comments?post=17230663"}],"version-history":[{"count":5,"href":"https:\/\/upla.cl\/vinculacion\/wp-json\/wp\/v2\/posts\/17230663\/revisions"}],"predecessor-version":[{"id":17231616,"href":"https:\/\/upla.cl\/vinculacion\/wp-json\/wp\/v2\/posts\/17230663\/revisions\/17231616"}],"wp:featuredmedia":[{"embeddable":true,"href":"https:\/\/upla.cl\/vinculacion\/wp-json\/wp\/v2\/media\/480"}],"wp:attachment":[{"href":"https:\/\/upla.cl\/vinculacion\/wp-json\/wp\/v2\/media?parent=17230663"}],"wp:term":[{"taxonomy":"category","embeddable":true,"href":"https:\/\/upla.cl\/vinculacion\/wp-json\/wp\/v2\/categories?post=17230663"},{"taxonomy":"post_tag","embeddable":true,"href":"https:\/\/upla.cl\/vinculacion\/wp-json\/wp\/v2\/tags?post=17230663"}],"curies":[{"name":"wp","href":"https:\/\/api.w.org\/{rel}","templated":true}]}}