{"id":17230782,"date":"2019-06-10T09:30:55","date_gmt":"2019-06-10T13:30:55","guid":{"rendered":"https:\/\/upla.cl\/vinculacion\/?p=17230782"},"modified":"2025-12-15T11:51:21","modified_gmt":"2025-12-15T14:51:21","slug":"estudiantes-se-adjudican-segunda-convocatoria-para-financiamiento-de-practicas-y-trabajos-de-titulacion-de-la-dgvm","status":"publish","type":"post","link":"https:\/\/upla.cl\/vinculacion\/2019\/06\/10\/estudiantes-se-adjudican-segunda-convocatoria-para-financiamiento-de-practicas-y-trabajos-de-titulacion-de-la-dgvm\/","title":{"rendered":"Estudiantes se adjudican segunda convocatoria para financiamiento de pr\u00e1cticas y trabajos de titulaci\u00f3n de la DGVM"},"content":{"rendered":"<p>[et_pb_section fb_built=\u00bb1&#8243; fullwidth=\u00bbon\u00bb _builder_version=\u00bb4.27.4&#8243; _module_preset=\u00bbdefault\u00bb global_colors_info=\u00bb{}\u00bb][et_pb_fullwidth_header title=\u00bbEstudiantes se adjudican segunda convocatoria para financiamiento de pr\u00e1cticas y trabajos de titulaci\u00f3n de la DGVM\u00bb _builder_version=\u00bb4.27.4&#8243; _module_preset=\u00bbdefault\u00bb title_font=\u00bbLato|700|||||||\u00bb title_font_size=\u00bb50px\u00bb subhead_font=\u00bbLato||||||||\u00bb subhead_font_size=\u00bb30px\u00bb background_image=\u00bbhttps:\/\/upla.cl\/vinculacion\/wp-content\/uploads\/2019\/06\/vinculate_practicas_tesis.jpg\u00bb background_blend=\u00bbmultiply\u00bb custom_padding=\u00bb10%||10%||true|false\u00bb title_text_shadow_style=\u00bbpreset5&#8243; subhead_text_shadow_style=\u00bbpreset5&#8243; global_colors_info=\u00bb{}\u00bb][\/et_pb_fullwidth_header][\/et_pb_section][et_pb_section fb_built=\u00bb1&#8243; _builder_version=\u00bb4.27.4&#8243; _module_preset=\u00bbdefault\u00bb custom_margin=\u00bb||||false|false\u00bb custom_padding=\u00bb0px||0px||true|false\u00bb global_colors_info=\u00bb{}\u00bb][et_pb_row column_structure=\u00bb1_3,2_3&#8243; _builder_version=\u00bb4.27.4&#8243; _module_preset=\u00bbdefault\u00bb width=\u00bb90%\u00bb custom_padding=\u00bb||23px|||\u00bb global_colors_info=\u00bb{}\u00bb][et_pb_column type=\u00bb1_3&#8243; _builder_version=\u00bb4.27.4&#8243; _module_preset=\u00bbdefault\u00bb global_colors_info=\u00bb{}\u00bb][et_pb_gallery gallery_ids=\u00bb711&#8243; fullwidth=\u00bbon\u00bb _builder_version=\u00bb4.27.4&#8243; _module_preset=\u00bbdefault\u00bb global_colors_info=\u00bb{}\u00bb][\/et_pb_gallery][\/et_pb_column][et_pb_column type=\u00bb2_3&#8243; _builder_version=\u00bb4.27.4&#8243; _module_preset=\u00bbdefault\u00bb global_colors_info=\u00bb{}\u00bb][et_pb_text _builder_version=\u00bb4.27.4&#8243; _module_preset=\u00bbdefault\u00bb text_font=\u00bbLato||||||||\u00bb text_font_size=\u00bb16px\u00bb global_colors_info=\u00bb{}\u00bb]<\/p>\n<p><span style=\"font-weight: 400;\">La convocatoria para financiar trabajos de titulaci\u00f3n y pr\u00e1cticas profesionales a estudiantes de la Universidad de Playa Ancha ha finalizado en su segunda etapa con la adjudicaci\u00f3n de los fondos a alumnos y alumnas de pregrado de distintas carreras de la UPLA, quienes se ver\u00e1n beneficiados con un apoyo econ\u00f3mico en instancias acad\u00e9micas que apunten hacia tem\u00e1ticas de pertinencia local y regional.<\/span><\/p>\n<p><span style=\"font-weight: 400;\">La convocatoria propiciada por la <\/span><b>Direcci\u00f3n General de Vinculaci\u00f3n con el Medio (DGVM)<\/b><span style=\"font-weight: 400;\">, en el marco del <\/span><b>Convenio de Desempe\u00f1o UPA 1795, recibi\u00f3 en sus dos llamados la postulaci\u00f3n de 27 trabajos de titulaci\u00f3n, de las cuales 23 fueron adjudicadas. De igual modo, de los 24 interesados en el financiamiento de pr\u00e1cticas profesionales, se adjudic\u00f3 el financiamiento a diez estudiantes, quienes podr\u00e1n continuar su trabajo en terreno con apoyo econ\u00f3mico de la UPLA destinado a cubrir <\/b><span style=\"font-weight: 400;\">los gastos que significa esta labor, dando pie a iniciativas que se lleven a cabo bajo un enfoque de desarrollo territorial y ciudadano, y que se enmarquen dentro de una l\u00f3gica bidireccional,\u00a0 generando nuevo conocimiento a partir del di\u00e1logo entre la academia y los saberes del entorno.<\/span><\/p>\n<p>[\/et_pb_text][\/et_pb_column][\/et_pb_row][et_pb_row column_structure=\u00bb3_5,2_5&#8243; _builder_version=\u00bb4.27.4&#8243; _module_preset=\u00bbdefault\u00bb width=\u00bb90%\u00bb custom_margin=\u00bb|auto|-29px|auto||\u00bb custom_padding=\u00bb0px|||||\u00bb global_colors_info=\u00bb{}\u00bb][et_pb_column type=\u00bb3_5&#8243; _builder_version=\u00bb4.27.4&#8243; _module_preset=\u00bbdefault\u00bb global_colors_info=\u00bb{}\u00bb][et_pb_text _builder_version=\u00bb4.27.4&#8243; _module_preset=\u00bbdefault\u00bb text_font_size=\u00bb16px\u00bb global_colors_info=\u00bb{}\u00bb]<\/p>\n<p><strong>Trabajos de Titulaci\u00f3n y Pr\u00e1cticas Profesionales<\/strong><\/p>\n<p><strong>Franssesca Arru\u00e9 Veraldi<\/strong>, estudiante de Periodismo, quien se encuentra en su trabajo de titulaci\u00f3n, destac\u00f3 la instancia de apoyo, explicando que su tesis dedicada al an\u00e1lisis de audiencia en el d\u00eda del patrimonio en cuatro museos de Valpara\u00edso, como son el Palacio Baburizza, Museo Mirador Lukas, Museo de Historia Natural y Museo Mar\u00edtimo Nacional, apunta a realizar un estudio y observaci\u00f3n sobre el p\u00fablico y su relaci\u00f3n con la cultura, observar c\u00f3mo es la comunicaci\u00f3n de los museos con el p\u00fablico, y tambi\u00e9n realizar un perfil de los visitantes, a modo de ver c\u00f3mo los museos pueden mejorar su relaci\u00f3n con las personas y la cultura.<\/p>\n<p><em>\u201cMe parece genial que la Universidad cuente con estos fondos para tesistas, ya que en mi caso que debo hacer entrevistas, estudios de campo, y encuestas, en donde es necesario contar con recursos de apoyo para comprar los implementos necesarios para la investigaci\u00f3n\u201d<\/em>, declar\u00f3 la estudiante.<\/p>\n<p>Por su parte, <strong>Felipe Ortiz y \u00c1lvaro Guti\u00e9rrez<\/strong>, estudiantes de Bibliotecolog\u00eda, se mostraron interesados en la instancia de financiamiento que les permitir\u00e1 continuar desarrollando su trabajo de t\u00edtulo sobre bibliotecas populares, espec\u00edficamente el impacto que pueden tener los archivos en la comunidad de Rodelillo en Valpara\u00edso. <em>\u201cLa idea es tratar de reconstruir el tejido social a trav\u00e9s del archiv\u00edstica, por lo que esta instancia de trabajo se transform\u00f3 en una gran ocasi\u00f3n para participar con los vecinos y vecinas, ver qu\u00e9 es lo que piensan, c\u00f3mo se mueven, ya que es una comunidad muy unidad y se ve que tienen una gran historia que es necesario rescatar antes que se pierda\u201d.<\/em><\/p>\n<p>[\/et_pb_text][\/et_pb_column][et_pb_column type=\u00bb2_5&#8243; _builder_version=\u00bb4.27.4&#8243; _module_preset=\u00bbdefault\u00bb global_colors_info=\u00bb{}\u00bb][et_pb_gallery gallery_ids=\u00bb713,712&#8243; fullwidth=\u00bbon\u00bb _builder_version=\u00bb4.27.4&#8243; _module_preset=\u00bbdefault\u00bb global_colors_info=\u00bb{}\u00bb][\/et_pb_gallery][\/et_pb_column][\/et_pb_row][et_pb_row column_structure=\u00bb1_3,2_3&#8243; _builder_version=\u00bb4.27.4&#8243; _module_preset=\u00bbdefault\u00bb width=\u00bb90%\u00bb custom_padding=\u00bb||23px|||\u00bb global_colors_info=\u00bb{}\u00bb][et_pb_column type=\u00bb1_3&#8243; _builder_version=\u00bb4.27.4&#8243; _module_preset=\u00bbdefault\u00bb global_colors_info=\u00bb{}\u00bb][et_pb_gallery gallery_ids=\u00bb714&#8243; fullwidth=\u00bbon\u00bb _builder_version=\u00bb4.27.4&#8243; _module_preset=\u00bbdefault\u00bb global_colors_info=\u00bb{}\u00bb][\/et_pb_gallery][\/et_pb_column][et_pb_column type=\u00bb2_3&#8243; _builder_version=\u00bb4.27.4&#8243; _module_preset=\u00bbdefault\u00bb global_colors_info=\u00bb{}\u00bb][et_pb_text _builder_version=\u00bb4.27.4&#8243; _module_preset=\u00bbdefault\u00bb text_font=\u00bbLato||||||||\u00bb text_font_size=\u00bb16px\u00bb global_colors_info=\u00bb{}\u00bb]<\/p>\n<p><span style=\"font-weight: 400;\">Finalmente, <\/span><b>Karla Torres, estudiante de Psicolog\u00eda, <\/b><span style=\"font-weight: 400;\">quien se adjudic\u00f3 fondos para apoyar su pr\u00e1ctica profesional se expres\u00f3 expectante por la iniciativa, que le permitir\u00e1\u00a0 continuar financiando los insumos necesarios para su trabajo en el hogar \u00abSanta Teresita de Lisieux\u00bb, perteneciente a SENAME, ubicado en el Cerro Placeres, lugar donde interviene y trabaja junto a 16 ni\u00f1as de entre 5 y 12 a\u00f1os.<\/span><\/p>\n<p><span style=\"font-weight: 400;\"><em>\u201cPara este proceso estaba tratando de conseguir fondos de manera colaborativa, ya que soy trabajadora y estudiante, por lo que no ten\u00eda el financiamiento suficiente para los materiales con lo que trabajo junto a las ni\u00f1as, por lo que esta instancia de financiamiento en la Universidad me parece una oportunidad, un beneficio, que sabr\u00e9 aprovechar mediante el uso del arte como un medio en el desarrollo de habilidades con las ni\u00f1as y la generaci\u00f3n de un manual de convivencia participativa en la comunidad del hogar\u201d<\/em>, concluy\u00f3 Karla Torres.<\/span><\/p>\n<p><br style=\"font-weight: 400;\" \/><br style=\"font-weight: 400;\" \/><\/p>\n<p>[\/et_pb_text][\/et_pb_column][\/et_pb_row][\/et_pb_section]<\/p>\n","protected":false},"excerpt":{"rendered":"<p>La convocatoria para financiar trabajos de titulaci\u00f3n y pr\u00e1cticas profesionales a estudiantes de la Universidad de Playa Ancha ha finalizado en su segunda etapa con la adjudicaci\u00f3n de los fondos [&hellip;]<\/p>\n","protected":false},"author":12,"featured_media":711,"comment_status":"closed","ping_status":"closed","sticky":false,"template":"","format":"standard","meta":{"_et_pb_use_builder":"on","_et_pb_old_content":"","_et_gb_content_width":"","_price":"","_stock":"","_tribe_ticket_header":"","_tribe_default_ticket_provider":"","_tribe_ticket_capacity":"","_ticket_start_date":"","_ticket_end_date":"","_tribe_ticket_show_description":"","_tribe_ticket_show_not_going":false,"_tribe_ticket_use_global_stock":"","_tribe_ticket_global_stock_level":"","_global_stock_mode":"","_global_stock_cap":"","_tribe_rsvp_for_event":"","_tribe_ticket_going_count":"","_tribe_ticket_not_going_count":"","_tribe_tickets_list":"[]","_tribe_ticket_has_attendee_info_fields":false,"footnotes":""},"categories":[4],"tags":[126],"class_list":["post-17230782","post","type-post","status-publish","format-standard","has-post-thumbnail","hentry","category-noticias","tag-vinculate"],"_links":{"self":[{"href":"https:\/\/upla.cl\/vinculacion\/wp-json\/wp\/v2\/posts\/17230782","targetHints":{"allow":["GET"]}}],"collection":[{"href":"https:\/\/upla.cl\/vinculacion\/wp-json\/wp\/v2\/posts"}],"about":[{"href":"https:\/\/upla.cl\/vinculacion\/wp-json\/wp\/v2\/types\/post"}],"author":[{"embeddable":true,"href":"https:\/\/upla.cl\/vinculacion\/wp-json\/wp\/v2\/users\/12"}],"replies":[{"embeddable":true,"href":"https:\/\/upla.cl\/vinculacion\/wp-json\/wp\/v2\/comments?post=17230782"}],"version-history":[{"count":4,"href":"https:\/\/upla.cl\/vinculacion\/wp-json\/wp\/v2\/posts\/17230782\/revisions"}],"predecessor-version":[{"id":17231603,"href":"https:\/\/upla.cl\/vinculacion\/wp-json\/wp\/v2\/posts\/17230782\/revisions\/17231603"}],"wp:featuredmedia":[{"embeddable":true,"href":"https:\/\/upla.cl\/vinculacion\/wp-json\/wp\/v2\/media\/711"}],"wp:attachment":[{"href":"https:\/\/upla.cl\/vinculacion\/wp-json\/wp\/v2\/media?parent=17230782"}],"wp:term":[{"taxonomy":"category","embeddable":true,"href":"https:\/\/upla.cl\/vinculacion\/wp-json\/wp\/v2\/categories?post=17230782"},{"taxonomy":"post_tag","embeddable":true,"href":"https:\/\/upla.cl\/vinculacion\/wp-json\/wp\/v2\/tags?post=17230782"}],"curies":[{"name":"wp","href":"https:\/\/api.w.org\/{rel}","templated":true}]}}