{"id":17230787,"date":"2019-06-12T09:30:10","date_gmt":"2019-06-12T13:30:10","guid":{"rendered":"https:\/\/upla.cl\/vinculacion\/?p=17230787"},"modified":"2025-12-15T11:50:38","modified_gmt":"2025-12-15T14:50:38","slug":"programas-de-magister-upla-aunan-fuerzas-para-generar-proyectos-comunitarios-en-la-formacion-de-actores-sociales-en-la-region","status":"publish","type":"post","link":"https:\/\/upla.cl\/vinculacion\/2019\/06\/12\/programas-de-magister-upla-aunan-fuerzas-para-generar-proyectos-comunitarios-en-la-formacion-de-actores-sociales-en-la-region\/","title":{"rendered":"Programas de Mag\u00edster UPLA a\u00fanan fuerzas para generar proyectos comunitarios en la formaci\u00f3n de actores sociales en la regi\u00f3n"},"content":{"rendered":"<p>[et_pb_section fb_built=\u00bb1&#8243; fullwidth=\u00bbon\u00bb _builder_version=\u00bb4.27.4&#8243; _module_preset=\u00bbdefault\u00bb global_colors_info=\u00bb{}\u00bb][et_pb_fullwidth_header title=\u00bbProgramas de Mag\u00edster UPLA a\u00fanan fuerzas para generar proyectos comunitarios en la formaci\u00f3n de actores sociales en la regi\u00f3n\u00bb _builder_version=\u00bb4.27.4&#8243; _module_preset=\u00bbdefault\u00bb title_font=\u00bbLato|700|||||||\u00bb title_font_size=\u00bb50px\u00bb subhead_font=\u00bbLato||||||||\u00bb subhead_font_size=\u00bb30px\u00bb background_image=\u00bbhttps:\/\/upla.cl\/vinculacion\/wp-content\/uploads\/2019\/06\/IMG_7567.jpg\u00bb background_blend=\u00bbmultiply\u00bb custom_padding=\u00bb10%||10%||true|false\u00bb title_text_shadow_style=\u00bbpreset5&#8243; subhead_text_shadow_style=\u00bbpreset5&#8243; global_colors_info=\u00bb{}\u00bb][\/et_pb_fullwidth_header][\/et_pb_section][et_pb_section fb_built=\u00bb1&#8243; _builder_version=\u00bb4.27.4&#8243; _module_preset=\u00bbdefault\u00bb custom_margin=\u00bb||||false|false\u00bb custom_padding=\u00bb0px||0px||true|false\u00bb global_colors_info=\u00bb{}\u00bb][et_pb_row column_structure=\u00bb1_3,2_3&#8243; _builder_version=\u00bb4.27.4&#8243; _module_preset=\u00bbdefault\u00bb width=\u00bb90%\u00bb global_colors_info=\u00bb{}\u00bb][et_pb_column type=\u00bb1_3&#8243; _builder_version=\u00bb4.27.4&#8243; _module_preset=\u00bbdefault\u00bb global_colors_info=\u00bb{}\u00bb][et_pb_gallery gallery_ids=\u00bb693,694,696,691&#8243; fullwidth=\u00bbon\u00bb _builder_version=\u00bb4.27.4&#8243; _module_preset=\u00bbdefault\u00bb global_colors_info=\u00bb{}\u00bb][\/et_pb_gallery][\/et_pb_column][et_pb_column type=\u00bb2_3&#8243; _builder_version=\u00bb4.27.4&#8243; _module_preset=\u00bbdefault\u00bb global_colors_info=\u00bb{}\u00bb][et_pb_text _builder_version=\u00bb4.27.4&#8243; _module_preset=\u00bbdefault\u00bb text_font=\u00bbLato||||||||\u00bb text_font_size=\u00bb16px\u00bb global_colors_info=\u00bb{}\u00bb]<\/p>\n<p><span style=\"font-weight: 400;\">En el marco de la <\/span><a href=\"https:\/\/www.upla.cl\/noticias\/2019\/05\/31\/upla-consolida-escuela-de-gestion-cultural-comunitaria\/\"><span style=\"font-weight: 400;\">Escuela de Gesti\u00f3n Cultural<\/span><\/a><b> \u2013<\/b><span style=\"font-weight: 400;\">propiciada por <\/span><b>Universidad de Playa Ancha-, a realizarse en el mes <\/b><span style=\"font-weight: 400;\">de septiembre, se dieron cita en la UPLA varios actores relevantes de la regi\u00f3n con quienes se buscar\u00e1 avanzar en distintas iniciativas que puedan fortalecer el trabajo a partir de esta escuela.<\/span><\/p>\n<p><span style=\"font-weight: 400;\">Junto con esto, se reunieron tambi\u00e9n los coordinadores de los programas de Mag\u00edster en Gesti\u00f3n Cultural \u2013perteneciente a la Facultad de Humanidades- y el Mag\u00edster en Arte, menci\u00f3n Patrimonio, de la Facultad de Arte, con la intenci\u00f3n de generar oportunidades en conjunto, considerando el \u00e1mbito de la cultura y patrimonio en que se basan los programas.<\/span><\/p>\n<p><span style=\"font-weight: 400;\">La instancia, que cont\u00f3 con la presencia de representantes del Departamento de Desarrollo Cultural\u00a0 de la Municipalidad de Valpara\u00edso, Asesor\u00eda Patrimonial de Quilpu\u00e9, Rotary Club\u00a0 de Olmu\u00e9 y la editorial Am\u00e9rica en Movimiento,\u00a0 se abord\u00f3 desde la perspectiva de ampliar el \u00e1rea de acci\u00f3n de la mencionada Escuela de Gesti\u00f3n Cultural, a modo de no solo formar gestores en Valpara\u00edso, sino que tambi\u00e9n replicar el programa en otras comunas de la regi\u00f3n, sumando otras entidades, instituciones, y corporaciones que se han interesado por un proyecto de gran impacto en las comunidades y territorios.<\/span><\/p>\n<p><span style=\"font-weight: 400;\">As\u00ed, la propuesta se ver\u00e1 reflejada en la posibilidad de formar a gestores culturales en la comunidad que participen directamente con la cultura, la gesti\u00f3n del patrimonio. Esta contar\u00e1 con una visi\u00f3n unificada de estas \u00e1reas, teniendo una conceptualizaci\u00f3n de la labor social a partir de un \u00e1mbito que hace part\u00edcipe a todos los actores del entorno.<\/span><\/p>\n<p>[\/et_pb_text][\/et_pb_column][\/et_pb_row][et_pb_row column_structure=\u00bb3_5,2_5&#8243; _builder_version=\u00bb4.27.4&#8243; _module_preset=\u00bbdefault\u00bb width=\u00bb90%\u00bb global_colors_info=\u00bb{}\u00bb][et_pb_column type=\u00bb3_5&#8243; _builder_version=\u00bb4.27.4&#8243; _module_preset=\u00bbdefault\u00bb global_colors_info=\u00bb{}\u00bb][et_pb_text _builder_version=\u00bb4.27.4&#8243; _module_preset=\u00bbdefault\u00bb text_font_size=\u00bb16px\u00bb custom_margin=\u00bb|-44px||||\u00bb custom_padding=\u00bb|0px||||\u00bb global_colors_info=\u00bb{}\u00bb]<\/p>\n<p><strong>Hugo Castro, acad\u00e9mico y coordinador del Mag\u00edster en Gesti\u00f3n Cultural de la Facultad de Humanidades<\/strong>, destac\u00f3 la instancia, en particular por la posibilidad de ampliar el programa a m\u00e1s actores sociales. <em>\u201cLo que motiva esto es seguir la l\u00f3gica expresada desde la Vinculaci\u00f3n con el Medio, respecto a generar un v\u00ednculo interno en la universidad, proyectando as\u00ed esta vinculaci\u00f3n con la comunidad, espec\u00edficamente en el fomento a la gesti\u00f3n cultural comunitaria en las comunas de Quilpu\u00e9, Olmu\u00e9, Limache y Valpara\u00edso\u201d<\/em>, puntualiz\u00f3 el coordinador.<\/p>\n<p>Por su parte,<strong> Marco Mu\u00f1oz, acad\u00e9mico y coordinador del Mag\u00edster en Arte menci\u00f3n Patrimonio de la Facultad de Arte<\/strong>, se refiri\u00f3 a la importancia de integrar las visiones de ambos programas de mag\u00edster, buscando una visi\u00f3n m\u00e1s completa del \u00e1rea de acci\u00f3n, enfatizando que<em> \u201ces una tremenda responsabilidad entender la vinculaci\u00f3n desde el territorio, especialmente comprendiendo que \u00e9sta no es posible si no existe una vinculaci\u00f3n interna. Esto nos permite aunar algunos enfoques parciales para tener un enfoque institucional, y cuando hablemos de bidireccionalidad, cuando midamos la contribuci\u00f3n interna y externa, no la midamos por programas, sino institucionalmente y trabajemos por un sistema de calidad institucional\u201d.<\/em><\/p>\n<p>Finalmente, desde la Direcci\u00f3n de Cultura de la Municipalidad de Valpara\u00edso, la <strong>soci\u00f3loga Claudia Ulloa<\/strong> valor\u00f3 continua colaboraci\u00f3n de la UPLA con el municipio porte\u00f1o, haciendo hincapi\u00e9 en las oportunidades que esta instancia significa para los y las participantes en el campo laboral de la gesti\u00f3n cultura.<\/p>\n<p><em>\u201cLa idea es que esta escuela se fortalezca, pues es un nuevo foco de desarrollo laboral tambi\u00e9n, ya que en esta modalidad de autogesti\u00f3n y nuevas formas de trabajo, esto tiene una buena llegada. Adem\u00e1s, marca la impronta de la UPLA como una universidad popular y educadora, que est\u00e1 preocupada de llegar a todas las clases sociales, a acceder a quienes tienen menos oportunidades para estudiar, eso me parece muy importante, y ese es el perfil que le hemos dado a las escuelas de gesti\u00f3n cultural\u201d<\/em>, puntualiz\u00f3 Claudia Ulloa.<\/p>\n<p>[\/et_pb_text][\/et_pb_column][et_pb_column type=\u00bb2_5&#8243; _builder_version=\u00bb4.27.4&#8243; _module_preset=\u00bbdefault\u00bb global_colors_info=\u00bb{}\u00bb][et_pb_gallery gallery_ids=\u00bb689,697,688,695&#8243; fullwidth=\u00bbon\u00bb _builder_version=\u00bb4.27.4&#8243; _module_preset=\u00bbdefault\u00bb custom_margin=\u00bb|||15px||\u00bb global_colors_info=\u00bb{}\u00bb][\/et_pb_gallery][\/et_pb_column][\/et_pb_row][\/et_pb_section]<\/p>\n","protected":false},"excerpt":{"rendered":"<p>En el marco de la Escuela de Gesti\u00f3n Cultural \u2013propiciada por Universidad de Playa Ancha-, a realizarse en el mes de septiembre, se dieron cita en la UPLA varios actores [&hellip;]<\/p>\n","protected":false},"author":12,"featured_media":694,"comment_status":"closed","ping_status":"closed","sticky":false,"template":"","format":"standard","meta":{"_et_pb_use_builder":"on","_et_pb_old_content":"","_et_gb_content_width":"","_price":"","_stock":"","_tribe_ticket_header":"","_tribe_default_ticket_provider":"","_tribe_ticket_capacity":"","_ticket_start_date":"","_ticket_end_date":"","_tribe_ticket_show_description":"","_tribe_ticket_show_not_going":false,"_tribe_ticket_use_global_stock":"","_tribe_ticket_global_stock_level":"","_global_stock_mode":"","_global_stock_cap":"","_tribe_rsvp_for_event":"","_tribe_ticket_going_count":"","_tribe_ticket_not_going_count":"","_tribe_tickets_list":"[]","_tribe_ticket_has_attendee_info_fields":false,"footnotes":""},"categories":[4],"tags":[],"class_list":["post-17230787","post","type-post","status-publish","format-standard","has-post-thumbnail","hentry","category-noticias"],"_links":{"self":[{"href":"https:\/\/upla.cl\/vinculacion\/wp-json\/wp\/v2\/posts\/17230787","targetHints":{"allow":["GET"]}}],"collection":[{"href":"https:\/\/upla.cl\/vinculacion\/wp-json\/wp\/v2\/posts"}],"about":[{"href":"https:\/\/upla.cl\/vinculacion\/wp-json\/wp\/v2\/types\/post"}],"author":[{"embeddable":true,"href":"https:\/\/upla.cl\/vinculacion\/wp-json\/wp\/v2\/users\/12"}],"replies":[{"embeddable":true,"href":"https:\/\/upla.cl\/vinculacion\/wp-json\/wp\/v2\/comments?post=17230787"}],"version-history":[{"count":3,"href":"https:\/\/upla.cl\/vinculacion\/wp-json\/wp\/v2\/posts\/17230787\/revisions"}],"predecessor-version":[{"id":17231602,"href":"https:\/\/upla.cl\/vinculacion\/wp-json\/wp\/v2\/posts\/17230787\/revisions\/17231602"}],"wp:featuredmedia":[{"embeddable":true,"href":"https:\/\/upla.cl\/vinculacion\/wp-json\/wp\/v2\/media\/694"}],"wp:attachment":[{"href":"https:\/\/upla.cl\/vinculacion\/wp-json\/wp\/v2\/media?parent=17230787"}],"wp:term":[{"taxonomy":"category","embeddable":true,"href":"https:\/\/upla.cl\/vinculacion\/wp-json\/wp\/v2\/categories?post=17230787"},{"taxonomy":"post_tag","embeddable":true,"href":"https:\/\/upla.cl\/vinculacion\/wp-json\/wp\/v2\/tags?post=17230787"}],"curies":[{"name":"wp","href":"https:\/\/api.w.org\/{rel}","templated":true}]}}