{"id":17230884,"date":"2024-03-05T10:23:29","date_gmt":"2024-03-05T13:23:29","guid":{"rendered":"https:\/\/upla.cl\/vinculacion\/?p=17230884"},"modified":"2026-07-01T16:47:32","modified_gmt":"2026-07-01T20:47:32","slug":"proyecto-upa-2395-busca-estudiantes-ayudantes-para-valparaiso-concon-y-san-felipe","status":"publish","type":"post","link":"https:\/\/upla.cl\/vinculacion\/2024\/03\/05\/proyecto-upa-2395-busca-estudiantes-ayudantes-para-valparaiso-concon-y-san-felipe\/","title":{"rendered":"Proyecto UPA 2395 busca estudiantes ayudantes para Valpara\u00edso, Conc\u00f3n y San Felipe"},"content":{"rendered":"<p>[et_pb_section fb_built=\u00bb1&#8243; fullwidth=\u00bbon\u00bb _builder_version=\u00bb4.27.4&#8243; _module_preset=\u00bbdefault\u00bb global_colors_info=\u00bb{}\u00bb][et_pb_fullwidth_header title=\u00bbProyecto UPA 2395 busca estudiantes ayudantes para Valpara\u00edso, Conc\u00f3n y San Felipe\u00bb _builder_version=\u00bb4.27.4&#8243; _module_preset=\u00bbdefault\u00bb title_font=\u00bbLato|700|||||||\u00bb title_font_size=\u00bb50px\u00bb subhead_font=\u00bbLato||||||||\u00bb subhead_font_size=\u00bb30px\u00bb background_image=\u00bbhttps:\/\/upla.cl\/vinculacion\/wp-content\/uploads\/2025\/06\/14443462839_9becd87230_c.jpg\u00bb background_blend=\u00bbmultiply\u00bb custom_padding=\u00bb10%||10%||true|false\u00bb title_text_shadow_style=\u00bbpreset5&#8243; subhead_text_shadow_style=\u00bbpreset5&#8243; global_colors_info=\u00bb{}\u00bb][\/et_pb_fullwidth_header][\/et_pb_section][et_pb_section fb_built=\u00bb1&#8243; _builder_version=\u00bb4.27.4&#8243; _module_preset=\u00bbdefault\u00bb custom_margin=\u00bb||||false|false\u00bb custom_padding=\u00bb0px||0px||true|false\u00bb global_colors_info=\u00bb{}\u00bb][et_pb_row _builder_version=\u00bb4.27.4&#8243; _module_preset=\u00bbdefault\u00bb global_colors_info=\u00bb{}\u00bb][et_pb_column type=\u00bb4_4&#8243; _builder_version=\u00bb4.27.4&#8243; _module_preset=\u00bbdefault\u00bb global_colors_info=\u00bb{}\u00bb][et_pb_text _builder_version=\u00bb4.27.4&#8243; _module_preset=\u00bbdefault\u00bb text_font=\u00bbLato||||||||\u00bb text_font_size=\u00bb16px\u00bb global_colors_info=\u00bb{}\u00bb]<\/p>\n<p>&nbsp;<\/p>\n<p>La Universidad de Playa Ancha, en el marco del Proyecto Fortalecimiento Institucional del Plan de Fortalecimiento Universidades Estatales a\u00f1o 2023 UPA 2395, \u00abContribuci\u00f3n al fortalecimiento de aprendizajes esperados de ni\u00f1os, ni\u00f1as y adolescentes mediante la implementaci\u00f3n de un modelo relacional dial\u00f3gico co-construido con perspectiva de g\u00e9nero e interculturalidad entre la formaci\u00f3n inicial docente y las comunidades escolares de las comunas de Valpara\u00edso, San Felipe y Conc\u00f3n\u00ab, llama a Concurso P\u00fablico con el fin de proveer los servicios profesionales de \u201cEstudiante ayudante\u201d con calidad contractual honorario asimilado en la Escala de Remuneraciones de la Universidad de Playa Ancha.<\/p>\n<p>Este concurso de ingreso a honorario, se ajusta a la normativa establecida en el D.F.L. N\u00b0 29\/05, que fija el texto refundido, coordinado y sistematizado de la Ley N\u00b0 18.834, sobre Estatuto Administrativo, a los Estatutos de la Universidad de Playa Ancha contenidos en el D.F.L N\u00b0 7, de 2016, del Ministerio de Educaci\u00f3n.<\/p>\n<p><strong>Objetivos del cargo:<\/strong><\/p>\n<p>El proyecto tiene como objetivo contribuir al fortalecimiento de los aprendizajes esperados en ni\u00f1os, ni\u00f1as y adolescentes identificados como necesidad de mejora por la comunidad educativa, mediante la implementaci\u00f3n de un modelo relacional dial\u00f3gico co-construido con perspectiva de g\u00e9nero e interculturalidad entre la formaci\u00f3n inicial docente y las comunidades escolares de las comunas de Valpara\u00edso, San Felipe y Conc\u00f3n.<\/p>\n<p>El o la ayudante estudiante, debe brindar apoyo permanente a las y los profesionales que conformar\u00e1n las mesas de trabajo por establecimiento educacional, en las etapas de creaci\u00f3n e implementaci\u00f3n del modelo dial\u00f3gico.<\/p>\n<p>Adem\u00e1s, debe asistir a las y los profesionales de manera administrativa y pr\u00e1ctica en la elaboraci\u00f3n de documentos y aplicaci\u00f3n de instrumentos de recolecci\u00f3n de datos en los establecimientos educacionales.<\/p>\n<p><strong>Perfil de requerido:<\/strong><\/p>\n<p>Estudiante ayudante<\/p>\n<ul>\n<li>Estudiante de segundo a\u00f1o o superior de las carreras de la Universidad de Playa Ancha.<\/li>\n<\/ul>\n<p>Requisito deseable:<\/p>\n<ul>\n<li>Tener promedio general superior a 5.0.<\/li>\n<li>Estar cursando actividades curriculares del tercer semestre.<\/li>\n<li>No haber reprobado m\u00e1s de 3 asignaturas de su malla curricular.<\/li>\n<li>No haber reprobado asignaturas en segunda oportunidad.<\/li>\n<\/ul>\n<p><strong>Principales Funciones del Cargo<\/strong><\/p>\n<ul>\n<li>Apoyar en la organizaci\u00f3n y ejecuci\u00f3n de reuniones.<\/li>\n<li>Apoyar en la confecci\u00f3n y sistematizaci\u00f3n de documentos administrativos.<\/li>\n<li>Apoyar la labor del coordinador docente y el facilitador intercultural.<\/li>\n<\/ul>\n<p><strong>Habilidades espec\u00edficas para el cargo:<\/strong><\/p>\n<p>Manejo intermedio de TICs (Windows, proyectores, office 365, herramienta de google, canva y otros).<\/p>\n<p><strong>Requisitos generales:<\/strong><\/p>\n<ul>\n<li>Excelentes habilidades de comunicaci\u00f3n asertiva.<\/li>\n<li>Capacidad de organizaci\u00f3n y trabajo en equipo.<\/li>\n<li>Responsabilidad, compromiso y puntualidad.<\/li>\n<li>Inter\u00e9s en perspectivas de g\u00e9nero e interculturalidad en la educaci\u00f3n.<\/li>\n<li>Residencia en la comuna donde se ejecute el proyecto (deseable).<\/li>\n<\/ul>\n<p><strong>Antecedentes requeridos para la postulaci\u00f3n:<\/strong><\/p>\n<p>Para formalizar la postulaci\u00f3n y participar en el proceso de selecci\u00f3n, los\/as interesados\/as deber\u00e1n presentar la siguiente documentaci\u00f3n:<\/p>\n<ul>\n<li>Curr\u00edculum vitae, seg\u00fan formato adjunto Anexo N\u00b01.<\/li>\n<li>Fotocopia simple de la C\u00e9dula Nacional de Identidad.<\/li>\n<li>Certificado de Antecedentes.<\/li>\n<li>Carta de presentaci\u00f3n y motivaci\u00f3n por el cargo, de un m\u00e1ximo de una carilla, tama\u00f1o carta, fuente Arial 12 (formato libre).<\/li>\n<\/ul>\n<p>Los archivos enviados deben remitirse seg\u00fan formatos y especificaciones se\u00f1aladas en el instructivo que forma parte de las presentes bases (Anexos).<\/p>\n<p>El llamado a concurso se inicia el 06 de marzo de 2024 con vigencia hasta el 15 de marzo. Sobre la postulaci\u00f3n, los archivos deben remitirse al correo electr\u00f3nico proyectoupa2395@upla.cl con copia a diego.verdejo@upla.cl, se debe agregar al asunto del correo el texto \u201cUPA 2395 \u201cConcurso Estudiante Ayudante\u201d.<\/p>\n<p>[\/et_pb_text][\/et_pb_column][\/et_pb_row][et_pb_row _builder_version=\u00bb4.27.4&#8243; _module_preset=\u00bbdefault\u00bb custom_padding=\u00bb1px|||||\u00bb global_colors_info=\u00bb{}\u00bb][et_pb_column type=\u00bb4_4&#8243; _builder_version=\u00bb4.27.4&#8243; _module_preset=\u00bbdefault\u00bb global_colors_info=\u00bb{}\u00bb][et_pb_button button_url=\u00bbhttps:\/\/upla.cl\/vinculacion\/wp-content\/uploads\/2024\/03\/2395-Estudiante-ayudante-Valparaiso-y-Concon.docx.pdf\u00bb url_new_window=\u00bbon\u00bb button_text=\u00bbBases\u00bb _builder_version=\u00bb4.27.4&#8243; _module_preset=\u00bbdefault\u00bb custom_button=\u00bbon\u00bb button_text_color=\u00bb#FFFFFF\u00bb button_bg_color=\u00bb#009fe3&#8243; button_icon=\u00bb&#x69;||divi||400&#8243; global_colors_info=\u00bb{}\u00bb][\/et_pb_button][\/et_pb_column][\/et_pb_row][\/et_pb_section]<\/p>\n","protected":false},"excerpt":{"rendered":"<p>&nbsp; La Universidad de Playa Ancha, en el marco del Proyecto Fortalecimiento Institucional del Plan de Fortalecimiento Universidades Estatales a\u00f1o 2023 UPA 2395, \u00abContribuci\u00f3n al fortalecimiento de aprendizajes esperados de [&hellip;]<\/p>\n","protected":false},"author":8,"featured_media":9169,"comment_status":"closed","ping_status":"closed","sticky":false,"template":"","format":"standard","meta":{"_et_pb_use_builder":"on","_et_pb_old_content":"","_et_gb_content_width":"","_price":"","_stock":"","_tribe_ticket_header":"","_tribe_default_ticket_provider":"","_tribe_ticket_capacity":"","_ticket_start_date":"","_ticket_end_date":"","_tribe_ticket_show_description":"","_tribe_ticket_show_not_going":false,"_tribe_ticket_use_global_stock":"","_tribe_ticket_global_stock_level":"","_global_stock_mode":"","_global_stock_cap":"","_tribe_rsvp_for_event":"","_tribe_ticket_going_count":"","_tribe_ticket_not_going_count":"","_tribe_tickets_list":"[]","_tribe_ticket_has_attendee_info_fields":false,"footnotes":""},"categories":[4],"tags":[],"class_list":["post-17230884","post","type-post","status-publish","format-standard","has-post-thumbnail","hentry","category-noticias"],"_links":{"self":[{"href":"https:\/\/upla.cl\/vinculacion\/wp-json\/wp\/v2\/posts\/17230884","targetHints":{"allow":["GET"]}}],"collection":[{"href":"https:\/\/upla.cl\/vinculacion\/wp-json\/wp\/v2\/posts"}],"about":[{"href":"https:\/\/upla.cl\/vinculacion\/wp-json\/wp\/v2\/types\/post"}],"author":[{"embeddable":true,"href":"https:\/\/upla.cl\/vinculacion\/wp-json\/wp\/v2\/users\/8"}],"replies":[{"embeddable":true,"href":"https:\/\/upla.cl\/vinculacion\/wp-json\/wp\/v2\/comments?post=17230884"}],"version-history":[{"count":6,"href":"https:\/\/upla.cl\/vinculacion\/wp-json\/wp\/v2\/posts\/17230884\/revisions"}],"predecessor-version":[{"id":17235762,"href":"https:\/\/upla.cl\/vinculacion\/wp-json\/wp\/v2\/posts\/17230884\/revisions\/17235762"}],"wp:featuredmedia":[{"embeddable":true,"href":"https:\/\/upla.cl\/vinculacion\/wp-json\/wp\/v2\/media\/9169"}],"wp:attachment":[{"href":"https:\/\/upla.cl\/vinculacion\/wp-json\/wp\/v2\/media?parent=17230884"}],"wp:term":[{"taxonomy":"category","embeddable":true,"href":"https:\/\/upla.cl\/vinculacion\/wp-json\/wp\/v2\/categories?post=17230884"},{"taxonomy":"post_tag","embeddable":true,"href":"https:\/\/upla.cl\/vinculacion\/wp-json\/wp\/v2\/tags?post=17230884"}],"curies":[{"name":"wp","href":"https:\/\/api.w.org\/{rel}","templated":true}]}}