{"id":17232587,"date":"2019-10-09T16:39:00","date_gmt":"2019-10-09T19:39:00","guid":{"rendered":"https:\/\/upla.cl\/vinculacion\/?p=17232587"},"modified":"2026-01-06T17:04:22","modified_gmt":"2026-01-06T20:04:22","slug":"exposicion-por-los-100-anos-del-deportivo-de-playa-ancha-se-inaugura-en-galeria-crearte-de-la-upla","status":"publish","type":"post","link":"https:\/\/upla.cl\/vinculacion\/2019\/10\/09\/exposicion-por-los-100-anos-del-deportivo-de-playa-ancha-se-inaugura-en-galeria-crearte-de-la-upla\/","title":{"rendered":"Exposici\u00f3n por los 100 a\u00f1os del Deportivo de Playa Ancha se inaugura en galer\u00eda CreArte de la UPLA"},"content":{"rendered":"\n[et_pb_section fb_built=\u00bb1&#8243; fullwidth=\u00bbon\u00bb _builder_version=\u00bb4.27.4&#8243; _module_preset=\u00bbdefault\u00bb global_colors_info=\u00bb{}\u00bb theme_builder_area=\u00bbpost_content\u00bb][et_pb_fullwidth_header title=\u00bbExposici\u00f3n por los 100 a\u00f1os del Deportivo de Playa Ancha se inaugura en galer\u00eda CreArte de la UPLA\u00bb _builder_version=\u00bb4.27.5&#8243; _module_preset=\u00bbdefault\u00bb title_font=\u00bbLato|700|||||||\u00bb title_font_size=\u00bb50px\u00bb subhead_font=\u00bbLato||||||||\u00bb subhead_font_size=\u00bb30px\u00bb background_image=\u00bbhttps:\/\/upla.cl\/vinculacion\/wp-content\/uploads\/2019\/10\/IMG_9603.jpg\u00bb background_blend=\u00bbmultiply\u00bb custom_padding=\u00bb10%||10%||true|false\u00bb hover_enabled=\u00bb0&#8243; title_text_shadow_style=\u00bbpreset5&#8243; subhead_text_shadow_style=\u00bbpreset5&#8243; global_colors_info=\u00bb{}\u00bb theme_builder_area=\u00bbpost_content\u00bb title_text=\u00bbExposici\u00f3n por los 100 a\u00f1os del Deportivo de Playa Ancha se inaugura en galer\u00eda CreArte de la UPLA\u00bb sticky_enabled=\u00bb0&#8243;][\/et_pb_fullwidth_header][\/et_pb_section][et_pb_section fb_built=\u00bb1&#8243; _builder_version=\u00bb4.27.4&#8243; _module_preset=\u00bbdefault\u00bb custom_margin=\u00bb||||false|false\u00bb custom_padding=\u00bb0px||0px||true|false\u00bb global_colors_info=\u00bb{}\u00bb theme_builder_area=\u00bbpost_content\u00bb][et_pb_row column_structure=\u00bb1_3,2_3&#8243; _builder_version=\u00bb4.27.4&#8243; _module_preset=\u00bbdefault\u00bb width=\u00bb90%\u00bb global_colors_info=\u00bb{}\u00bb theme_builder_area=\u00bbpost_content\u00bb][et_pb_column type=\u00bb1_3&#8243; _builder_version=\u00bb4.27.4&#8243; _module_preset=\u00bbdefault\u00bb global_colors_info=\u00bb{}\u00bb theme_builder_area=\u00bbpost_content\u00bb][et_pb_gallery gallery_ids=\u00bb1185,1184,1183,1182,1181,1178,1177,1176,1175,1174,1173,1172,1171,1170,1169,1168,1167,1193&#8243; fullwidth=\u00bbon\u00bb _builder_version=\u00bb4.27.5&#8243; _module_preset=\u00bbdefault\u00bb hover_enabled=\u00bb0&#8243; global_colors_info=\u00bb{}\u00bb theme_builder_area=\u00bbpost_content\u00bb sticky_enabled=\u00bb0&#8243;][\/et_pb_gallery][\/et_pb_column][et_pb_column type=\u00bb2_3&#8243; _builder_version=\u00bb4.27.4&#8243; _module_preset=\u00bbdefault\u00bb global_colors_info=\u00bb{}\u00bb theme_builder_area=\u00bbpost_content\u00bb][et_pb_text _builder_version=\u00bb4.27.5&#8243; _module_preset=\u00bbdefault\u00bb text_font=\u00bbLato||||||||\u00bb text_font_size=\u00bb16px\u00bb hover_enabled=\u00bb0&#8243; global_colors_info=\u00bb{}\u00bb theme_builder_area=\u00bbpost_content\u00bb sticky_enabled=\u00bb0&#8243;]<p><span style=\"font-weight: 400;\">En la galer\u00eda CreArte de la Universidad de Playa Ancha (ubicada en la Biblioteca Central, Av. Guillermo Gonz\u00e1lez de <\/span><i><span style=\"font-weight: 400;\">Hontaneda<\/span><\/i><span style=\"font-weight: 400;\"> N\u00ba 855) \u00a0 se llev\u00f3 a cabo la inauguraci\u00f3n de la muestra que da cuenta de la rica historia del <\/span><b>Club Deportivo de Playa Ancha (DPA)<\/b><span style=\"font-weight: 400;\"> en sus cien a\u00f1os de existencia.\u00a0 La actividad, que se realiz\u00f3 en el marco de este centenario a cumplirse en octubre, cont\u00f3 con la presencia de un gran n\u00famero de socios y socias del club, adem\u00e1s de antiguas glorias deportistas de Playa Ancha.<\/span><\/p>\n<p><b>Mart\u00edn L\u00f3pez, presidente del DPA,<\/b><span style=\"font-weight: 400;\"> se expres\u00f3 agradecido por la oportunidad de mostrar la historia del club en un espacio de la Universidad, particularmente por lo que significa el centenario para la historia del deporte en Valpara\u00edso.<em> \u00abPara nosotros es un honor poder contar con esta exposici\u00f3n en la Universidad, el DPA en sus cien a\u00f1os est\u00e1 muy ligado a lo que es el acontecer playanchino, y en ese aspecto la UPLA ha sido un fiel aliado en esta celebraci\u00f3n, por lo que reitero mis agradecimientos a la instituci\u00f3n y a su Rector, Patricio Sanhueza, por el apoyo en el lanzamiento del libro y en esta exposici\u00f3n donde mostramos la historia de nuestra querida instituci\u00f3n\u00bb.<\/em><\/span><\/p>\n<p><span style=\"font-weight: 400;\">As\u00ed, la exposici\u00f3n se suma a la presentaci\u00f3n del libro \u00ab100 a\u00f1os DPA\u00bb, realizada en la UPLA, hechos que dan cuenta de la relevancia que el centenario significa para la comunidad playanchina, de la cual la UPLA es parte.<\/span><\/p>\n<p><b>Carmen Gloria Arlegui, Directora de la Biblioteca Central UPLA<\/b><span style=\"font-weight: 400;\">, donde se monta la exposici\u00f3n, indic\u00f3 que con esta muestra <em>\u00abde alguna manera estamos cumpliendo con la misi\u00f3n de la Universidad,\u00a0 que tiene que ver con abrirnos completamente a nuestro medio, cumpliendo as\u00ed con la misi\u00f3n de ser una instituci\u00f3n p\u00fablica, donde tenemos la oportunidad de compartir todo esto, ya sea la docencia e instancias como \u00e9sta, que tienen mucha importancia en cuanto la relaci\u00f3n con nuestro entorno\u00bb.<\/em><\/span><\/p>\n<p><br style=\"font-weight: 400;\" \/><br style=\"font-weight: 400;\" \/><\/p>[\/et_pb_text][\/et_pb_column][\/et_pb_row][\/et_pb_section]\n","protected":false},"excerpt":{"rendered":"<p>En la galer\u00eda CreArte de la Universidad de Playa Ancha (ubicada en la Biblioteca Central, Av. Guillermo Gonz\u00e1lez de Hontaneda N\u00ba 855) \u00a0 se llev\u00f3 a cabo la inauguraci\u00f3n de [&hellip;]<\/p>\n","protected":false},"author":12,"featured_media":1184,"comment_status":"closed","ping_status":"closed","sticky":false,"template":"","format":"standard","meta":{"_et_pb_use_builder":"on","_et_pb_old_content":"","_et_gb_content_width":"2880","_price":"","_stock":"","_tribe_ticket_header":"","_tribe_default_ticket_provider":"","_tribe_ticket_capacity":"","_ticket_start_date":"","_ticket_end_date":"","_tribe_ticket_show_description":"","_tribe_ticket_show_not_going":false,"_tribe_ticket_use_global_stock":"","_tribe_ticket_global_stock_level":"","_global_stock_mode":"","_global_stock_cap":"","_tribe_rsvp_for_event":"","_tribe_ticket_going_count":"","_tribe_ticket_not_going_count":"","_tribe_tickets_list":"[]","_tribe_ticket_has_attendee_info_fields":false,"footnotes":""},"categories":[4],"tags":[],"class_list":["post-17232587","post","type-post","status-publish","format-standard","has-post-thumbnail","hentry","category-noticias"],"_links":{"self":[{"href":"https:\/\/upla.cl\/vinculacion\/wp-json\/wp\/v2\/posts\/17232587","targetHints":{"allow":["GET"]}}],"collection":[{"href":"https:\/\/upla.cl\/vinculacion\/wp-json\/wp\/v2\/posts"}],"about":[{"href":"https:\/\/upla.cl\/vinculacion\/wp-json\/wp\/v2\/types\/post"}],"author":[{"embeddable":true,"href":"https:\/\/upla.cl\/vinculacion\/wp-json\/wp\/v2\/users\/12"}],"replies":[{"embeddable":true,"href":"https:\/\/upla.cl\/vinculacion\/wp-json\/wp\/v2\/comments?post=17232587"}],"version-history":[{"count":4,"href":"https:\/\/upla.cl\/vinculacion\/wp-json\/wp\/v2\/posts\/17232587\/revisions"}],"predecessor-version":[{"id":17232594,"href":"https:\/\/upla.cl\/vinculacion\/wp-json\/wp\/v2\/posts\/17232587\/revisions\/17232594"}],"wp:featuredmedia":[{"embeddable":true,"href":"https:\/\/upla.cl\/vinculacion\/wp-json\/wp\/v2\/media\/1184"}],"wp:attachment":[{"href":"https:\/\/upla.cl\/vinculacion\/wp-json\/wp\/v2\/media?parent=17232587"}],"wp:term":[{"taxonomy":"category","embeddable":true,"href":"https:\/\/upla.cl\/vinculacion\/wp-json\/wp\/v2\/categories?post=17232587"},{"taxonomy":"post_tag","embeddable":true,"href":"https:\/\/upla.cl\/vinculacion\/wp-json\/wp\/v2\/tags?post=17232587"}],"curies":[{"name":"wp","href":"https:\/\/api.w.org\/{rel}","templated":true}]}}