{"id":17232743,"date":"2019-12-12T15:03:00","date_gmt":"2019-12-12T18:03:00","guid":{"rendered":"https:\/\/upla.cl\/vinculacion\/?p=17232743"},"modified":"2026-01-08T15:18:28","modified_gmt":"2026-01-08T18:18:28","slug":"dra-cecilia-rivera-difunde-en-colegio-guardiamarina-riquelme-problema-ambiental-de-laguna-verde","status":"publish","type":"post","link":"https:\/\/upla.cl\/vinculacion\/2019\/12\/12\/dra-cecilia-rivera-difunde-en-colegio-guardiamarina-riquelme-problema-ambiental-de-laguna-verde\/","title":{"rendered":"Dra. Cecilia Rivera difunde en colegio Guardiamarina Riquelme problema ambiental de Laguna Verde"},"content":{"rendered":"\n[et_pb_section fb_built=\u00bb1&#8243; fullwidth=\u00bbon\u00bb _builder_version=\u00bb4.27.4&#8243; _module_preset=\u00bbdefault\u00bb global_colors_info=\u00bb{}\u00bb][et_pb_fullwidth_header title=\u00bbDra. Cecilia Rivera difunde en colegio Guardiamarina Riquelme problema ambiental de Laguna Verde\u00bb _builder_version=\u00bb4.27.5&#8243; _module_preset=\u00bbdefault\u00bb title_font=\u00bbLato|700|||||||\u00bb title_font_size=\u00bb50px\u00bb subhead_font=\u00bbLato||||||||\u00bb subhead_font_size=\u00bb30px\u00bb background_image=\u00bbhttps:\/\/upla.cl\/vinculacion\/wp-content\/uploads\/2019\/12\/cecilia_rivera_colegio.jpg\u00bb background_blend=\u00bbluminosity\u00bb custom_padding=\u00bb10%||10%||true|false\u00bb hover_enabled=\u00bb0&#8243; title_text_shadow_style=\u00bbpreset5&#8243; subhead_text_shadow_style=\u00bbpreset5&#8243; global_colors_info=\u00bb{}\u00bb background_color=\u00bbrgba(0,159,227,0.55)\u00bb sticky_enabled=\u00bb0&#8243;][\/et_pb_fullwidth_header][\/et_pb_section][et_pb_section fb_built=\u00bb1&#8243; _builder_version=\u00bb4.27.4&#8243; _module_preset=\u00bbdefault\u00bb custom_margin=\u00bb||||false|false\u00bb custom_padding=\u00bb0px||0px||true|false\u00bb global_colors_info=\u00bb{}\u00bb][et_pb_row column_structure=\u00bb1_3,2_3&#8243; _builder_version=\u00bb4.27.4&#8243; _module_preset=\u00bbdefault\u00bb width=\u00bb90%\u00bb global_colors_info=\u00bb{}\u00bb][et_pb_column type=\u00bb1_3&#8243; _builder_version=\u00bb4.27.4&#8243; _module_preset=\u00bbdefault\u00bb global_colors_info=\u00bb{}\u00bb][et_pb_gallery gallery_ids=\u00bb1272&#8243; fullwidth=\u00bbon\u00bb _builder_version=\u00bb4.27.5&#8243; _module_preset=\u00bbdefault\u00bb global_colors_info=\u00bb{}\u00bb][\/et_pb_gallery][\/et_pb_column][et_pb_column type=\u00bb2_3&#8243; _builder_version=\u00bb4.27.4&#8243; _module_preset=\u00bbdefault\u00bb global_colors_info=\u00bb{}\u00bb][et_pb_text _builder_version=\u00bb4.27.5&#8243; _module_preset=\u00bbdefault\u00bb text_font=\u00bbLato||||||||\u00bb text_font_size=\u00bb16px\u00bb global_colors_info=\u00bb{}\u00bb]<p><span style=\"font-weight: 400;\">Con el objetivo de\u00a0 propiciar un espacio de reflexi\u00f3n sobre problem\u00e1ticas ambientales locales, el<\/span><a href=\"http:\/\/www.colegiogriquelme.cl\/\" target=\"_blank\" rel=\"noopener\"> <b>colegio Guardiamarina Riquelme de Valpara\u00edso<\/b><\/a><span style=\"font-weight: 400;\"> recibi\u00f3 a la acad\u00e9mica de la<\/span> <b>Facultad de Ciencias Naturales y Exactas<\/b> <span style=\"font-weight: 400;\">de la Universidad de Playa Ancha, <\/span><b>Dra. Cecilia Rivera Castro<\/b><span style=\"font-weight: 400;\">, para compartir con estudiantes de s\u00e9ptimo y segundo a\u00f1o medio la charla \u201cLaguna Verde como zona de transici\u00f3n de la Reserva de la Bi\u00f3sfera y su problem\u00e1tica ambiental\u201d.<\/span><\/p>\n<p><span style=\"font-weight: 400;\">La docente desde el a\u00f1o 2013 investiga junto a estudiantes UPLA y vecinos de Laguna Verde el conflicto del agua potable y contaminaci\u00f3n que existe en dicha localidad.<\/span><\/p>\n<p><span style=\"font-weight: 400;\">Laguna Verde presenta dificultades en el abastecimiento de agua potable, la que existe en modalidad de cooperativa de Agua Potable Rural. \u00c9sta no logra cumplir las metas de abastecimiento, abarcando entre un 40 y un 50 por ciento de la comunidad, mientras\u00a0 que el resto de la poblaci\u00f3n compra agua no segura, en muchos casos contaminada, lo cual ha sido evidenciado por el laboratorio de investigaci\u00f3n de la universidad.<\/span><\/p>\n<p><span style=\"font-weight: 400;\">La Dra. Rivera se refiri\u00f3 tambi\u00e9n al proyecto que se ejecuta en el Humedal\u00a0 Estero El Sauce, con financiamiento de la <\/span><b>Direcci\u00f3n General de Vinculaci\u00f3n con el Medio<\/b><span style=\"font-weight: 400;\">, que busca recuperar dicho espacio para el uso de la comunidad del territorio, generar un plan de manejo del \u00e1rea, adem\u00e1s de crear las condiciones para que \u00e9ste sea declarado como un <\/span><b>RENAMU (Reserva Natural Municipal)<\/b><span style=\"font-weight: 400;\">, para lo que se est\u00e1 colaborando con la Municipalidad de Valpara\u00edso.<\/span><\/p>\n<p><span style=\"font-weight: 400;\">La actividad se realiz\u00f3 en la biblioteca del establecimiento educacional bajo la direcci\u00f3n del profesor en Qu\u00edmica y Ciencias,\u00a0 Rodrigo Vargas.<\/span><\/p>\n<p><br style=\"font-weight: 400;\" \/><br style=\"font-weight: 400;\" \/><\/p>[\/et_pb_text][\/et_pb_column][\/et_pb_row][\/et_pb_section]\n","protected":false},"excerpt":{"rendered":"<p>Con el objetivo de\u00a0 propiciar un espacio de reflexi\u00f3n sobre problem\u00e1ticas ambientales locales, el colegio Guardiamarina Riquelme de Valpara\u00edso recibi\u00f3 a la acad\u00e9mica de la Facultad de Ciencias Naturales y [&hellip;]<\/p>\n","protected":false},"author":12,"featured_media":1272,"comment_status":"closed","ping_status":"closed","sticky":false,"template":"","format":"standard","meta":{"_et_pb_use_builder":"on","_et_pb_old_content":"","_et_gb_content_width":"2880","_price":"","_stock":"","_tribe_ticket_header":"","_tribe_default_ticket_provider":"","_tribe_ticket_capacity":"","_ticket_start_date":"","_ticket_end_date":"","_tribe_ticket_show_description":"","_tribe_ticket_show_not_going":false,"_tribe_ticket_use_global_stock":"","_tribe_ticket_global_stock_level":"","_global_stock_mode":"","_global_stock_cap":"","_tribe_rsvp_for_event":"","_tribe_ticket_going_count":"","_tribe_ticket_not_going_count":"","_tribe_tickets_list":"[]","_tribe_ticket_has_attendee_info_fields":false,"footnotes":""},"categories":[4],"tags":[],"class_list":["post-17232743","post","type-post","status-publish","format-standard","has-post-thumbnail","hentry","category-noticias"],"_links":{"self":[{"href":"https:\/\/upla.cl\/vinculacion\/wp-json\/wp\/v2\/posts\/17232743","targetHints":{"allow":["GET"]}}],"collection":[{"href":"https:\/\/upla.cl\/vinculacion\/wp-json\/wp\/v2\/posts"}],"about":[{"href":"https:\/\/upla.cl\/vinculacion\/wp-json\/wp\/v2\/types\/post"}],"author":[{"embeddable":true,"href":"https:\/\/upla.cl\/vinculacion\/wp-json\/wp\/v2\/users\/12"}],"replies":[{"embeddable":true,"href":"https:\/\/upla.cl\/vinculacion\/wp-json\/wp\/v2\/comments?post=17232743"}],"version-history":[{"count":5,"href":"https:\/\/upla.cl\/vinculacion\/wp-json\/wp\/v2\/posts\/17232743\/revisions"}],"predecessor-version":[{"id":17232751,"href":"https:\/\/upla.cl\/vinculacion\/wp-json\/wp\/v2\/posts\/17232743\/revisions\/17232751"}],"wp:featuredmedia":[{"embeddable":true,"href":"https:\/\/upla.cl\/vinculacion\/wp-json\/wp\/v2\/media\/1272"}],"wp:attachment":[{"href":"https:\/\/upla.cl\/vinculacion\/wp-json\/wp\/v2\/media?parent=17232743"}],"wp:term":[{"taxonomy":"category","embeddable":true,"href":"https:\/\/upla.cl\/vinculacion\/wp-json\/wp\/v2\/categories?post=17232743"},{"taxonomy":"post_tag","embeddable":true,"href":"https:\/\/upla.cl\/vinculacion\/wp-json\/wp\/v2\/tags?post=17232743"}],"curies":[{"name":"wp","href":"https:\/\/api.w.org\/{rel}","templated":true}]}}