{"id":17232787,"date":"2019-12-13T16:47:00","date_gmt":"2019-12-13T19:47:00","guid":{"rendered":"https:\/\/upla.cl\/vinculacion\/?p=17232787"},"modified":"2026-01-08T16:59:50","modified_gmt":"2026-01-08T19:59:50","slug":"en-la-upla-se-realizara-foro-por-los-derechos-de-la-vejez-y-la-nueva-constitucion","status":"publish","type":"post","link":"https:\/\/upla.cl\/vinculacion\/2019\/12\/13\/en-la-upla-se-realizara-foro-por-los-derechos-de-la-vejez-y-la-nueva-constitucion\/","title":{"rendered":"En la UPLA se realizar\u00e1 Foro por los Derechos de la Vejez y la Nueva Constituci\u00f3n"},"content":{"rendered":"\n[et_pb_section fb_built=\u00bb1&#8243; fullwidth=\u00bbon\u00bb _builder_version=\u00bb4.27.4&#8243; _module_preset=\u00bbdefault\u00bb global_colors_info=\u00bb{}\u00bb theme_builder_area=\u00bbpost_content\u00bb][et_pb_fullwidth_header title=\u00bbEn la UPLA se realizar\u00e1 Foro por los Derechos de la Vejez y la Nueva Constituci\u00f3n\u00bb _builder_version=\u00bb4.27.5&#8243; _module_preset=\u00bbdefault\u00bb title_font=\u00bbLato|700|||||||\u00bb title_font_size=\u00bb50px\u00bb subhead_font=\u00bbLato||||||||\u00bb subhead_font_size=\u00bb30px\u00bb background_image=\u00bbhttps:\/\/upla.cl\/vinculacion\/wp-content\/uploads\/2019\/12\/VEJEZ-V4_.jpg\u00bb background_blend=\u00bbmultiply\u00bb custom_padding=\u00bb10%||10%||true|false\u00bb hover_enabled=\u00bb0&#8243; title_text_shadow_style=\u00bbpreset5&#8243; subhead_text_shadow_style=\u00bbpreset5&#8243; global_colors_info=\u00bb{}\u00bb theme_builder_area=\u00bbpost_content\u00bb title_text=\u00bbEn la UPLA se realizar\u00e1 Foro por los Derechos de la Vejez y la Nueva Constituci\u00f3n\u00bb background_position=\u00bbtop_right\u00bb background_vertical_offset=\u00bb-13%\u00bb sticky_enabled=\u00bb0&#8243;][\/et_pb_fullwidth_header][\/et_pb_section][et_pb_section fb_built=\u00bb1&#8243; _builder_version=\u00bb4.27.4&#8243; _module_preset=\u00bbdefault\u00bb custom_margin=\u00bb||||false|false\u00bb custom_padding=\u00bb0px||0px||true|false\u00bb global_colors_info=\u00bb{}\u00bb theme_builder_area=\u00bbpost_content\u00bb][et_pb_row column_structure=\u00bb1_3,2_3&#8243; _builder_version=\u00bb4.27.4&#8243; _module_preset=\u00bbdefault\u00bb width=\u00bb90%\u00bb global_colors_info=\u00bb{}\u00bb theme_builder_area=\u00bbpost_content\u00bb][et_pb_column type=\u00bb1_3&#8243; _builder_version=\u00bb4.27.4&#8243; _module_preset=\u00bbdefault\u00bb global_colors_info=\u00bb{}\u00bb theme_builder_area=\u00bbpost_content\u00bb][et_pb_gallery gallery_ids=\u00bb1302&#8243; fullwidth=\u00bbon\u00bb _builder_version=\u00bb4.27.5&#8243; _module_preset=\u00bbdefault\u00bb hover_enabled=\u00bb0&#8243; global_colors_info=\u00bb{}\u00bb theme_builder_area=\u00bbpost_content\u00bb sticky_enabled=\u00bb0&#8243;][\/et_pb_gallery][\/et_pb_column][et_pb_column type=\u00bb2_3&#8243; _builder_version=\u00bb4.27.4&#8243; _module_preset=\u00bbdefault\u00bb global_colors_info=\u00bb{}\u00bb theme_builder_area=\u00bbpost_content\u00bb][et_pb_text _builder_version=\u00bb4.27.5&#8243; _module_preset=\u00bbdefault\u00bb text_font=\u00bbLato||||||||\u00bb text_font_size=\u00bb16px\u00bb hover_enabled=\u00bb0&#8243; global_colors_info=\u00bb{}\u00bb theme_builder_area=\u00bbpost_content\u00bb sticky_enabled=\u00bb0&#8243;]<p><span style=\"font-weight: 400;\">Construir un espacio de di\u00e1logo e instalar la discusi\u00f3n respecto a los elementos que se debieran considerar en la nueva Constituci\u00f3n, en t\u00e9rminos de c\u00f3mo el Estado ha incorporado alguna de las normas o indicaciones que aparecen en la convenci\u00f3n sobre los derechos de la vejez en materia internacional y la necesidad de contar con esca\u00f1os reservados para personas mayores en el proceso constituyente, son algunos de los objetivos planteados para el primer <\/span><b>Foro por los Derechos de la Vejez y la Nueva Constituci\u00f3n.<\/b><\/p>\n<p><span style=\"font-weight: 400;\">La jornada, que se llevar\u00e1 a cabo este <\/span><b>viernes 20 de diciembre, a partir de las 09:00 horas, en el aula Dr. F\u00e9lix Morales Pettorino de la Universidad de Playa Ancha<\/b><span style=\"font-weight: 400;\"> (Av. Playa Ancha N\u00b0 850, Valpara\u00edso), contar\u00e1 con la presencia de <\/span><b>Eduardo Bofill<\/b><span style=\"font-weight: 400;\">, profesor de derecho p\u00fablico en la Universidad de Valpara\u00edso (UV), <\/span><b>Francisco Pe\u00f1a Silva<\/b><span style=\"font-weight: 400;\">, abogado de la Pontificia Universidad de Valpara\u00edso (PUCV) y <\/span><b>Javiera Arce Riffo<\/b><span style=\"font-weight: 400;\">, cientista pol\u00edtica miembro de la Red Internacional de Polit\u00f3logas \u201cNo sin Mujeres\u201d.<\/span><\/p>\n<p><span style=\"font-weight: 400;\">A prop\u00f3sito de la actividad, <\/span><b>Felipe Rivera<\/b><span style=\"font-weight: 400;\">, <\/span><b>coordinador de la Unidad de Innovaci\u00f3n Social de la Direcci\u00f3n General de Vinculaci\u00f3n con el Medio UPLA<\/b><span style=\"font-weight: 400;\">, destac\u00f3 el rol que debe cumplir la Universidad en el contexto actual, abriendo los espacios a la comunidad para dialogar respecto a la visi\u00f3n y desaf\u00edos pol\u00edticos-sociales del pa\u00eds, particularmente en el \u00e1mbito de las personas mayores.<\/span><\/p>\n<p><span style=\"font-weight: 400;\"><em>\u201cLa Universidad no puede estar ajena al proceso constituyente en que nos encontramos hoy, por lo tanto tambi\u00e9n hay una responsabilidad de acompa\u00f1ar estos procesos, ojal\u00e1 entregando la mayor cantidad de informaci\u00f3n a la ciudadan\u00eda o facilitando que ese di\u00e1logo se genere en materia constituyente. Hoy en d\u00eda la ciudadan\u00eda est\u00e1 demandando esta discusi\u00f3n de forma urgente\u201d<\/em>, indic\u00f3 el coordinador.<\/span><\/p>\n<p><span style=\"font-weight: 400;\">El Foro es propiciado por el <\/span><b>Centro Diurno para Personas Mayores de Puertas Negras<\/b><span style=\"font-weight: 400;\">, la <\/span><b>Asamblea Territorial de Playa Ancha<\/b><span style=\"font-weight: 400;\"> y la <\/span><b>Mesa Territorial de Playa Ancha<\/b><span style=\"font-weight: 400;\">, y cuenta con el apoyo de la <\/span><b>Universidad de Playa Ancha<\/b><span style=\"font-weight: 400;\"> (a trav\u00e9s de la DGVM, Facultad de Ciencias de la Salud, Observatorio de Participaci\u00f3n Social y Territorio, y la Federaci\u00f3n de Estudiantes UPLA), <\/span><b>Ger\u00f3polis de la Universidad de Valpara\u00edso<\/b><span style=\"font-weight: 400;\">, el <\/span><b>Servicio Nacional del Adulto Mayor<\/b><span style=\"font-weight: 400;\"> (SENAMA), la <\/span><b>Oficina Comunal de Personas Mayores de la I. Municipalidad de Valpara\u00edso<\/b><span style=\"font-weight: 400;\"> y el \u00e1rea de Salud de <\/span><b>Corporaci\u00f3n Municipal de Valpara\u00edso<\/b><span style=\"font-weight: 400;\"> (CORMUVAL).<\/span><\/p>\n<p><br style=\"font-weight: 400;\" \/><br style=\"font-weight: 400;\" \/><\/p>[\/et_pb_text][\/et_pb_column][\/et_pb_row][\/et_pb_section]\n","protected":false},"excerpt":{"rendered":"<p>Construir un espacio de di\u00e1logo e instalar la discusi\u00f3n respecto a los elementos que se debieran considerar en la nueva Constituci\u00f3n, en t\u00e9rminos de c\u00f3mo el Estado ha incorporado alguna [&hellip;]<\/p>\n","protected":false},"author":12,"featured_media":1302,"comment_status":"closed","ping_status":"closed","sticky":false,"template":"","format":"standard","meta":{"_et_pb_use_builder":"on","_et_pb_old_content":"","_et_gb_content_width":"2880","_price":"","_stock":"","_tribe_ticket_header":"","_tribe_default_ticket_provider":"","_tribe_ticket_capacity":"","_ticket_start_date":"","_ticket_end_date":"","_tribe_ticket_show_description":"","_tribe_ticket_show_not_going":false,"_tribe_ticket_use_global_stock":"","_tribe_ticket_global_stock_level":"","_global_stock_mode":"","_global_stock_cap":"","_tribe_rsvp_for_event":"","_tribe_ticket_going_count":"","_tribe_ticket_not_going_count":"","_tribe_tickets_list":"[]","_tribe_ticket_has_attendee_info_fields":false,"footnotes":""},"categories":[4],"tags":[],"class_list":["post-17232787","post","type-post","status-publish","format-standard","has-post-thumbnail","hentry","category-noticias"],"_links":{"self":[{"href":"https:\/\/upla.cl\/vinculacion\/wp-json\/wp\/v2\/posts\/17232787","targetHints":{"allow":["GET"]}}],"collection":[{"href":"https:\/\/upla.cl\/vinculacion\/wp-json\/wp\/v2\/posts"}],"about":[{"href":"https:\/\/upla.cl\/vinculacion\/wp-json\/wp\/v2\/types\/post"}],"author":[{"embeddable":true,"href":"https:\/\/upla.cl\/vinculacion\/wp-json\/wp\/v2\/users\/12"}],"replies":[{"embeddable":true,"href":"https:\/\/upla.cl\/vinculacion\/wp-json\/wp\/v2\/comments?post=17232787"}],"version-history":[{"count":4,"href":"https:\/\/upla.cl\/vinculacion\/wp-json\/wp\/v2\/posts\/17232787\/revisions"}],"predecessor-version":[{"id":17232793,"href":"https:\/\/upla.cl\/vinculacion\/wp-json\/wp\/v2\/posts\/17232787\/revisions\/17232793"}],"wp:featuredmedia":[{"embeddable":true,"href":"https:\/\/upla.cl\/vinculacion\/wp-json\/wp\/v2\/media\/1302"}],"wp:attachment":[{"href":"https:\/\/upla.cl\/vinculacion\/wp-json\/wp\/v2\/media?parent=17232787"}],"wp:term":[{"taxonomy":"category","embeddable":true,"href":"https:\/\/upla.cl\/vinculacion\/wp-json\/wp\/v2\/categories?post=17232787"},{"taxonomy":"post_tag","embeddable":true,"href":"https:\/\/upla.cl\/vinculacion\/wp-json\/wp\/v2\/tags?post=17232787"}],"curies":[{"name":"wp","href":"https:\/\/api.w.org\/{rel}","templated":true}]}}