{"id":17232809,"date":"2019-12-16T09:13:00","date_gmt":"2019-12-16T12:13:00","guid":{"rendered":"https:\/\/upla.cl\/vinculacion\/?p=17232809"},"modified":"2026-01-09T09:19:30","modified_gmt":"2026-01-09T12:19:30","slug":"con-presencia-de-rodrigo-mundaca-se-realizara-conversatorio-por-crisis-climatica-en-la-upla","status":"publish","type":"post","link":"https:\/\/upla.cl\/vinculacion\/2019\/12\/16\/con-presencia-de-rodrigo-mundaca-se-realizara-conversatorio-por-crisis-climatica-en-la-upla\/","title":{"rendered":"Con presencia de Rodrigo Mundaca se realizar\u00e1 conversatorio por crisis clim\u00e1tica en la UPLA"},"content":{"rendered":"\n[et_pb_section fb_built=\u00bb1&#8243; fullwidth=\u00bbon\u00bb _builder_version=\u00bb4.27.4&#8243; _module_preset=\u00bbdefault\u00bb global_colors_info=\u00bb{}\u00bb theme_builder_area=\u00bbpost_content\u00bb][et_pb_fullwidth_header title=\u00bbCon presencia de Rodrigo Mundaca se realizar\u00e1 conversatorio por crisis clim\u00e1tica en la UPLA\u00bb _builder_version=\u00bb4.27.5&#8243; _module_preset=\u00bbdefault\u00bb title_font=\u00bbLato|700|||||||\u00bb title_font_size=\u00bb50px\u00bb subhead_font=\u00bbLato||||||||\u00bb subhead_font_size=\u00bb30px\u00bb background_image=\u00bbhttps:\/\/upla.cl\/vinculacion\/wp-content\/uploads\/2019\/12\/IMG_7606.jpg\u00bb background_blend=\u00bbmultiply\u00bb custom_padding=\u00bb10%||10%||true|false\u00bb hover_enabled=\u00bb0&#8243; title_text_shadow_style=\u00bbpreset5&#8243; subhead_text_shadow_style=\u00bbpreset5&#8243; global_colors_info=\u00bb{}\u00bb theme_builder_area=\u00bbpost_content\u00bb title_text=\u00bbAcad\u00e9micas UPLA y comunidad de Laguna Verde trabajan en la recuperaci\u00f3n del humedal \u201cEl Sauce\u201d\u00bb sticky_enabled=\u00bb0&#8243;][\/et_pb_fullwidth_header][\/et_pb_section][et_pb_section fb_built=\u00bb1&#8243; _builder_version=\u00bb4.27.4&#8243; _module_preset=\u00bbdefault\u00bb custom_margin=\u00bb||||false|false\u00bb custom_padding=\u00bb0px||0px||true|false\u00bb global_colors_info=\u00bb{}\u00bb theme_builder_area=\u00bbpost_content\u00bb][et_pb_row column_structure=\u00bb1_3,2_3&#8243; _builder_version=\u00bb4.27.4&#8243; _module_preset=\u00bbdefault\u00bb width=\u00bb90%\u00bb global_colors_info=\u00bb{}\u00bb theme_builder_area=\u00bbpost_content\u00bb][et_pb_column type=\u00bb1_3&#8243; _builder_version=\u00bb4.27.4&#8243; _module_preset=\u00bbdefault\u00bb global_colors_info=\u00bb{}\u00bb theme_builder_area=\u00bbpost_content\u00bb][et_pb_gallery gallery_ids=\u00bb1306,1307&#8243; fullwidth=\u00bbon\u00bb _builder_version=\u00bb4.27.5&#8243; _module_preset=\u00bbdefault\u00bb hover_enabled=\u00bb0&#8243; global_colors_info=\u00bb{}\u00bb theme_builder_area=\u00bbpost_content\u00bb sticky_enabled=\u00bb0&#8243;][\/et_pb_gallery][\/et_pb_column][et_pb_column type=\u00bb2_3&#8243; _builder_version=\u00bb4.27.4&#8243; _module_preset=\u00bbdefault\u00bb global_colors_info=\u00bb{}\u00bb theme_builder_area=\u00bbpost_content\u00bb][et_pb_text _builder_version=\u00bb4.27.5&#8243; _module_preset=\u00bbdefault\u00bb text_font=\u00bbLato||||||||\u00bb text_font_size=\u00bb16px\u00bb hover_enabled=\u00bb0&#8243; global_colors_info=\u00bb{}\u00bb theme_builder_area=\u00bbpost_content\u00bb sticky_enabled=\u00bb0&#8243;]<p><span style=\"font-weight: 400;\">En el contexto actual, tanto a nivel nacional como internacional, la problem\u00e1tica medioambiente es una de las m\u00e1s relevantes de nuestra sociedad contempor\u00e1nea. La reciente versi\u00f3n del COP25 ha puesto en manifiesto la urgencia de avanzar en medidas concretas respecto a la emergencia clim\u00e1tica, asuntos que se han puesto sobre la mesa en Chile a partir de la crisis del agua en los valles nacionales.<\/span><\/p>\n<p><span style=\"font-weight: 400;\">As\u00ed, la Universidad de Playa Ancha -en el marco del Ciclo de Di\u00e1logos Ciudadanos para la Nueva Costituci\u00f3n- llevar\u00e1 a cabo el<\/span><b>\u00a0 \u201cConversatorio: Recursos Naturales, Crisis Social y Proceso Constituyente: El agua como Derecho Humano<\/b><span style=\"font-weight: 400;\">\u201d, este<\/span><b> jueves 19 de diciembre, a partir de las 10:30 horas, en el Aula F\u00e9lix Morales Pettorino de la Universidad<\/b><span style=\"font-weight: 400;\"> (Av. Playa Ancha 850, Valpara\u00edso), la que contar\u00e1 con la presencia de <\/span><b>Rodrigo Mundaca<\/b><span style=\"font-weight: 400;\">, activista ambiental, secretario general de MODATIMA, quien fuera reconocido recientemente con el Premio Internacional de Derechos Humanos de N\u00faremberg.<\/span><\/p>\n<p><span style=\"font-weight: 400;\">Junto a \u00e9l, se estar\u00e1n presentes tambi\u00e9n <\/span><b>Robinson Torres<\/b><span style=\"font-weight: 400;\">, acad\u00e9mico de la Facultad de Ciencias Sociales de la Universidad de Concepci\u00f3n, experto en sociolog\u00eda ambiental y ecolog\u00eda pol\u00edtica; <\/span><b>y Mat\u00edas Meza<\/b><span style=\"font-weight: 400;\">, abogado, MSC en Derechos Humanos en London School of Economics y profesor de Derecho Ind\u00edgena en PUCV, adem\u00e1s de la presencia\u00a0 de la Dr. Cecilia Rivera, acad\u00e9mica de la Facultad de Ciencias Naturales y Exactas UPLA, quien moderar\u00e1 el panel.<\/span><\/p>\n<p><span style=\"font-weight: 400;\">Uno de los objetivos de la jornada ser\u00e1 obtener nuevos insumos para la discusi\u00f3n, tomando en cuenta la mirada de cada panelista respecto al acceso al agua, posicion\u00e1ndose desde distintas perspectivas: Rodrigo desde la lucha que ha impulsado MODATIMA y por la que ha sido reconocido internacionalmente, Robinson aportar\u00e1 una mirada socio ambiental, enfocada principalmente desde el mundo acad\u00e9mico, mientras que Mat\u00edas detonar\u00e1 la reflexi\u00f3n desde el punto de vista del Derecho.<\/span><\/p>\n<p><b>Diego Verdejo, secretario ejecutivo de la Direcci\u00f3n General de Vinculaci\u00f3n con el Medio UPLA (DGM)<\/b><span style=\"font-weight: 400;\"> \u2013que organiza la actividad- resalt\u00f3 el rol que deben cumplir las universidades en los procesos sociales y crisis clim\u00e1tica en la actualidad, ya que <em>\u201cHoy tenemos un desaf\u00edo y un deber como instituciones del Estado, y \u00e9ste es generar las condiciones para construir conocimiento de manera colaborativa, pertinente a la realidad de los distintos territorios, en conjunto con actores relevantes del entorno que puedan, en una relaci\u00f3n de cooperaci\u00f3n, permitir nuevas formas de abordar los problemas, y por supuesto, de construir soluciones de manera colaborativa\u201d.<\/em><\/span><\/p>[\/et_pb_text][\/et_pb_column][\/et_pb_row][\/et_pb_section]\n","protected":false},"excerpt":{"rendered":"<p>En el contexto actual, tanto a nivel nacional como internacional, la problem\u00e1tica medioambiente es una de las m\u00e1s relevantes de nuestra sociedad contempor\u00e1nea. La reciente versi\u00f3n del COP25 ha puesto [&hellip;]<\/p>\n","protected":false},"author":12,"featured_media":1307,"comment_status":"closed","ping_status":"closed","sticky":false,"template":"","format":"standard","meta":{"_et_pb_use_builder":"on","_et_pb_old_content":"","_et_gb_content_width":"2880","_price":"","_stock":"","_tribe_ticket_header":"","_tribe_default_ticket_provider":"","_tribe_ticket_capacity":"","_ticket_start_date":"","_ticket_end_date":"","_tribe_ticket_show_description":"","_tribe_ticket_show_not_going":false,"_tribe_ticket_use_global_stock":"","_tribe_ticket_global_stock_level":"","_global_stock_mode":"","_global_stock_cap":"","_tribe_rsvp_for_event":"","_tribe_ticket_going_count":"","_tribe_ticket_not_going_count":"","_tribe_tickets_list":"[]","_tribe_ticket_has_attendee_info_fields":false,"footnotes":""},"categories":[4],"tags":[],"class_list":["post-17232809","post","type-post","status-publish","format-standard","has-post-thumbnail","hentry","category-noticias"],"_links":{"self":[{"href":"https:\/\/upla.cl\/vinculacion\/wp-json\/wp\/v2\/posts\/17232809","targetHints":{"allow":["GET"]}}],"collection":[{"href":"https:\/\/upla.cl\/vinculacion\/wp-json\/wp\/v2\/posts"}],"about":[{"href":"https:\/\/upla.cl\/vinculacion\/wp-json\/wp\/v2\/types\/post"}],"author":[{"embeddable":true,"href":"https:\/\/upla.cl\/vinculacion\/wp-json\/wp\/v2\/users\/12"}],"replies":[{"embeddable":true,"href":"https:\/\/upla.cl\/vinculacion\/wp-json\/wp\/v2\/comments?post=17232809"}],"version-history":[{"count":3,"href":"https:\/\/upla.cl\/vinculacion\/wp-json\/wp\/v2\/posts\/17232809\/revisions"}],"predecessor-version":[{"id":17232814,"href":"https:\/\/upla.cl\/vinculacion\/wp-json\/wp\/v2\/posts\/17232809\/revisions\/17232814"}],"wp:featuredmedia":[{"embeddable":true,"href":"https:\/\/upla.cl\/vinculacion\/wp-json\/wp\/v2\/media\/1307"}],"wp:attachment":[{"href":"https:\/\/upla.cl\/vinculacion\/wp-json\/wp\/v2\/media?parent=17232809"}],"wp:term":[{"taxonomy":"category","embeddable":true,"href":"https:\/\/upla.cl\/vinculacion\/wp-json\/wp\/v2\/categories?post=17232809"},{"taxonomy":"post_tag","embeddable":true,"href":"https:\/\/upla.cl\/vinculacion\/wp-json\/wp\/v2\/tags?post=17232809"}],"curies":[{"name":"wp","href":"https:\/\/api.w.org\/{rel}","templated":true}]}}