{"id":17232820,"date":"2019-12-23T09:43:00","date_gmt":"2019-12-23T12:43:00","guid":{"rendered":"https:\/\/upla.cl\/vinculacion\/?p=17232820"},"modified":"2026-01-09T10:01:42","modified_gmt":"2026-01-09T13:01:42","slug":"personas-mayores-se-reunieron-en-la-upla-para-dialogar-sobre-su-rol-en-la-nueva-constitucion","status":"publish","type":"post","link":"https:\/\/upla.cl\/vinculacion\/2019\/12\/23\/personas-mayores-se-reunieron-en-la-upla-para-dialogar-sobre-su-rol-en-la-nueva-constitucion\/","title":{"rendered":"Personas mayores se reunieron en la UPLA para dialogar sobre su rol en la nueva Constituci\u00f3n"},"content":{"rendered":"\n[et_pb_section fb_built=\u00bb1&#8243; fullwidth=\u00bbon\u00bb _builder_version=\u00bb4.27.4&#8243; _module_preset=\u00bbdefault\u00bb global_colors_info=\u00bb{}\u00bb theme_builder_area=\u00bbpost_content\u00bb][et_pb_fullwidth_header title=\u00bbPersonas mayores se reunieron en la UPLA para dialogar sobre su rol en la nueva Constituci\u00f3n\u00bb _builder_version=\u00bb4.27.5&#8243; _module_preset=\u00bbdefault\u00bb title_font=\u00bbLato|700|||||||\u00bb title_font_size=\u00bb50px\u00bb subhead_font=\u00bbLato||||||||\u00bb subhead_font_size=\u00bb30px\u00bb background_image=\u00bbhttps:\/\/upla.cl\/vinculacion\/wp-content\/uploads\/2019\/12\/IMG_0213.jpg\u00bb background_blend=\u00bbmultiply\u00bb custom_padding=\u00bb10%||10%||true|false\u00bb hover_enabled=\u00bb0&#8243; title_text_shadow_style=\u00bbpreset5&#8243; subhead_text_shadow_style=\u00bbpreset5&#8243; global_colors_info=\u00bb{}\u00bb theme_builder_area=\u00bbpost_content\u00bb title_text=\u00bbPersonas mayores se reunieron en la UPLA para dialogar sobre su rol en la nueva Constituci\u00f3n\u00bb background_position=\u00bbtop_right\u00bb background_vertical_offset=\u00bb28%\u00bb sticky_enabled=\u00bb0&#8243;][\/et_pb_fullwidth_header][\/et_pb_section][et_pb_section fb_built=\u00bb1&#8243; _builder_version=\u00bb4.27.4&#8243; _module_preset=\u00bbdefault\u00bb custom_margin=\u00bb||||false|false\u00bb custom_padding=\u00bb0px||0px||true|false\u00bb global_colors_info=\u00bb{}\u00bb theme_builder_area=\u00bbpost_content\u00bb][et_pb_row column_structure=\u00bb1_3,2_3&#8243; _builder_version=\u00bb4.27.4&#8243; _module_preset=\u00bbdefault\u00bb width=\u00bb90%\u00bb global_colors_info=\u00bb{}\u00bb theme_builder_area=\u00bbpost_content\u00bb][et_pb_column type=\u00bb1_3&#8243; _builder_version=\u00bb4.27.4&#8243; _module_preset=\u00bbdefault\u00bb global_colors_info=\u00bb{}\u00bb theme_builder_area=\u00bbpost_content\u00bb][et_pb_gallery gallery_ids=\u00bb1343,1330,1346,1345,1342,1341,1340&#8243; fullwidth=\u00bbon\u00bb _builder_version=\u00bb4.27.5&#8243; _module_preset=\u00bbdefault\u00bb hover_enabled=\u00bb0&#8243; global_colors_info=\u00bb{}\u00bb theme_builder_area=\u00bbpost_content\u00bb sticky_enabled=\u00bb0&#8243;][\/et_pb_gallery][\/et_pb_column][et_pb_column type=\u00bb2_3&#8243; _builder_version=\u00bb4.27.4&#8243; _module_preset=\u00bbdefault\u00bb global_colors_info=\u00bb{}\u00bb theme_builder_area=\u00bbpost_content\u00bb][et_pb_text _builder_version=\u00bb4.27.5&#8243; _module_preset=\u00bbdefault\u00bb text_font=\u00bbLato||||||||\u00bb text_font_size=\u00bb16px\u00bb hover_enabled=\u00bb0&#8243; global_colors_info=\u00bb{}\u00bb theme_builder_area=\u00bbpost_content\u00bb sticky_enabled=\u00bb0&#8243;]<p><span style=\"font-weight: 400;\">En un espacio puntuado por el alto inter\u00e9s y consultas respecto al proceso constituyente que se est\u00e1 configurando en el pa\u00eds, se llev\u00f3 a cabo el <\/span><b>Foro por los Derechos de la Vejez y la Nueva Constituci\u00f3n <\/b><span style=\"font-weight: 400;\">en la Universidad de Playa Ancha<\/span><b>, <\/b><span style=\"font-weight: 400;\">propiciando as\u00ed un fruct\u00edfero di\u00e1logo enfocado en los aspectos fundamentales que la nueva Carta Magna debiera considerar, particularmente en t\u00e9rminos de c\u00f3mo se pueden incorporar las necesidades de las personas mayores y aquellas indicaciones que se han considerado en la convenci\u00f3n sobre los derechos de la vejez en materia internacional, esca\u00f1os reservados y sistema de pensiones, entre otros temas.<\/span><\/p>\n<p><span style=\"font-weight: 400;\">La jornada, que comenz\u00f3 con la charla de <\/span><b>Eduardo Bofill<\/b><span style=\"font-weight: 400;\">, profesor de Derecho Constitucional de la Universidad de Valpara\u00edso,\u00a0 quien profundiz\u00f3 respecto a la regulaci\u00f3n del poder y derechos fundamentales, y como estos determinan el diario vivir de las personas, tambi\u00e9n cont\u00f3 con la participaci\u00f3n de <\/span><b>Francisco Pe\u00f1a Silva<\/b><span style=\"font-weight: 400;\">, abogado de la Pontificia Universidad de Valpara\u00edso (PUCV) y <\/span><b>Javiera Arce Riffo<\/b><span style=\"font-weight: 400;\">, cientista pol\u00edtica miembro de la Red Internacional de Polit\u00f3logas \u201cNo sin Mujeres\u201d.<\/span><\/p>\n<p><span style=\"font-weight: 400;\">Al respecto, <\/span><b>Eduardo Bofill, <\/b><span style=\"font-weight: 400;\">recalc\u00f3 la importancia de contar con estos espacios, en particular con las personas mayores, pues no han sido consideradas en la discusi\u00f3n, indicando que<em> \u201ces muy importante, pues se les permite a las personas de organizaciones, vecinos, y cualquier interesado a venir, escuchar, plantear preguntas, y tener una conversaci\u00f3n horizontal de c\u00f3mo quieren vivir, y yo creo que esa es la pregunta que tenemos todos que responder: \u00bfC\u00f3mo queremos vivir? \u00bfQu\u00e9 tipo de vida queremos?, para que en definitiva la dignidad y los derechos fundamentales puedan ser materializados realmente\u201d.<\/em><\/span><\/p>\n<p><span style=\"font-weight: 400;\">Por su parte, <\/span><b>Luisa Sep\u00falveda Caballero, <\/b><span style=\"font-weight: 400;\">profesora jubilada de la Universidad, quien moder\u00f3 el foro, manifest\u00f3 la creciente voz de las personas mayores, donde finalmente est\u00e1n tomando el rol que les corresponde en la sociedad.\u00a0<\/span><\/p>\n<p><span style=\"font-weight: 400;\"><em>\u201cTenemos que despertar, porque la mayor\u00eda de los adultos mayores hemos vivido el \u201973 plenamente, y eso ha creado -seg\u00fan mi experiencia- cierta timidez, no se atreven porque hemos vivido 17 a\u00f1os de silencio en que no pod\u00edamos hablar, ac\u00e1 mismo incluso, quienes habl\u00e1bamos est\u00e1bamos propensos a ciertas listas para decirnos chao, entonces hay un silencio temeroso de los adultos mayores para hablar\u201d<\/em>, indic\u00f3 Luis Sep\u00falveda.<\/span><\/p>[\/et_pb_text][\/et_pb_column][\/et_pb_row][et_pb_row _builder_version=\u00bb4.27.5&#8243; _module_preset=\u00bbdefault\u00bb column_structure=\u00bb2_3,1_3&#8243; theme_builder_area=\u00bbpost_content\u00bb width=\u00bb90%\u00bb hover_enabled=\u00bb0&#8243; sticky_enabled=\u00bb0&#8243; custom_padding=\u00bb2px|||||\u00bb][et_pb_column _builder_version=\u00bb4.27.5&#8243; _module_preset=\u00bbdefault\u00bb type=\u00bb2_3&#8243; theme_builder_area=\u00bbpost_content\u00bb][et_pb_text _builder_version=\u00bb4.27.5&#8243; _module_preset=\u00bbdefault\u00bb theme_builder_area=\u00bbpost_content\u00bb text_font_size=\u00bb16px\u00bb hover_enabled=\u00bb0&#8243; sticky_enabled=\u00bb0&#8243;]<p><b>PARTICIPACI\u00d3N EN EL TERRITORIO<\/b><\/p>\n<p><span style=\"font-weight: 400;\">La jornada, organizada por el <\/span><b>Centro Diurno para Personas Mayores de Puertas Negras<\/b><span style=\"font-weight: 400;\">, la <\/span><b>Asamblea Territorial de Playa Ancha<\/b><span style=\"font-weight: 400;\"> y la <\/span><b>Mesa Territorial de Playa Ancha<\/b><span style=\"font-weight: 400;\">, y que cont\u00f3 con el apoyo de la <\/span><b>Universidad de Playa Ancha, Ger\u00f3polis de la Universidad de Valpara\u00edso<\/b><span style=\"font-weight: 400;\">, el <\/span><b>Servicio Nacional del Adulto Mayor<\/b><span style=\"font-weight: 400;\"> (SENAMA), la <\/span><b>Oficina Comunal de Personas Mayores de la I. Municipalidad de Valpara\u00edso<\/b><span style=\"font-weight: 400;\"> y el \u00e1rea de Salud de <\/span><b>Corporaci\u00f3n Municipal de Valpara\u00edso<\/b><span style=\"font-weight: 400;\"> (CORMUVAL), se centr\u00f3 fuertemente en la participaci\u00f3n de los territorios en la discusi\u00f3n, abriendo las puertas de la Universidad para continuar con estos di\u00e1logos junto a la comunidad.<\/span><\/p>\n<p><b>Gianfranco Rubi\u00f1o,<\/b><span style=\"font-weight: 400;\"> integrante de la Asamblea Territorial del Playa Ancha, indic\u00f3 la situaci\u00f3n cr\u00edtica con que se enfrentan las personas mayores, partiendo por la necesidad de integrar sus necesidades y el trabajo territorial.<em> \u201cComo asamblea creemos que fundamental hacerse cargo de esta tem\u00e1tica, y por eso tambi\u00e9n le hemos dado harta energ\u00eda a trabajar con la las personas mayores, y a tratar de integrarlos en todo el proceso. Es claro para todos nosotros que esta tem\u00e1tica no est\u00e1 contemplada en ning\u00fan \u00edtem de la Constituci\u00f3n, no hay ning\u00fan derecho que garantice alg\u00fan tipo de facultad que tenga que ver con las necesidades de las personas mayores, por lo que considero que es muy importante informarse en este tipo de espacios\u201d.\u00a0<\/em>\u00a0<\/span><\/p>\n<p><span style=\"font-weight: 400;\">Finalmente, <\/span><b>Patricio Sanhueza<\/b><span style=\"font-weight: 400;\">, Rector de la Universidad de Playa Ancha, destac\u00f3 el rol que la Universidad\u00a0 ha tenido en la construcci\u00f3n del proceso constituyente, siendo anfitri\u00f3n del foro, y propiciando otras instancias de di\u00e1logo con la comunidad.<\/span><\/p>\n<p><span style=\"font-weight: 400;\"><em>\u201cLa Universidad est\u00e1 cumpliendo su rol a trav\u00e9s de un conjunto de actividades que se han realizado en estas semanas, tocando temas muy relevantes, de alto impacto, se ha tocado el problema de la crisis del agua, pueblos originarios y hoy se habla se los derechos de la vejez y c\u00f3mo los vemos desde una perspectiva de la nueva constituci\u00f3n. Se trata de una Universidad que se abre a la sociedad, al entorno, se vincula mejor con el medio, trayendo a organizaciones sociales de\u00a0 Playa Ancha, como la Mesa territorial, y otros movimientos que se han producido a prop\u00f3sito de estos temas\u201d<\/em>, concluy\u00f3 la autoridad.<\/span><\/p>[\/et_pb_text][\/et_pb_column][et_pb_column _builder_version=\u00bb4.27.5&#8243; _module_preset=\u00bbdefault\u00bb type=\u00bb1_3&#8243; theme_builder_area=\u00bbpost_content\u00bb][et_pb_gallery gallery_ids=\u00bb1331,1347,1339,1336,1335,1333&#8243; fullwidth=\u00bbon\u00bb _builder_version=\u00bb4.27.5&#8243; _module_preset=\u00bbdefault\u00bb hover_enabled=\u00bb0&#8243; global_colors_info=\u00bb{}\u00bb theme_builder_area=\u00bbpost_content\u00bb sticky_enabled=\u00bb0&#8243;][\/et_pb_gallery][\/et_pb_column][\/et_pb_row][\/et_pb_section]\n","protected":false},"excerpt":{"rendered":"<p>En un espacio puntuado por el alto inter\u00e9s y consultas respecto al proceso constituyente que se est\u00e1 configurando en el pa\u00eds, se llev\u00f3 a cabo el Foro por los Derechos [&hellip;]<\/p>\n","protected":false},"author":12,"featured_media":1336,"comment_status":"closed","ping_status":"closed","sticky":false,"template":"","format":"standard","meta":{"_et_pb_use_builder":"on","_et_pb_old_content":"","_et_gb_content_width":"2880","_price":"","_stock":"","_tribe_ticket_header":"","_tribe_default_ticket_provider":"","_tribe_ticket_capacity":"","_ticket_start_date":"","_ticket_end_date":"","_tribe_ticket_show_description":"","_tribe_ticket_show_not_going":false,"_tribe_ticket_use_global_stock":"","_tribe_ticket_global_stock_level":"","_global_stock_mode":"","_global_stock_cap":"","_tribe_rsvp_for_event":"","_tribe_ticket_going_count":"","_tribe_ticket_not_going_count":"","_tribe_tickets_list":"[]","_tribe_ticket_has_attendee_info_fields":false,"footnotes":""},"categories":[4],"tags":[],"class_list":["post-17232820","post","type-post","status-publish","format-standard","has-post-thumbnail","hentry","category-noticias"],"_links":{"self":[{"href":"https:\/\/upla.cl\/vinculacion\/wp-json\/wp\/v2\/posts\/17232820","targetHints":{"allow":["GET"]}}],"collection":[{"href":"https:\/\/upla.cl\/vinculacion\/wp-json\/wp\/v2\/posts"}],"about":[{"href":"https:\/\/upla.cl\/vinculacion\/wp-json\/wp\/v2\/types\/post"}],"author":[{"embeddable":true,"href":"https:\/\/upla.cl\/vinculacion\/wp-json\/wp\/v2\/users\/12"}],"replies":[{"embeddable":true,"href":"https:\/\/upla.cl\/vinculacion\/wp-json\/wp\/v2\/comments?post=17232820"}],"version-history":[{"count":5,"href":"https:\/\/upla.cl\/vinculacion\/wp-json\/wp\/v2\/posts\/17232820\/revisions"}],"predecessor-version":[{"id":17232828,"href":"https:\/\/upla.cl\/vinculacion\/wp-json\/wp\/v2\/posts\/17232820\/revisions\/17232828"}],"wp:featuredmedia":[{"embeddable":true,"href":"https:\/\/upla.cl\/vinculacion\/wp-json\/wp\/v2\/media\/1336"}],"wp:attachment":[{"href":"https:\/\/upla.cl\/vinculacion\/wp-json\/wp\/v2\/media?parent=17232820"}],"wp:term":[{"taxonomy":"category","embeddable":true,"href":"https:\/\/upla.cl\/vinculacion\/wp-json\/wp\/v2\/categories?post=17232820"},{"taxonomy":"post_tag","embeddable":true,"href":"https:\/\/upla.cl\/vinculacion\/wp-json\/wp\/v2\/tags?post=17232820"}],"curies":[{"name":"wp","href":"https:\/\/api.w.org\/{rel}","templated":true}]}}