{"id":17232900,"date":"2020-01-07T09:59:00","date_gmt":"2020-01-07T12:59:00","guid":{"rendered":"https:\/\/upla.cl\/vinculacion\/?p=17232900"},"modified":"2026-01-13T10:07:38","modified_gmt":"2026-01-13T13:07:38","slug":"jornada-salud-mental-en-contextos-de-crisis-se-realizara-en-san-felipe","status":"publish","type":"post","link":"https:\/\/upla.cl\/vinculacion\/2020\/01\/07\/jornada-salud-mental-en-contextos-de-crisis-se-realizara-en-san-felipe\/","title":{"rendered":"Jornada \u00abSalud Mental en Contextos de Crisis\u201d se realizar\u00e1 en San Felipe"},"content":{"rendered":"\n[et_pb_section fb_built=\u00bb1&#8243; fullwidth=\u00bbon\u00bb _builder_version=\u00bb4.27.4&#8243; _module_preset=\u00bbdefault\u00bb global_colors_info=\u00bb{}\u00bb theme_builder_area=\u00bbpost_content\u00bb][et_pb_fullwidth_header title=\u00bbJornada \u00abSalud Mental en Contextos de Crisis\u201d se realizar\u00e1 en San Felipe\u00bb _builder_version=\u00bb4.27.5&#8243; _module_preset=\u00bbdefault\u00bb title_font=\u00bbLato|700|||||||\u00bb title_font_size=\u00bb50px\u00bb subhead_font=\u00bbLato||||||||\u00bb subhead_font_size=\u00bb30px\u00bb background_image=\u00bbhttps:\/\/upla.cl\/vinculacion\/wp-content\/uploads\/2020\/01\/SALUD-MENTAL-SF-V4.jpg\u00bb background_blend=\u00bbmultiply\u00bb custom_padding=\u00bb10%||10%||true|false\u00bb hover_enabled=\u00bb0&#8243; title_text_shadow_style=\u00bbpreset5&#8243; subhead_text_shadow_style=\u00bbpreset5&#8243; global_colors_info=\u00bb{}\u00bb theme_builder_area=\u00bbpost_content\u00bb title_text=\u00bbJornada \u00abSalud Mental en Contextos de Crisis\u201d se realizar\u00e1 en San Felipe\u00bb background_position=\u00bbbottom_left\u00bb background_vertical_offset=\u00bb0%\u00bb sticky_enabled=\u00bb0&#8243;][\/et_pb_fullwidth_header][\/et_pb_section][et_pb_section fb_built=\u00bb1&#8243; _builder_version=\u00bb4.27.4&#8243; _module_preset=\u00bbdefault\u00bb custom_margin=\u00bb||||false|false\u00bb custom_padding=\u00bb0px||0px||true|false\u00bb global_colors_info=\u00bb{}\u00bb theme_builder_area=\u00bbpost_content\u00bb][et_pb_row column_structure=\u00bb1_3,2_3&#8243; _builder_version=\u00bb4.27.4&#8243; _module_preset=\u00bbdefault\u00bb width=\u00bb90%\u00bb global_colors_info=\u00bb{}\u00bb theme_builder_area=\u00bbpost_content\u00bb][et_pb_column type=\u00bb1_3&#8243; _builder_version=\u00bb4.27.4&#8243; _module_preset=\u00bbdefault\u00bb global_colors_info=\u00bb{}\u00bb theme_builder_area=\u00bbpost_content\u00bb][et_pb_gallery gallery_ids=\u00bb1416&#8243; fullwidth=\u00bbon\u00bb _builder_version=\u00bb4.27.5&#8243; _module_preset=\u00bbdefault\u00bb hover_enabled=\u00bb0&#8243; global_colors_info=\u00bb{}\u00bb theme_builder_area=\u00bbpost_content\u00bb sticky_enabled=\u00bb0&#8243;][\/et_pb_gallery][\/et_pb_column][et_pb_column type=\u00bb2_3&#8243; _builder_version=\u00bb4.27.4&#8243; _module_preset=\u00bbdefault\u00bb global_colors_info=\u00bb{}\u00bb theme_builder_area=\u00bbpost_content\u00bb][et_pb_text _builder_version=\u00bb4.27.5&#8243; _module_preset=\u00bbdefault\u00bb text_font=\u00bbLato||||||||\u00bb text_font_size=\u00bb16px\u00bb hover_enabled=\u00bb0&#8243; global_colors_info=\u00bb{}\u00bb theme_builder_area=\u00bbpost_content\u00bb sticky_enabled=\u00bb0&#8243;]<p><span style=\"font-weight: 400;\">Tras la reflexiva<\/span><a href=\"https:\/\/www.upla.cl\/noticias\/2019\/08\/20\/1era-jornada-de-salud-mental-en-la-upla-se-enfoco-en-el-buen-vivir-de-la-comunidad-universitaria\/\"> <span style=\"font-weight: 400;\">1era Jornada de Salud Mental<\/span><\/a><span style=\"font-weight: 400;\"> efectuada en la Universidad de Playa Ancha en 2019, y considerando el contexto social del pa\u00eds en los \u00faltimos meses, se llevar\u00e1\u00a0 a cabo en San Felipe la segunda versi\u00f3n de esta jornada<\/span><b>,<\/b><span style=\"font-weight: 400;\"> la que lleva por t\u00edtulo <\/span><b>\u00abEncuentro Universidad y Comunidad: Salud mental en contexto de crisis\u201d.<\/b><\/p>\n<p><span style=\"font-weight: 400;\">La actividad, a realizarse <\/span><b>este jueves 9 de enero -entre las 9:30 y 13:00 horas- en el auditorio del campus San Felipe de la UPLA (Benigno Caldera 351),<\/b><span style=\"font-weight: 400;\"> se enfocar\u00e1 respecto de c\u00f3mo el escenario sociopol\u00edtico actual afecta la salud mental y el bienestar de las personas, identificando aspectos de la realidad que sean necesarios cubrir o atender, fomentando as\u00ed la activaci\u00f3n de redes institucionales e intersectoriales y la propuesta de actividades o estrategias de acci\u00f3n participativas.<\/span><\/p>\n<p><span style=\"font-weight: 400;\">As\u00ed, la iniciativa comenzar\u00e1 con la charla <\/span><b>\u201cSalud Mental en tiempos de Crisis\u201d<\/b><span style=\"font-weight: 400;\"> a cargo de <\/span><b>Juan Pablo Araya Abarca<\/b><span style=\"font-weight: 400;\">, acad\u00e9mico y psic\u00f3logo del Departamento de Psicolog\u00eda de la Facultad de Ciencias Sociales, y <\/span><b>Javiera Parra Friz, <\/b><span style=\"font-weight: 400;\">psic\u00f3loga AES San Felipe. Posteriormente, se armar\u00e1n mesas de trabajo con las y los asistentes, quienes trabajar\u00e1n en base a l\u00edneas tem\u00e1ticas relevantes en el panorama actual, como son:<\/span><\/p>\n<ul>\n<li style=\"font-weight: 400;\" aria-level=\"1\"><span style=\"font-weight: 400;\">Autocuidado personal y cuidado de equipos<\/span><\/li>\n<li style=\"font-weight: 400;\" aria-level=\"1\"><span style=\"font-weight: 400;\">G\u00e9nero y salud mental<\/span><\/li>\n<li style=\"font-weight: 400;\" aria-level=\"1\"><span style=\"font-weight: 400;\">Derechos humanos y salud mental<\/span><\/li>\n<li style=\"font-weight: 400;\" aria-level=\"1\"><span style=\"font-weight: 400;\">Salud mental en la universidad<\/span><\/li>\n<li style=\"font-weight: 400;\" aria-level=\"1\"><span style=\"font-weight: 400;\">Articulaci\u00f3n de redes y vinculaci\u00f3n institucional<\/span><\/li>\n<\/ul>\n<p><span style=\"font-weight: 400;\">Las jornadas de salud mental de la UPLA buscan <\/span><i><span style=\"font-weight: 400;\">sensibilizar e informar a la comunidad universitaria respecto de la situaci\u00f3n de salud mental de las personas que la integran, las condiciones en las que se desarrolla, y su importancia en la vida universitaria.<\/span><\/i><\/p>\n<p><span style=\"font-weight: 400;\">La actividad es abierta para toda la comunidad y es organizada por la Facultad de Ciencias Sociales, Facultad de Ciencias de la Salud, Direcci\u00f3n General de Vinculaci\u00f3n con el Medio, Direcci\u00f3n General de Desarrollo Estudiantil y el Programa de Acompa\u00f1amiento y Acceso Efectivo (PACE) de la Universidad de Playa Ancha.<\/span><\/p>[\/et_pb_text][\/et_pb_column][\/et_pb_row][\/et_pb_section]\n","protected":false},"excerpt":{"rendered":"<p>Tras la reflexiva 1era Jornada de Salud Mental efectuada en la Universidad de Playa Ancha en 2019, y considerando el contexto social del pa\u00eds en los \u00faltimos meses, se llevar\u00e1\u00a0 [&hellip;]<\/p>\n","protected":false},"author":12,"featured_media":1416,"comment_status":"closed","ping_status":"closed","sticky":false,"template":"","format":"standard","meta":{"_et_pb_use_builder":"on","_et_pb_old_content":"","_et_gb_content_width":"2880","_price":"","_stock":"","_tribe_ticket_header":"","_tribe_default_ticket_provider":"","_tribe_ticket_capacity":"","_ticket_start_date":"","_ticket_end_date":"","_tribe_ticket_show_description":"","_tribe_ticket_show_not_going":false,"_tribe_ticket_use_global_stock":"","_tribe_ticket_global_stock_level":"","_global_stock_mode":"","_global_stock_cap":"","_tribe_rsvp_for_event":"","_tribe_ticket_going_count":"","_tribe_ticket_not_going_count":"","_tribe_tickets_list":"[]","_tribe_ticket_has_attendee_info_fields":false,"footnotes":""},"categories":[4],"tags":[],"class_list":["post-17232900","post","type-post","status-publish","format-standard","has-post-thumbnail","hentry","category-noticias"],"_links":{"self":[{"href":"https:\/\/upla.cl\/vinculacion\/wp-json\/wp\/v2\/posts\/17232900","targetHints":{"allow":["GET"]}}],"collection":[{"href":"https:\/\/upla.cl\/vinculacion\/wp-json\/wp\/v2\/posts"}],"about":[{"href":"https:\/\/upla.cl\/vinculacion\/wp-json\/wp\/v2\/types\/post"}],"author":[{"embeddable":true,"href":"https:\/\/upla.cl\/vinculacion\/wp-json\/wp\/v2\/users\/12"}],"replies":[{"embeddable":true,"href":"https:\/\/upla.cl\/vinculacion\/wp-json\/wp\/v2\/comments?post=17232900"}],"version-history":[{"count":4,"href":"https:\/\/upla.cl\/vinculacion\/wp-json\/wp\/v2\/posts\/17232900\/revisions"}],"predecessor-version":[{"id":17232910,"href":"https:\/\/upla.cl\/vinculacion\/wp-json\/wp\/v2\/posts\/17232900\/revisions\/17232910"}],"wp:featuredmedia":[{"embeddable":true,"href":"https:\/\/upla.cl\/vinculacion\/wp-json\/wp\/v2\/media\/1416"}],"wp:attachment":[{"href":"https:\/\/upla.cl\/vinculacion\/wp-json\/wp\/v2\/media?parent=17232900"}],"wp:term":[{"taxonomy":"category","embeddable":true,"href":"https:\/\/upla.cl\/vinculacion\/wp-json\/wp\/v2\/categories?post=17232900"},{"taxonomy":"post_tag","embeddable":true,"href":"https:\/\/upla.cl\/vinculacion\/wp-json\/wp\/v2\/tags?post=17232900"}],"curies":[{"name":"wp","href":"https:\/\/api.w.org\/{rel}","templated":true}]}}