{"id":17232911,"date":"2020-01-15T10:08:00","date_gmt":"2020-01-15T13:08:00","guid":{"rendered":"https:\/\/upla.cl\/vinculacion\/?p=17232911"},"modified":"2026-01-13T10:54:18","modified_gmt":"2026-01-13T13:54:18","slug":"con-activa-participacion-de-la-comunidad-se-realizo-2da-jornada-de-salud-mental-en-san-felipe","status":"publish","type":"post","link":"https:\/\/upla.cl\/vinculacion\/2020\/01\/15\/con-activa-participacion-de-la-comunidad-se-realizo-2da-jornada-de-salud-mental-en-san-felipe\/","title":{"rendered":"Con activa participaci\u00f3n de la comunidad se realiz\u00f3 2da Jornada de Salud Mental en San Felipe"},"content":{"rendered":"\n[et_pb_section fb_built=\u00bb1&#8243; fullwidth=\u00bbon\u00bb _builder_version=\u00bb4.27.4&#8243; _module_preset=\u00bbdefault\u00bb global_colors_info=\u00bb{}\u00bb theme_builder_area=\u00bbpost_content\u00bb][et_pb_fullwidth_header title=\u00bbCon activa participaci\u00f3n de la comunidad se realiz\u00f3 2da Jornada de Salud Mental en San Felipe\u00bb _builder_version=\u00bb4.27.5&#8243; _module_preset=\u00bbdefault\u00bb title_font=\u00bbLato|700|||||||\u00bb title_font_size=\u00bb50px\u00bb subhead_font=\u00bbLato||||||||\u00bb subhead_font_size=\u00bb30px\u00bb background_image=\u00bbhttps:\/\/upla.cl\/vinculacion\/wp-content\/uploads\/2020\/01\/IMG_5894.jpg\u00bb background_blend=\u00bbmultiply\u00bb custom_padding=\u00bb10%||10%||true|false\u00bb hover_enabled=\u00bb0&#8243; title_text_shadow_style=\u00bbpreset5&#8243; subhead_text_shadow_style=\u00bbpreset5&#8243; global_colors_info=\u00bb{}\u00bb theme_builder_area=\u00bbpost_content\u00bb title_text=\u00bbCon activa participaci\u00f3n de la comunidad se realiz\u00f3 2da Jornada de Salud Mental en San Felipe\u00bb sticky_enabled=\u00bb0&#8243;][\/et_pb_fullwidth_header][\/et_pb_section][et_pb_section fb_built=\u00bb1&#8243; _builder_version=\u00bb4.27.4&#8243; _module_preset=\u00bbdefault\u00bb custom_margin=\u00bb||||false|false\u00bb custom_padding=\u00bb0px||0px||true|false\u00bb global_colors_info=\u00bb{}\u00bb theme_builder_area=\u00bbpost_content\u00bb][et_pb_row column_structure=\u00bb1_3,2_3&#8243; _builder_version=\u00bb4.27.4&#8243; _module_preset=\u00bbdefault\u00bb width=\u00bb90%\u00bb global_colors_info=\u00bb{}\u00bb theme_builder_area=\u00bbpost_content\u00bb][et_pb_column type=\u00bb1_3&#8243; _builder_version=\u00bb4.27.4&#8243; _module_preset=\u00bbdefault\u00bb global_colors_info=\u00bb{}\u00bb theme_builder_area=\u00bbpost_content\u00bb][et_pb_gallery gallery_ids=\u00bb1446,1454,1449,1448,1447,1445,1444,1443,1442,1441,1428,1427,1426,1425,1424,1423&#8243; fullwidth=\u00bbon\u00bb _builder_version=\u00bb4.27.5&#8243; _module_preset=\u00bbdefault\u00bb hover_enabled=\u00bb0&#8243; global_colors_info=\u00bb{}\u00bb theme_builder_area=\u00bbpost_content\u00bb sticky_enabled=\u00bb0&#8243;][\/et_pb_gallery][\/et_pb_column][et_pb_column type=\u00bb2_3&#8243; _builder_version=\u00bb4.27.4&#8243; _module_preset=\u00bbdefault\u00bb global_colors_info=\u00bb{}\u00bb theme_builder_area=\u00bbpost_content\u00bb][et_pb_text _builder_version=\u00bb4.27.5&#8243; _module_preset=\u00bbdefault\u00bb text_font=\u00bbLato||||||||\u00bb text_font_size=\u00bb16px\u00bb hover_enabled=\u00bb0&#8243; global_colors_info=\u00bb{}\u00bb theme_builder_area=\u00bbpost_content\u00bb sticky_enabled=\u00bb0&#8243;]<p><span style=\"font-weight: 400;\">Ya en su segunda versi\u00f3n, las Jornadas de Salud Mental de la Universidad de Playa Ancha\u00a0 se han caracterizado por reunir a la comunidad en torno a un tema esencial en el contexto actual, en donde la salud mental no ha sido tomada con la relevancia que se requiere, sobre todo si se consideran aspectos generales de la salud en el pa\u00eds, en donde la crisis del sistema hospitalario se ha agudizado y las personas se ven enfrentadas a un constante estado de tensi\u00f3n emocional.<\/span><\/p>\n<p><span style=\"font-weight: 400;\">En esta <\/span><b>2da jornada titulada\u00a0 \u00abEncuentro Universidad y Comunidad: Salud mental en contexto de crisis\u201d,<\/b><span style=\"font-weight: 400;\"> la que se llev\u00f3 a cabo en el campus San Felipe de la UPLA, se continu\u00f3 con el principal objetivo de sensibilizar e informar a la comunidad universitaria respecto de la situaci\u00f3n de salud mental quienes la integran, las condiciones en las que se desarrolla, y su importancia en la vida universitaria, mediante una metodolog\u00eda de trabajo enfocada en mesas de trabajo en que los y las asistentes pudieron plantear sus inquietudes respecto a los temas propuestos: Autocuidado personal y cuidado de equipos; G\u00e9nero y salud mental; Derechos humanos y salud mental; Salud mental en la universidad; y Articulaci\u00f3n de redes y vinculaci\u00f3n institucional.<\/span><\/p>\n<p><span style=\"font-weight: 400;\">De esta forma, la actividad se inici\u00f3 con la charla <\/span><b>\u201cSalud Mental en tiempos de Crisis\u201d<\/b><span style=\"font-weight: 400;\"> a cargo de <\/span><b>Juan Pablo Araya Abarca<\/b><span style=\"font-weight: 400;\">, acad\u00e9mico y psic\u00f3logo del Departamento de Psicolog\u00eda de la Facultad de Ciencias Sociales, y <\/span><b>Javiera Parra Friz, <\/b><span style=\"font-weight: 400;\">psic\u00f3loga AES San Felipe, en donde se pudo mostrar c\u00f3mo esta funcionando la salud mental en Chile, la precarizaci\u00f3n que ha vivido en el contexto nacional, y mostrar tambi\u00e9n el c\u00f3mo se llevan a cabo estrategias para impactar a la salud mental. Adem\u00e1s, se tocaron temas de importancia universitaria, particularmente el c\u00f3mo la instituci\u00f3n se hace cargo de la salud mental de funcionarios, acad\u00e9micos, estudiantes, y los malestares que puedan haber.<\/span><\/p>[\/et_pb_text][\/et_pb_column][\/et_pb_row][et_pb_row _builder_version=\u00bb4.27.5&#8243; _module_preset=\u00bbdefault\u00bb column_structure=\u00bb2_3,1_3&#8243; theme_builder_area=\u00bbpost_content\u00bb hover_enabled=\u00bb0&#8243; sticky_enabled=\u00bb0&#8243; width=\u00bb90%\u00bb custom_padding=\u00bb3px|||||\u00bb][et_pb_column _builder_version=\u00bb4.27.5&#8243; _module_preset=\u00bbdefault\u00bb type=\u00bb2_3&#8243; theme_builder_area=\u00bbpost_content\u00bb][et_pb_text _builder_version=\u00bb4.27.5&#8243; _module_preset=\u00bbdefault\u00bb theme_builder_area=\u00bbpost_content\u00bb text_font_size=\u00bb16px\u00bb hover_enabled=\u00bb0&#8243; sticky_enabled=\u00bb0&#8243;]<p><b>Javiera Parra Friz, <\/b><span style=\"font-weight: 400;\">psic\u00f3loga AES San Felipe, expres\u00f3 la importancia haber realizado la jornada, enfatizando en la necesidad de haberla adecuado a un contexto post \u2018estallido social\u2019, en donde\u00a0<em> \u201cse busc\u00f3 darle un nuevo prop\u00f3sito, que fue situar el tema en lo que ha ocurrido en Chile y en El Valle del Aconcagua. De esta forma, el trabajo con los y las asistentes, que ven\u00edan de la comunidad de San Felipe y del campus, enriqueci\u00f3 mucho la actividad, porque no s\u00f3lo escuchamos las voces de las c\u00e1tedras, si no que tambi\u00e9n de la cotidianidad de la comunidad, que es lo que se debe potenciar\u201d.\u00a0\u00a0<\/em><\/span><\/p>\n<p><span style=\"font-weight: 400;\">Asimismo, <\/span><b>Patricio Ib\u00e1\u00f1ez<\/b><span style=\"font-weight: 400;\">, Vicerrector del Campus San Felipe UPLA, manifest\u00f3 lo fundamental que esta jornada signific\u00f3 para la comunidad del Valle del Aconcagua, particularmente en el contexto pol\u00edtico-social.\u00a0<\/span><\/p>\n<p><span style=\"font-weight: 400;\"><em>\u201cEn la jornada pudimos compartir, recoger datos muy interesantes respecto a la salud mental en Chile, en nuestra Universidad, y pudimos tambi\u00e9n tener la participaci\u00f3n de nuestros estudiantes, nuestros funcionarios y acad\u00e9micos, algo muy positivo, ya que podemos conversar y abordar estos temas en el campus San Felipe en t\u00e9rminos triestamentales\u201d<\/em>, indic\u00f3 la autoridad.<\/span><\/p>\n<p><span style=\"font-weight: 400;\">Al cierre de la jornada, Felip Gasc\u00f3n \u2013 Decano de la Facultad de Ciencias Sociales- le entreg\u00f3 al Vicerrector Ib\u00e1\u00f1ez las conclusiones obtenidas en las mesas, las que fueron muy bien acogidas por la autoridad, quien detall\u00f3 que <em>\u201cTenemos que revisar algunos de los temas que aparecen en las conclusiones que se entregaron, pues hay aspectos muy relevantes para analizar y trabajar en conjunto, ya que as\u00ed podremos ver c\u00f3mo -entre todos como comunidad- cuidamos la salud mental en la Universidad\u201d.\u00a0<\/em><\/span><\/p>\n<p><span style=\"font-weight: 400;\">Finalmente<\/span><b>, Jennifer Oyaneder, <\/b><span style=\"font-weight: 400;\">estudiante de Educaci\u00f3n Parvularia del campus San Felipe,\u00a0 se mostr\u00f3 satisfecha con la actividad, en especial porque <em>\u201cmuchos de nosotros no sabemos de estos temas, -por ejemplo mi mesa fue de g\u00e9nero y salud mental- entonces varias veces no sabemos tratar con esas problem\u00e1ticas.Tambi\u00e9n respecto del g\u00e9nero, pues hubo muchas violaciones hacia el g\u00e9nero femenino y diversidades sexuales,\u00a0 por tanto nos sirvi\u00f3 para todos, pues cada uno ten\u00eda su propia visi\u00f3n del contexto social\u201d.<\/em><\/span><\/p>\n<p><span style=\"font-weight: 400;\">De igual manera, la estudiante tambi\u00e9n destac\u00f3 que se realicen este tipo de actividades en el campus San Felipe, ya que <em>\u201ccomo estamos lejos de la casa central, estamos \u2018segregados\u2019 de distintas asambleas generales, talleres, o encuentros que se hacen en Valpara\u00edso, porque quisi\u00e9ramos ir, pero por medios no podemos llegar. Hay muchas jornadas donde nos ense\u00f1an c\u00f3mo trabajar con el estr\u00e9s estudiantil, porque el alumnado est\u00e1 constantemente en un estr\u00e9s abrumador, especialmente en este contexto, porque la mayor\u00eda volvimos a clases y se nos exige como si no hubiese pasado nada anteriormente, y eso a nosotros nos agobia, como familia, porque muchos no podemos viajar por las movilizaciones, as\u00ed que ser\u00eda bueno que se realizaran m\u00e1s cosas ac\u00e1\u201d<\/em>, concluy\u00f3.\u00a0<\/span><\/p>\n<p><span style=\"font-weight: 400;\">La actividad fue organizada por la Facultad de Ciencias Sociales, Facultad de Ciencias de la Salud, Direcci\u00f3n General de Vinculaci\u00f3n con el Medio, Direcci\u00f3n General de Desarrollo Estudiantil y el Programa de Acompa\u00f1amiento y Acceso Efectivo (PACE) de la Universidad de Playa Ancha.<\/span><\/p>[\/et_pb_text][\/et_pb_column][et_pb_column _builder_version=\u00bb4.27.5&#8243; _module_preset=\u00bbdefault\u00bb type=\u00bb1_3&#8243; theme_builder_area=\u00bbpost_content\u00bb][et_pb_gallery gallery_ids=\u00bb1422,1452,1451,1440,1439,1438,1437,1436,1435,1434,1433,1432,1431,1430,1429&#8243; fullwidth=\u00bbon\u00bb _builder_version=\u00bb4.27.5&#8243; _module_preset=\u00bbdefault\u00bb hover_enabled=\u00bb0&#8243; global_colors_info=\u00bb{}\u00bb theme_builder_area=\u00bbpost_content\u00bb sticky_enabled=\u00bb0&#8243;][\/et_pb_gallery][\/et_pb_column][\/et_pb_row][\/et_pb_section]\n","protected":false},"excerpt":{"rendered":"<p>Ya en su segunda versi\u00f3n, las Jornadas de Salud Mental de la Universidad de Playa Ancha\u00a0 se han caracterizado por reunir a la comunidad en torno a un tema esencial [&hellip;]<\/p>\n","protected":false},"author":12,"featured_media":1432,"comment_status":"closed","ping_status":"closed","sticky":false,"template":"","format":"standard","meta":{"_et_pb_use_builder":"on","_et_pb_old_content":"","_et_gb_content_width":"2880","_price":"","_stock":"","_tribe_ticket_header":"","_tribe_default_ticket_provider":"","_tribe_ticket_capacity":"","_ticket_start_date":"","_ticket_end_date":"","_tribe_ticket_show_description":"","_tribe_ticket_show_not_going":false,"_tribe_ticket_use_global_stock":"","_tribe_ticket_global_stock_level":"","_global_stock_mode":"","_global_stock_cap":"","_tribe_rsvp_for_event":"","_tribe_ticket_going_count":"","_tribe_ticket_not_going_count":"","_tribe_tickets_list":"[]","_tribe_ticket_has_attendee_info_fields":false,"footnotes":""},"categories":[4],"tags":[206],"class_list":["post-17232911","post","type-post","status-publish","format-standard","has-post-thumbnail","hentry","category-noticias","tag-salud-mental"],"_links":{"self":[{"href":"https:\/\/upla.cl\/vinculacion\/wp-json\/wp\/v2\/posts\/17232911","targetHints":{"allow":["GET"]}}],"collection":[{"href":"https:\/\/upla.cl\/vinculacion\/wp-json\/wp\/v2\/posts"}],"about":[{"href":"https:\/\/upla.cl\/vinculacion\/wp-json\/wp\/v2\/types\/post"}],"author":[{"embeddable":true,"href":"https:\/\/upla.cl\/vinculacion\/wp-json\/wp\/v2\/users\/12"}],"replies":[{"embeddable":true,"href":"https:\/\/upla.cl\/vinculacion\/wp-json\/wp\/v2\/comments?post=17232911"}],"version-history":[{"count":6,"href":"https:\/\/upla.cl\/vinculacion\/wp-json\/wp\/v2\/posts\/17232911\/revisions"}],"predecessor-version":[{"id":17232927,"href":"https:\/\/upla.cl\/vinculacion\/wp-json\/wp\/v2\/posts\/17232911\/revisions\/17232927"}],"wp:featuredmedia":[{"embeddable":true,"href":"https:\/\/upla.cl\/vinculacion\/wp-json\/wp\/v2\/media\/1432"}],"wp:attachment":[{"href":"https:\/\/upla.cl\/vinculacion\/wp-json\/wp\/v2\/media?parent=17232911"}],"wp:term":[{"taxonomy":"category","embeddable":true,"href":"https:\/\/upla.cl\/vinculacion\/wp-json\/wp\/v2\/categories?post=17232911"},{"taxonomy":"post_tag","embeddable":true,"href":"https:\/\/upla.cl\/vinculacion\/wp-json\/wp\/v2\/tags?post=17232911"}],"curies":[{"name":"wp","href":"https:\/\/api.w.org\/{rel}","templated":true}]}}