{"id":17232969,"date":"2020-03-26T09:29:00","date_gmt":"2020-03-26T12:29:00","guid":{"rendered":"https:\/\/upla.cl\/vinculacion\/?p=17232969"},"modified":"2026-01-14T09:54:02","modified_gmt":"2026-01-14T12:54:02","slug":"conectemonos-meson-de-informaciones-y-consultas-virtual","status":"publish","type":"post","link":"https:\/\/upla.cl\/vinculacion\/2020\/03\/26\/conectemonos-meson-de-informaciones-y-consultas-virtual\/","title":{"rendered":"CONECT\u00c9MONOS \u2013 Mes\u00f3n de Informaciones y consultas virtual"},"content":{"rendered":"\n[et_pb_section fb_built=\u00bb1&#8243; fullwidth=\u00bbon\u00bb _builder_version=\u00bb4.27.4&#8243; _module_preset=\u00bbdefault\u00bb global_colors_info=\u00bb{}\u00bb theme_builder_area=\u00bbpost_content\u00bb][et_pb_fullwidth_header title=\u00bbCONECT\u00c9MONOS \u2013 Mes\u00f3n de Informaciones y consultas virtual\u00bb _builder_version=\u00bb4.27.5&#8243; _module_preset=\u00bbdefault\u00bb title_font=\u00bbLato|700|||||||\u00bb title_font_size=\u00bb50px\u00bb subhead_font=\u00bbLato||||||||\u00bb subhead_font_size=\u00bb30px\u00bb background_image=\u00bbhttps:\/\/upla.cl\/vinculacion\/wp-content\/uploads\/2020\/03\/vinculat2020-web-13.jpg\u00bb background_blend=\u00bbmultiply\u00bb custom_padding=\u00bb10%||10%||true|false\u00bb hover_enabled=\u00bb0&#8243; title_text_shadow_style=\u00bbpreset5&#8243; subhead_text_shadow_style=\u00bbpreset5&#8243; global_colors_info=\u00bb{}\u00bb theme_builder_area=\u00bbpost_content\u00bb title_text=\u00bbCONECT\u00c9MONOS \u2013 Mes\u00f3n de Informaciones y consultas virtual\u00bb background_position=\u00bbtop_right\u00bb sticky_enabled=\u00bb0&#8243; background_vertical_offset=\u00bb2%\u00bb background_horizontal_offset=\u00bb62%\u00bb][\/et_pb_fullwidth_header][\/et_pb_section][et_pb_section fb_built=\u00bb1&#8243; _builder_version=\u00bb4.27.4&#8243; _module_preset=\u00bbdefault\u00bb custom_margin=\u00bb||||false|false\u00bb custom_padding=\u00bb0px||0px||true|false\u00bb global_colors_info=\u00bb{}\u00bb theme_builder_area=\u00bbpost_content\u00bb][et_pb_row column_structure=\u00bb1_3,2_3&#8243; _builder_version=\u00bb4.27.4&#8243; _module_preset=\u00bbdefault\u00bb width=\u00bb90%\u00bb global_colors_info=\u00bb{}\u00bb theme_builder_area=\u00bbpost_content\u00bb][et_pb_column type=\u00bb1_3&#8243; _builder_version=\u00bb4.27.4&#8243; _module_preset=\u00bbdefault\u00bb global_colors_info=\u00bb{}\u00bb theme_builder_area=\u00bbpost_content\u00bb][et_pb_gallery gallery_ids=\u00bb1550&#8243; fullwidth=\u00bbon\u00bb _builder_version=\u00bb4.27.5&#8243; _module_preset=\u00bbdefault\u00bb hover_enabled=\u00bb0&#8243; global_colors_info=\u00bb{}\u00bb theme_builder_area=\u00bbpost_content\u00bb sticky_enabled=\u00bb0&#8243;][\/et_pb_gallery][\/et_pb_column][et_pb_column type=\u00bb2_3&#8243; _builder_version=\u00bb4.27.4&#8243; _module_preset=\u00bbdefault\u00bb global_colors_info=\u00bb{}\u00bb theme_builder_area=\u00bbpost_content\u00bb][et_pb_text _builder_version=\u00bb4.27.5&#8243; _module_preset=\u00bbdefault\u00bb text_font=\u00bbLato||||||||\u00bb text_font_size=\u00bb16px\u00bb hover_enabled=\u00bb0&#8243; global_colors_info=\u00bb{}\u00bb theme_builder_area=\u00bbpost_content\u00bb sticky_enabled=\u00bb0&#8243;]<p><b>La Direcci\u00f3n General de Vinculaci\u00f3n con el Medio<\/b><span style=\"font-weight: 400;\"> (DGVM), cumpliendo con las medidas informadas por las autoridades de la <\/span><b>Universidad de Playa Ancha<\/b><span style=\"font-weight: 400;\">, frente a la expansi\u00f3n del Covid-19 y seg\u00fan las recomendaciones de los organismos internacionales y el Ministerio de Salud, <\/span><b>comenzar\u00e1 a operar de manera virtual en todas sus \u00e1reas<\/b><span style=\"font-weight: 400;\">.<\/span><\/p>\n<p><span style=\"font-weight: 400;\">En este sentido, para <\/span><b>resolver dudas o consultas referidas a los distintos procesos que se est\u00e9n realizando o se programen desde la DGVM<\/b><span style=\"font-weight: 400;\">, tanto para la comunidad UPLA como para las organizaciones e instituciones que trabajan con nosotros, podr\u00e1n contactarse a trav\u00e9s de nuestros correos electr\u00f3nicos o bien canalizar sus preguntas a las distintas unidades de la DGVM, escribiendo a los siguientes correos electr\u00f3nicos:<\/span><\/p>\n<ul>\n<li style=\"font-weight: 400;\" aria-level=\"1\"><b>Coordinaci\u00f3n de Egresados y Titulados:<\/b><span style=\"font-weight: 400;\"> <a href=\"mailto:daisy.gonzalez@upla.cl\">daisy.gonzalez@upla.cl<\/a> \u00a0\u2013 <a href=\"mailto:romina.gonzalez@upla.cl\">romina.gonzalez@upla.cl<\/a>\u00a0<\/span><\/li>\n<li style=\"font-weight: 400;\" aria-level=\"1\"><b>Unidad de Innovaci\u00f3n Social:<\/b><span style=\"font-weight: 400;\"> <a href=\"mailto:felipe.rivera@upla.cl\">felipe.rivera@upla.cl<\/a> \u00a0\u2013 <a href=\"mailto:mariella.ruiz@upla.cl\">mariella.ruiz@upla.cl<\/a>\u00a0<\/span><\/li>\n<li style=\"font-weight: 400;\" aria-level=\"1\"><b>Secretario Ejecutivo:<\/b><span style=\"font-weight: 400;\"> <a href=\"mailto:diego.verdejo@upla.cl\">diego.verdejo@upla.cl<\/a>\u00a0<\/span><\/li>\n<li style=\"font-weight: 400;\" aria-level=\"1\"><b>Otras consultas:<\/b><span style=\"font-weight: 400;\"> <a href=\"mailto:paula.retamal@upla.cl\">paula.retamal@upla.cl<\/a> \u00a0\u2013 <a href=\"mailto:rosalia.huenchunir@upla.cl\">rosalia.huenchunir@upla.cl<\/a>\u00a0<\/span><\/li>\n<li style=\"font-weight: 400;\" aria-level=\"1\"><b>Secretaria:<\/b><span style=\"font-weight: 400;\"> <a href=\"mailto:mgarcia@upla.cl\">mgarcia@upla.cl<\/a>\u00a0<\/span><\/li>\n<li style=\"font-weight: 400;\" aria-level=\"1\"><b>Director:<\/b><span style=\"font-weight: 400;\"> <a href=\"mailto:alvarez.juan@upla.cl\">alvarez.juan@upla.cl<\/a>\u00a0<\/span><\/li>\n<\/ul>\n<p><span style=\"font-weight: 400;\">Asimismo, tenemos considerado seguir con todas las reuniones programadas y en algunos casos las reagendaremos para permitir el desarrollo de las actividades, por medio de la plataforma ZOOM. En este sentido, <\/span><b>abriremos una sala de reuniones ZOOM de lunes a viernes desde las 11:30 a las 12:30 horas,<\/b><span style=\"font-weight: 400;\"> como <\/span><b>\u201cMes\u00f3n de Informaciones\u201d<\/b><span style=\"font-weight: 400;\">, en el cual se podr\u00e1 atender a sus dudas.<\/span><\/p>\n<p><span style=\"font-weight: 400;\"><\/span><\/p>\n<h5><b>El ingreso es a trav\u00e9s del siguiente v\u00ednculo:<\/b><a href=\"https:\/\/zoom.us\/j\/91893405451\" target=\"_blank\" rel=\"noopener\"> <\/a><b><a href=\"https:\/\/zoom.us\/j\/91893405451\" target=\"_blank\" rel=\"noopener\">https:\/\/zoom.us\/j\/91893405451<\/a><a href=\"https:\/\/zoom.us\/j\/91893405451\" target=\"_blank\" rel=\"noopener\">\u00a0<\/a><\/b><\/h5>\n<h5><span style=\"font-weight: 400;\">Puedes descargar el manual de usuario de la aplicaci\u00f3n, el cual servir\u00e1 de gu\u00eda para su uso: <\/span><b><a href=\"https:\/\/www.upla.cl\/noticias\/wp-content\/uploads\/2020\/03\/Manual_ZOOM-VCM.pdf\">MANUAL ZOOM<\/a>\u00a0<\/b><\/h5>[\/et_pb_text][\/et_pb_column][\/et_pb_row][\/et_pb_section]\n","protected":false},"excerpt":{"rendered":"<p>La Direcci\u00f3n General de Vinculaci\u00f3n con el Medio (DGVM), cumpliendo con las medidas informadas por las autoridades de la Universidad de Playa Ancha, frente a la expansi\u00f3n del Covid-19 y [&hellip;]<\/p>\n","protected":false},"author":12,"featured_media":1550,"comment_status":"closed","ping_status":"closed","sticky":false,"template":"","format":"standard","meta":{"_et_pb_use_builder":"on","_et_pb_old_content":"","_et_gb_content_width":"2880","_price":"","_stock":"","_tribe_ticket_header":"","_tribe_default_ticket_provider":"","_tribe_ticket_capacity":"","_ticket_start_date":"","_ticket_end_date":"","_tribe_ticket_show_description":"","_tribe_ticket_show_not_going":false,"_tribe_ticket_use_global_stock":"","_tribe_ticket_global_stock_level":"","_global_stock_mode":"","_global_stock_cap":"","_tribe_rsvp_for_event":"","_tribe_ticket_going_count":"","_tribe_ticket_not_going_count":"","_tribe_tickets_list":"[]","_tribe_ticket_has_attendee_info_fields":false,"footnotes":""},"categories":[4],"tags":[],"class_list":["post-17232969","post","type-post","status-publish","format-standard","has-post-thumbnail","hentry","category-noticias"],"_links":{"self":[{"href":"https:\/\/upla.cl\/vinculacion\/wp-json\/wp\/v2\/posts\/17232969","targetHints":{"allow":["GET"]}}],"collection":[{"href":"https:\/\/upla.cl\/vinculacion\/wp-json\/wp\/v2\/posts"}],"about":[{"href":"https:\/\/upla.cl\/vinculacion\/wp-json\/wp\/v2\/types\/post"}],"author":[{"embeddable":true,"href":"https:\/\/upla.cl\/vinculacion\/wp-json\/wp\/v2\/users\/12"}],"replies":[{"embeddable":true,"href":"https:\/\/upla.cl\/vinculacion\/wp-json\/wp\/v2\/comments?post=17232969"}],"version-history":[{"count":5,"href":"https:\/\/upla.cl\/vinculacion\/wp-json\/wp\/v2\/posts\/17232969\/revisions"}],"predecessor-version":[{"id":17232977,"href":"https:\/\/upla.cl\/vinculacion\/wp-json\/wp\/v2\/posts\/17232969\/revisions\/17232977"}],"wp:featuredmedia":[{"embeddable":true,"href":"https:\/\/upla.cl\/vinculacion\/wp-json\/wp\/v2\/media\/1550"}],"wp:attachment":[{"href":"https:\/\/upla.cl\/vinculacion\/wp-json\/wp\/v2\/media?parent=17232969"}],"wp:term":[{"taxonomy":"category","embeddable":true,"href":"https:\/\/upla.cl\/vinculacion\/wp-json\/wp\/v2\/categories?post=17232969"},{"taxonomy":"post_tag","embeddable":true,"href":"https:\/\/upla.cl\/vinculacion\/wp-json\/wp\/v2\/tags?post=17232969"}],"curies":[{"name":"wp","href":"https:\/\/api.w.org\/{rel}","templated":true}]}}