{"id":17232979,"date":"2020-04-06T10:05:00","date_gmt":"2020-04-06T14:05:00","guid":{"rendered":"https:\/\/upla.cl\/vinculacion\/?p=17232979"},"modified":"2026-01-14T10:13:39","modified_gmt":"2026-01-14T13:13:39","slug":"upla-realizara-charlas-virtuales-sobre-temas-asociados-a-la-emergencia-sanitaria-2","status":"publish","type":"post","link":"https:\/\/upla.cl\/vinculacion\/2020\/04\/06\/upla-realizara-charlas-virtuales-sobre-temas-asociados-a-la-emergencia-sanitaria-2\/","title":{"rendered":"UPLA realizar\u00e1 charlas virtuales sobre temas asociados a la emergencia sanitaria"},"content":{"rendered":"\n[et_pb_section fb_built=\u00bb1&#8243; fullwidth=\u00bbon\u00bb _builder_version=\u00bb4.27.4&#8243; _module_preset=\u00bbdefault\u00bb global_colors_info=\u00bb{}\u00bb theme_builder_area=\u00bbpost_content\u00bb][et_pb_fullwidth_header title=\u00bbUPLA realizar\u00e1 charlas virtuales sobre temas asociados a la emergencia sanitaria\u00bb _builder_version=\u00bb4.27.5&#8243; _module_preset=\u00bbdefault\u00bb title_font=\u00bbLato|700|||||||\u00bb title_font_size=\u00bb50px\u00bb subhead_font=\u00bbLato||||||||\u00bb subhead_font_size=\u00bb30px\u00bb background_image=\u00bbhttps:\/\/upla.cl\/vinculacion\/wp-content\/uploads\/2020\/04\/Salud-mental-web2-18.jpg\u00bb background_blend=\u00bbmultiply\u00bb custom_padding=\u00bb10%||10%||true|false\u00bb hover_enabled=\u00bb0&#8243; title_text_shadow_style=\u00bbpreset5&#8243; subhead_text_shadow_style=\u00bbpreset5&#8243; global_colors_info=\u00bb{}\u00bb theme_builder_area=\u00bbpost_content\u00bb title_text=\u00bbUPLA realizar\u00e1 charlas virtuales sobre temas asociados a la emergencia sanitaria\u00bb background_position=\u00bbtop_left\u00bb background_vertical_offset=\u00bb-60%\u00bb background_horizontal_offset=\u00bb48%\u00bb sticky_enabled=\u00bb0&#8243;][\/et_pb_fullwidth_header][\/et_pb_section][et_pb_section fb_built=\u00bb1&#8243; _builder_version=\u00bb4.27.4&#8243; _module_preset=\u00bbdefault\u00bb custom_margin=\u00bb||||false|false\u00bb custom_padding=\u00bb0px||0px||true|false\u00bb global_colors_info=\u00bb{}\u00bb theme_builder_area=\u00bbpost_content\u00bb][et_pb_row column_structure=\u00bb1_3,2_3&#8243; _builder_version=\u00bb4.27.4&#8243; _module_preset=\u00bbdefault\u00bb width=\u00bb90%\u00bb global_colors_info=\u00bb{}\u00bb theme_builder_area=\u00bbpost_content\u00bb][et_pb_column type=\u00bb1_3&#8243; _builder_version=\u00bb4.27.4&#8243; _module_preset=\u00bbdefault\u00bb global_colors_info=\u00bb{}\u00bb theme_builder_area=\u00bbpost_content\u00bb][et_pb_gallery gallery_ids=\u00bb1571&#8243; fullwidth=\u00bbon\u00bb _builder_version=\u00bb4.27.5&#8243; _module_preset=\u00bbdefault\u00bb hover_enabled=\u00bb0&#8243; global_colors_info=\u00bb{}\u00bb theme_builder_area=\u00bbpost_content\u00bb sticky_enabled=\u00bb0&#8243;][\/et_pb_gallery][et_pb_button button_text=\u00bbManual de Zoom\u00bb _builder_version=\u00bb4.27.5&#8243; _module_preset=\u00bbdefault\u00bb theme_builder_area=\u00bbpost_content\u00bb custom_button=\u00bbon\u00bb button_bg_color=\u00bb#009fe3&#8243; button_bg_enable_color=\u00bbon\u00bb hover_enabled=\u00bb0&#8243; sticky_enabled=\u00bb0&#8243; button_text_color=\u00bb#FFFFFF\u00bb custom_margin=\u00bb-17px|||||\u00bb button_url=\u00bbhttps:\/\/www.upla.cl\/noticias\/wp-content\/uploads\/2020\/04\/Manual_ZOOM-VCM.pdf\u00bb url_new_window=\u00bbon\u00bb][\/et_pb_button][\/et_pb_column][et_pb_column type=\u00bb2_3&#8243; _builder_version=\u00bb4.27.4&#8243; _module_preset=\u00bbdefault\u00bb global_colors_info=\u00bb{}\u00bb theme_builder_area=\u00bbpost_content\u00bb][et_pb_text _builder_version=\u00bb4.27.5&#8243; _module_preset=\u00bbdefault\u00bb text_font=\u00bbLato||||||||\u00bb text_font_size=\u00bb16px\u00bb hover_enabled=\u00bb0&#8243; global_colors_info=\u00bb{}\u00bb theme_builder_area=\u00bbpost_content\u00bb sticky_enabled=\u00bb0&#8243;]<p><span style=\"font-weight: 400;\">A fin de generar un di\u00e1logo virtual, en contexto de aislamiento social, entre la <\/span><b>Universidad de Playa Ancha<\/b><span style=\"font-weight: 400;\"> y sus audiencias m\u00e1s significativas como los son estudiantes, acad\u00e9micos, agentes de la comunidad y egresados, la <\/span><b>Direcci\u00f3n General de Vinculaci\u00f3n con el Medio<\/b><span style=\"font-weight: 400;\"> de esta casa de estudios, el pr\u00f3ximo lunes 06 de abril dar\u00e1 comienzo a un ciclo de charlas virtuales, las que se enmarcan dentro de la campa\u00f1a <\/span><b>\u201cQu\u00e9date en casa\u201d.<\/b><\/p>\n<p><span style=\"font-weight: 400;\">Este ciclo se realizar\u00e1 v\u00eda plataforma Zoom y cada una de ellas estar\u00e1 a cargo de especialistas de la universidad e invitados que abordar\u00e1n diferentes temas, teniendo como foco central efectos de un contexto de aislamiento para una familia, una comunidad, la regi\u00f3n y el pa\u00eds.<\/span><\/p>\n<p><b>Juan \u00c1lvarez, Director General de Vinculaci\u00f3n con el Medio<\/b><span style=\"font-weight: 400;\"> de la UPLA, destac\u00f3 que las tem\u00e1ticas abordadas ser\u00e1n de gran utilidad para enfrentar el aislamiento generado por esta crisis sanitaria: <em>\u201cTemas como salud mental, calidad de vida en momentos de encierro, el cerebro en un nuevo contexto familiar, entre otros, sin perder de vista los desaf\u00edos que seguimos teniendo como pa\u00eds y como sociedad, que podr\u00edan tambi\u00e9n ser incluidos en las charlas virtuales\u201d.<\/em><\/span><\/p>\n<p><span style=\"font-weight: 400;\">Iniciar\u00e1 este ciclo la<\/span><b> psic\u00f3loga y Dra. en Psicoterapia, Cecilia de la Cerda<\/b><span style=\"font-weight: 400;\">, quien adem\u00e1s es acad\u00e9mica\u00a0 de la carrera de Psicolog\u00eda\u00a0 de la\u00a0 UPLA e investigadora del <\/span><b>Instituto Milenio para la Investigaci\u00f3n en Depresi\u00f3n y Personalidad (MIDAP)<\/b><span style=\"font-weight: 400;\">, con la charla titulada <\/span><b>\u201cSalud Mental y Comunidad en Contextos de Pandemia\u201d.<\/b><\/p>\n<p><span style=\"font-weight: 400;\">Es as\u00ed como definido este primer tema, que por su importancia inaugura esta iniciativa, durante la pr\u00f3xima semana ser\u00e1 informado el ciclo completo con temas asociados a la emergencia y sus respectivas las fechas de realizaci\u00f3n. Los contenidos se proyectar\u00e1n en una Aula Abierta UPLA que permita favorecer un dialogo entre los acad\u00e9micos de la universidad con el entorno m\u00e1s significativo.<\/span><\/p>\n<p><span style=\"font-weight: 400;\">La charla es abierta y gratuita a toda la comunidad, los y las interesadas se deben inscribir en el siguiente formulario: <\/span><a href=\"https:\/\/forms.gle\/HQQQLjTP94sBGyM2A\" target=\"_blank\" rel=\"noopener\"><span style=\"font-weight: 400;\">https:\/\/forms.gle\/HQQQLjTP94sBGyM2A<\/span><\/a><span style=\"font-weight: 400;\">\u00a0 y acceder minutos antes de las 18 horas del lunes 6 de abril, a trav\u00e9s de la plataforma zoom en la direcci\u00f3n:<\/span><a href=\"https:\/\/zoom.us\/j\/754851937\" target=\"_blank\" rel=\"noopener\"><span style=\"font-weight: 400;\"> https:\/\/zoom.us\/j\/754851937<\/span><\/a><\/p>\n<p><br style=\"font-weight: 400;\" \/><br style=\"font-weight: 400;\" \/><\/p>[\/et_pb_text][\/et_pb_column][\/et_pb_row][\/et_pb_section]\n","protected":false},"excerpt":{"rendered":"<p>A fin de generar un di\u00e1logo virtual, en contexto de aislamiento social, entre la Universidad de Playa Ancha y sus audiencias m\u00e1s significativas como los son estudiantes, acad\u00e9micos, agentes de [&hellip;]<\/p>\n","protected":false},"author":12,"featured_media":1571,"comment_status":"closed","ping_status":"closed","sticky":false,"template":"","format":"standard","meta":{"_et_pb_use_builder":"on","_et_pb_old_content":"","_et_gb_content_width":"2880","_price":"","_stock":"","_tribe_ticket_header":"","_tribe_default_ticket_provider":"","_tribe_ticket_capacity":"","_ticket_start_date":"","_ticket_end_date":"","_tribe_ticket_show_description":"","_tribe_ticket_show_not_going":false,"_tribe_ticket_use_global_stock":"","_tribe_ticket_global_stock_level":"","_global_stock_mode":"","_global_stock_cap":"","_tribe_rsvp_for_event":"","_tribe_ticket_going_count":"","_tribe_ticket_not_going_count":"","_tribe_tickets_list":"[]","_tribe_ticket_has_attendee_info_fields":false,"footnotes":""},"categories":[4],"tags":[],"class_list":["post-17232979","post","type-post","status-publish","format-standard","has-post-thumbnail","hentry","category-noticias"],"_links":{"self":[{"href":"https:\/\/upla.cl\/vinculacion\/wp-json\/wp\/v2\/posts\/17232979","targetHints":{"allow":["GET"]}}],"collection":[{"href":"https:\/\/upla.cl\/vinculacion\/wp-json\/wp\/v2\/posts"}],"about":[{"href":"https:\/\/upla.cl\/vinculacion\/wp-json\/wp\/v2\/types\/post"}],"author":[{"embeddable":true,"href":"https:\/\/upla.cl\/vinculacion\/wp-json\/wp\/v2\/users\/12"}],"replies":[{"embeddable":true,"href":"https:\/\/upla.cl\/vinculacion\/wp-json\/wp\/v2\/comments?post=17232979"}],"version-history":[{"count":3,"href":"https:\/\/upla.cl\/vinculacion\/wp-json\/wp\/v2\/posts\/17232979\/revisions"}],"predecessor-version":[{"id":17232984,"href":"https:\/\/upla.cl\/vinculacion\/wp-json\/wp\/v2\/posts\/17232979\/revisions\/17232984"}],"wp:featuredmedia":[{"embeddable":true,"href":"https:\/\/upla.cl\/vinculacion\/wp-json\/wp\/v2\/media\/1571"}],"wp:attachment":[{"href":"https:\/\/upla.cl\/vinculacion\/wp-json\/wp\/v2\/media?parent=17232979"}],"wp:term":[{"taxonomy":"category","embeddable":true,"href":"https:\/\/upla.cl\/vinculacion\/wp-json\/wp\/v2\/categories?post=17232979"},{"taxonomy":"post_tag","embeddable":true,"href":"https:\/\/upla.cl\/vinculacion\/wp-json\/wp\/v2\/tags?post=17232979"}],"curies":[{"name":"wp","href":"https:\/\/api.w.org\/{rel}","templated":true}]}}