{"id":17233757,"date":"2022-01-03T10:04:57","date_gmt":"2022-01-03T13:04:57","guid":{"rendered":"https:\/\/upla.cl\/vinculacion\/?p=17233757"},"modified":"2026-04-01T14:23:38","modified_gmt":"2026-04-01T17:23:38","slug":"upla-y-asociacion-de-futbol-pedro-aguirre-cerda-de-valparaiso-generaron-convenio-en-2021-que-permitio-realizar-talleres-de-actividad-fisica-para-adultos-mayores-durante-la-pandemia","status":"publish","type":"post","link":"https:\/\/upla.cl\/vinculacion\/2022\/01\/03\/upla-y-asociacion-de-futbol-pedro-aguirre-cerda-de-valparaiso-generaron-convenio-en-2021-que-permitio-realizar-talleres-de-actividad-fisica-para-adultos-mayores-durante-la-pandemia\/","title":{"rendered":"UPLA y Asociaci\u00f3n de F\u00fatbol Pedro Aguirre Cerda de Valpara\u00edso generaron convenio en 2021 que permiti\u00f3 realizar talleres de actividad f\u00edsica para adultos mayores durante la pandemia"},"content":{"rendered":"<p>[et_pb_section fb_built=\u00bb1&#8243; fullwidth=\u00bbon\u00bb _builder_version=\u00bb4.27.4&#8243; _module_preset=\u00bbdefault\u00bb global_colors_info=\u00bb{}\u00bb][et_pb_fullwidth_header title=\u00bbUPLA y Asociaci\u00f3n de F\u00fatbol Pedro Aguirre Cerda de Valpara\u00edso generaron convenio en 2021 que permiti\u00f3 realizar talleres de actividad f\u00edsica para adultos mayores durante la pandemia\u00bb _builder_version=\u00bb4.27.5&#8243; _module_preset=\u00bbdefault\u00bb title_font=\u00bbLato|700|||||||\u00bb title_font_size=\u00bb50px\u00bb subhead_font=\u00bbLato||||||||\u00bb subhead_font_size=\u00bb30px\u00bb background_image=\u00bbhttps:\/\/upla.cl\/vinculacion\/wp-content\/uploads\/2022\/01\/20211217_110623-scaled.jpg\u00bb background_blend=\u00bbmultiply\u00bb custom_padding=\u00bb10%||10%||true|false\u00bb title_text_shadow_style=\u00bbpreset5&#8243; subhead_text_shadow_style=\u00bbpreset5&#8243; global_colors_info=\u00bb{}\u00bb][\/et_pb_fullwidth_header][\/et_pb_section][et_pb_section fb_built=\u00bb1&#8243; _builder_version=\u00bb4.27.4&#8243; _module_preset=\u00bbdefault\u00bb custom_margin=\u00bb||||false|false\u00bb custom_padding=\u00bb0px||0px||true|false\u00bb global_colors_info=\u00bb{}\u00bb][et_pb_row column_structure=\u00bb1_3,2_3&#8243; _builder_version=\u00bb4.27.4&#8243; _module_preset=\u00bbdefault\u00bb width=\u00bb90%\u00bb global_colors_info=\u00bb{}\u00bb][et_pb_column type=\u00bb1_3&#8243; _builder_version=\u00bb4.27.4&#8243; _module_preset=\u00bbdefault\u00bb global_colors_info=\u00bb{}\u00bb][et_pb_gallery gallery_ids=\u00bb3482,3483&#8243; fullwidth=\u00bbon\u00bb _builder_version=\u00bb4.27.5&#8243; _module_preset=\u00bbdefault\u00bb global_colors_info=\u00bb{}\u00bb][\/et_pb_gallery][\/et_pb_column][et_pb_column type=\u00bb2_3&#8243; _builder_version=\u00bb4.27.4&#8243; _module_preset=\u00bbdefault\u00bb global_colors_info=\u00bb{}\u00bb][et_pb_text _builder_version=\u00bb4.27.5&#8243; _module_preset=\u00bbdefault\u00bb text_font=\u00bbLato|700|||||||\u00bb text_font_size=\u00bb16px\u00bb header_4_font=\u00bbLato|700|||||||\u00bb global_colors_info=\u00bb{}\u00bb]El acad\u00e9mico y director de la iniciativa, Sergio Galdames, proyect\u00f3 que en 2022 se seguir\u00e1 trabajando para crear un impacto positivo en la comunidad.[\/et_pb_text][et_pb_text _builder_version=\u00bb4.27.5&#8243; _module_preset=\u00bbdefault\u00bb text_font=\u00bbLato||||||||\u00bb text_font_size=\u00bb16px\u00bb custom_margin=\u00bb-27px|||||\u00bb global_colors_info=\u00bb{}\u00bb]<\/p>\n<p>Durante el segundo semestre de 2021 se desarroll\u00f3 el proyecto \u201cLa actividad F\u00edsica nos vincula con la comunidad\u201d, el que forma parte de una de las 10 iniciativas de acad\u00e9micos y acad\u00e9micas adjudicadas por la Direcci\u00f3n General de Vinculaci\u00f3n con el Medio (DGVM) de la Universidad de Playa Ancha (UPLA). El acad\u00e9mico de la Facultad de Ciencias de la Actividad F\u00edsica y el Deporte, Sergio Galdames Maliqueo desarroll\u00f3 el proyecto que busca mejorar la calidad de vida de adultos mayores pertenecientes a la Asociaci\u00f3n de F\u00fatbol Pedro Aguirre Cerda de Valpara\u00edso.<\/p>\n<p>De esta forma, y pese a la situaci\u00f3n sanitaria que afecta al pa\u00eds y al mundo, se pudieron realizar talleres presenciales para adultos mayores, logrando una alta participaci\u00f3n durante las ocho semanas en que se realizaron las labores. Gracias al v\u00ednculo con la Asociaci\u00f3n, se logr\u00f3 llegar a miembros de los ocho clubes deportivos que lo conforman, los que se ubican en los cerros El Litre, Las Ca\u00f1as y La Cruz.<\/p>\n<p>El acad\u00e9mico UPLA se\u00f1al\u00f3 que <em>\u201cten\u00edamos que reunir grupos de personas y sobre todo con personas mayores que es el grupo m\u00e1s golpeado por la pandemia, poblaci\u00f3n que por m\u00e1s de un a\u00f1o no sali\u00f3 a la calle. As\u00ed que ese era un hito dif\u00edcil de sacar adelante, pero nos dimos cuenta que con el pasar de las sesiones y del tiempo el cari\u00f1o, la entrega y entusiasmo de la gente hizo que el temor fuera desapareciendo. Los temores de los adultos mayores de salir, de hacer actividad f\u00edsica\u201d.<\/em><\/p>\n<p>Adem\u00e1s, Galdames destac\u00f3 que pese a las posibles complejidades que pod\u00edan sufrir los adultos mayores durante el desarrollo de las actividades, <em>\u201cfinalmente todo eso se super\u00f3 y logramos hacer la intervenci\u00f3n presencial de ocho semanas, que era lo que m\u00e1s quer\u00edamos, y sin ning\u00fan adulto mayor por lesiones o que haya tenido que abandonar el programa por alg\u00fan problema articular o muscular\u201d.<\/em><\/p>\n<p>Por su parte la presidenta de la Asociaci\u00f3n, Alicia Vargas, manifest\u00f3 que<em> \u201ccon todos los trabajos que hemos realizado con la universidad, con los talleres que nos han entregado y charlas virtuales que hicimos el a\u00f1o pasado y este a\u00f1o, siempre est\u00e1 la propuesta de que nosotros queremos seguir en este tipo de actividades porque es un beneficio para todos. Para nosotros como comunidad deportiva y tambi\u00e9n atraer a las comunidades externas a lo que es jugar f\u00fatbol, entonces queremos trabajar con ellos. La idea es seguir trabajando tanto con los adultos mayores, como tambi\u00e9n con las otras edades\u201d.<\/em><\/p>\n<p>El director del proyecto adelant\u00f3 que junto a su equipo est\u00e1n trabajando para continuar realizando los talleres de actividad f\u00edsica a adultos mayores, ya que la comunidad impactada solicit\u00f3 que el v\u00ednculo se mantenga. Esto, adem\u00e1s, permitir\u00eda incluir otras \u00e1reas de la universidad para lograr un impacto m\u00e1s integral.<\/p>\n<p>[\/et_pb_text][\/et_pb_column][\/et_pb_row][\/et_pb_section]<\/p>\n","protected":false},"excerpt":{"rendered":"<p>El acad\u00e9mico y director de la iniciativa, Sergio Galdames, proyect\u00f3 que en 2022 se seguir\u00e1 trabajando para crear un impacto positivo en la comunidad.Durante el segundo semestre de 2021 se [&hellip;]<\/p>\n","protected":false},"author":12,"featured_media":3482,"comment_status":"closed","ping_status":"closed","sticky":false,"template":"","format":"standard","meta":{"_et_pb_use_builder":"on","_et_pb_old_content":"","_et_gb_content_width":"","_price":"","_stock":"","_tribe_ticket_header":"","_tribe_default_ticket_provider":"","_tribe_ticket_capacity":"","_ticket_start_date":"","_ticket_end_date":"","_tribe_ticket_show_description":"","_tribe_ticket_show_not_going":false,"_tribe_ticket_use_global_stock":"","_tribe_ticket_global_stock_level":"","_global_stock_mode":"","_global_stock_cap":"","_tribe_rsvp_for_event":"","_tribe_ticket_going_count":"","_tribe_ticket_not_going_count":"","_tribe_tickets_list":"[]","_tribe_ticket_has_attendee_info_fields":false,"footnotes":""},"categories":[4],"tags":[],"class_list":["post-17233757","post","type-post","status-publish","format-standard","has-post-thumbnail","hentry","category-noticias"],"_links":{"self":[{"href":"https:\/\/upla.cl\/vinculacion\/wp-json\/wp\/v2\/posts\/17233757","targetHints":{"allow":["GET"]}}],"collection":[{"href":"https:\/\/upla.cl\/vinculacion\/wp-json\/wp\/v2\/posts"}],"about":[{"href":"https:\/\/upla.cl\/vinculacion\/wp-json\/wp\/v2\/types\/post"}],"author":[{"embeddable":true,"href":"https:\/\/upla.cl\/vinculacion\/wp-json\/wp\/v2\/users\/12"}],"replies":[{"embeddable":true,"href":"https:\/\/upla.cl\/vinculacion\/wp-json\/wp\/v2\/comments?post=17233757"}],"version-history":[{"count":4,"href":"https:\/\/upla.cl\/vinculacion\/wp-json\/wp\/v2\/posts\/17233757\/revisions"}],"predecessor-version":[{"id":17233782,"href":"https:\/\/upla.cl\/vinculacion\/wp-json\/wp\/v2\/posts\/17233757\/revisions\/17233782"}],"wp:featuredmedia":[{"embeddable":true,"href":"https:\/\/upla.cl\/vinculacion\/wp-json\/wp\/v2\/media\/3482"}],"wp:attachment":[{"href":"https:\/\/upla.cl\/vinculacion\/wp-json\/wp\/v2\/media?parent=17233757"}],"wp:term":[{"taxonomy":"category","embeddable":true,"href":"https:\/\/upla.cl\/vinculacion\/wp-json\/wp\/v2\/categories?post=17233757"},{"taxonomy":"post_tag","embeddable":true,"href":"https:\/\/upla.cl\/vinculacion\/wp-json\/wp\/v2\/tags?post=17233757"}],"curies":[{"name":"wp","href":"https:\/\/api.w.org\/{rel}","templated":true}]}}