{"id":17233783,"date":"2022-01-14T14:25:29","date_gmt":"2022-01-14T17:25:29","guid":{"rendered":"https:\/\/upla.cl\/vinculacion\/?p=17233783"},"modified":"2026-04-01T14:37:22","modified_gmt":"2026-04-01T17:37:22","slug":"educacion-ambiental-ciudadana-proyecto-de-estudiantes-upla-convoco-a-vecinos-y-vecinas-de-rinconada-de-los-andes-para-impartir-talleres-de-compostaje-y-vermicompostaje","status":"publish","type":"post","link":"https:\/\/upla.cl\/vinculacion\/2022\/01\/14\/educacion-ambiental-ciudadana-proyecto-de-estudiantes-upla-convoco-a-vecinos-y-vecinas-de-rinconada-de-los-andes-para-impartir-talleres-de-compostaje-y-vermicompostaje\/","title":{"rendered":"Educaci\u00f3n Ambiental ciudadana: Proyecto de estudiantes UPLA convoc\u00f3 a vecinos y vecinas de Rinconada de los Andes para impartir talleres de compostaje y vermicompostaje"},"content":{"rendered":"<p>[et_pb_section fb_built=\u00bb1&#8243; fullwidth=\u00bbon\u00bb _builder_version=\u00bb4.27.4&#8243; _module_preset=\u00bbdefault\u00bb global_colors_info=\u00bb{}\u00bb theme_builder_area=\u00bbpost_content\u00bb][et_pb_fullwidth_header title=\u00bbEducaci\u00f3n Ambiental ciudadana: Proyecto de estudiantes UPLA convoc\u00f3 a vecinos y vecinas de Rinconada de los Andes para impartir talleres de compostaje y vermicompostaje\u00bb _builder_version=\u00bb4.27.5&#8243; _module_preset=\u00bbdefault\u00bb title_font=\u00bbLato|700|||||||\u00bb title_font_size=\u00bb50px\u00bb subhead_font=\u00bbLato||||||||\u00bb subhead_font_size=\u00bb30px\u00bb background_image=\u00bbhttps:\/\/upla.cl\/vinculacion\/wp-content\/uploads\/2022\/01\/WhatsApp-Image-2022-01-14-at-12.23.47-e1642174378504.jpeg\u00bb background_blend=\u00bbmultiply\u00bb custom_padding=\u00bb10%||10%||true|false\u00bb hover_enabled=\u00bb0&#8243; title_text_shadow_style=\u00bbpreset5&#8243; subhead_text_shadow_style=\u00bbpreset5&#8243; global_colors_info=\u00bb{}\u00bb theme_builder_area=\u00bbpost_content\u00bb title_text=\u00bbEco grabado con materiales reciclados\u00bb sticky_enabled=\u00bb0&#8243;][\/et_pb_fullwidth_header][\/et_pb_section][et_pb_section fb_built=\u00bb1&#8243; _builder_version=\u00bb4.27.4&#8243; _module_preset=\u00bbdefault\u00bb custom_margin=\u00bb||||false|false\u00bb custom_padding=\u00bb0px||0px||true|false\u00bb global_colors_info=\u00bb{}\u00bb theme_builder_area=\u00bbpost_content\u00bb][et_pb_row column_structure=\u00bb1_3,2_3&#8243; _builder_version=\u00bb4.27.4&#8243; _module_preset=\u00bbdefault\u00bb width=\u00bb90%\u00bb global_colors_info=\u00bb{}\u00bb theme_builder_area=\u00bbpost_content\u00bb][et_pb_column type=\u00bb1_3&#8243; _builder_version=\u00bb4.27.4&#8243; _module_preset=\u00bbdefault\u00bb global_colors_info=\u00bb{}\u00bb theme_builder_area=\u00bbpost_content\u00bb][et_pb_gallery gallery_ids=\u00bb3490,3489,3491,3493,3495&#8243; fullwidth=\u00bbon\u00bb _builder_version=\u00bb4.27.5&#8243; _module_preset=\u00bbdefault\u00bb hover_enabled=\u00bb0&#8243; global_colors_info=\u00bb{}\u00bb theme_builder_area=\u00bbpost_content\u00bb sticky_enabled=\u00bb0&#8243;][\/et_pb_gallery][\/et_pb_column][et_pb_column type=\u00bb2_3&#8243; _builder_version=\u00bb4.27.4&#8243; _module_preset=\u00bbdefault\u00bb global_colors_info=\u00bb{}\u00bb theme_builder_area=\u00bbpost_content\u00bb][et_pb_text _builder_version=\u00bb4.27.5&#8243; _module_preset=\u00bbdefault\u00bb theme_builder_area=\u00bbpost_content\u00bb text_font=\u00bbLato|700|||||||\u00bb text_font_size=\u00bb18px\u00bb header_4_font=\u00bbLato||||||||\u00bb hover_enabled=\u00bb0&#8243; sticky_enabled=\u00bb0&#8243;]En la instancia, adem\u00e1s se realiz\u00f3 una exposici\u00f3n sobre la flora y fauna que habita en el Valle de Aconcagua.[\/et_pb_text][et_pb_text _builder_version=\u00bb4.27.5&#8243; _module_preset=\u00bbdefault\u00bb text_font=\u00bbLato||||||||\u00bb text_font_size=\u00bb16px\u00bb hover_enabled=\u00bb0&#8243; global_colors_info=\u00bb{}\u00bb theme_builder_area=\u00bbpost_content\u00bb custom_margin=\u00bb-28px|||||\u00bb sticky_enabled=\u00bb0&#8243;]<\/p>\n<p>El equipo del proyecto<a href=\"https:\/\/www.instagram.com\/mente_ambiente\/\" target=\"_blank\" rel=\"noopener\"> \u201cMente Ambiente\u201d<\/a>, liderado por la estudiante de Pedagog\u00eda en Educaci\u00f3n Diferencial, B\u00e1rbara Araya, realiz\u00f3 una actividad abierta a la comunidad en la Plaza de Rinconada de los Andes, regi\u00f3n de Valpara\u00edso, en la que se realizaron talleres de compostaje, vermicompostaje, eco grabado y tejido sostenible, con materiales reciclados. \u201cMente Ambiente\u201d es uno de los 22 proyectos que apoy\u00f3 y financi\u00f3 la Direcci\u00f3n General de Vinculaci\u00f3n con el Medio de la Universidad de Playa Ancha (UPLA) en 2021.<\/p>\n<p>La finalidad del proyecto, que comenz\u00f3 en la segunda mitad del pasado a\u00f1o, consist\u00eda en disminuir la contaminaci\u00f3n producida por los residuos org\u00e1nicos que se encuentran en basureros y vertederos del Valle de Aconcagua, adem\u00e1s de buscar sistemas de riego para los cultivos en tiempos de sequ\u00eda. Tambi\u00e9n se crearon dos composteras en distintos puntos de la zona, una de las beneficiadas fue la sede San Felipe de la UPLA.<\/p>\n<p><strong>Talleres abiertos a la comunidad<\/strong><\/p>\n<p><span style=\"font-weight: 400;\">Durante la jornada de cierre del proyecto, el equipo se emplaz\u00f3 en un sector de la plaza local con distintos stands, con el fin de que vecinos y vecinas interactuaran, aprendieran y crearan conciencia acerca del cuidado medioambiental en la zona, adem\u00e1s de conocer la flora y fauna del sector.<\/span><\/p>\n<p><span style=\"font-weight: 400;\">En primer lugar, se realiz\u00f3 el taller de compostaje y vermicompostaje con lombrices que facilitan el proceso de eliminaci\u00f3n de residuos org\u00e1nicos para aportar nutrientes a la tierra. Tambi\u00e9n miembros del proyecto compartieron conocimiento sobre c\u00f3mo crearlas, adem\u00e1s de regalar lombrices para que vecinos y vecinas comiencen a hacer sus propias vermicomposteras.<\/span><\/p>\n<p><span style=\"font-weight: 400;\">Por otra parte, se realizaron los talleres de eco grabado y tejido sostenible, con materiales reciclados como envases de tetrapack, cartones, lanas, retazos de telas, entre otros. A su vez, se realiz\u00f3 una exposici\u00f3n fotogr\u00e1fica con la flora y fauna del Valle de Aconcagua, donde se educ\u00f3 acerca de la existencia de gran cantidad de guanacos en la zona. Esta \u00faltima actividad estuvo a cargo del ge\u00f3grafo Ricardo Estay, quien tambi\u00e9n es miembro activo de<\/span><a href=\"https:\/\/www.instagram.com\/wanakuakunkawa\/\" target=\"_blank\" rel=\"noopener\"> <span style=\"font-weight: 400;\">Wanaku Akunkawa<\/span><\/a><span style=\"font-weight: 400;\">, organizaci\u00f3n creada en 2020 que busca generar un catastro acerca de los avistamientos de dicho animal en la zona cordillerana del lugar.<\/span><\/p>\n<p><span style=\"font-weight: 400;\"><em>\u201cWanaku Akunkawa se relaciona con el proyecto porque todo tiene que ver con el ecosistema. Tratar de ayudar de alguna manera, quiz\u00e1 no directamente, pero de alguna manera ayudamos a respetar el ambiente de los guanacos, quiz\u00e1s indirectamente educando, (\u2026) a reciclar para que no haya tanta basura porque hay zonas en la cordillera donde hay mucha basura. De esta forma aportamos con el proceso de los residuos org\u00e1nicos a mejorar eso. Mucha gente va a la monta\u00f1a y piensa que el residuo org\u00e1nico no es basura, pero s\u00ed lo es. Por ejemplo, si uno tira una c\u00e1scara de pl\u00e1tano y tiene agroqu\u00edmicos, se la come un guanaco y va a ser perjudicial para \u00e9l\u201d<\/em>, explic\u00f3 el ge\u00f3grafo.<\/span><\/p>\n<p><span style=\"font-weight: 400;\">Las proyecciones de \u201c<\/span><a href=\"https:\/\/www.instagram.com\/mente_ambiente\/\" target=\"_blank\" rel=\"noopener\"><span style=\"font-weight: 400;\">Mente Ambiente<\/span><\/a><span style=\"font-weight: 400;\">\u201d contemplan poder brindar educaci\u00f3n medioambiental al Jard\u00edn Renacer, con quienes ya han tenido reuniones para implementar aquello en su proyecto educativo. Tambi\u00e9n, el equipo busca establecer un nexo con la Municipalidad de Los Andes para conseguir apoyo para realizar m\u00e1s actividades abiertas a la comunidad para fomentar la creaci\u00f3n de espacios para el compostaje de residuos org\u00e1nicos.<\/span><\/p>\n<p><span style=\"font-weight: 400;\">B\u00e1rbara Araya, directora del proyecto, indic\u00f3 <em>\u201cSiento que hubo una gran concurrencia. Si bien no vino toda la gente de una sola vez, el p\u00fablico fue fluyendo. Y tambi\u00e9n hoy quisimos abordar varias tem\u00e1ticas (\u2026), yo present\u00e9 el compostaje y vermicompostaje, la gente se vio muy interesada, me pidi\u00f3 el contacto para despu\u00e9s pedirme lombrices. Un caballero se comprometi\u00f3 a, si conseguimos madera y algunos materiales, se ofrec\u00eda a hacer m\u00e1s composteras, porque es carpintero (\u2026). La gente se vio bastante interesada, sobre todo en las lombrices\u201d<\/em>, sentenci\u00f3.<\/span><\/p>\n<p><span style=\"font-weight: 400;\">Finalmente, la estudiante extendi\u00f3 la invitaci\u00f3n a la comunidad local a sumarse al equipo de \u201cMente Ambiente\u201d con la finalidad de aprender de educaci\u00f3n ambiental y as\u00ed replicar en sus hogares los conocimientos adquiridos.<\/span><\/p>\n<p><br style=\"font-weight: 400;\" \/><br style=\"font-weight: 400;\" \/><br style=\"font-weight: 400;\" \/><br style=\"font-weight: 400;\" \/><\/p>\n<p>[\/et_pb_text][\/et_pb_column][\/et_pb_row][\/et_pb_section]<\/p>\n","protected":false},"excerpt":{"rendered":"<p>En la instancia, adem\u00e1s se realiz\u00f3 una exposici\u00f3n sobre la flora y fauna que habita en el Valle de Aconcagua.El equipo del proyecto \u201cMente Ambiente\u201d, liderado por la estudiante de [&hellip;]<\/p>\n","protected":false},"author":12,"featured_media":3495,"comment_status":"closed","ping_status":"closed","sticky":false,"template":"","format":"standard","meta":{"_et_pb_use_builder":"on","_et_pb_old_content":"","_et_gb_content_width":"","_price":"","_stock":"","_tribe_ticket_header":"","_tribe_default_ticket_provider":"","_tribe_ticket_capacity":"","_ticket_start_date":"","_ticket_end_date":"","_tribe_ticket_show_description":"","_tribe_ticket_show_not_going":false,"_tribe_ticket_use_global_stock":"","_tribe_ticket_global_stock_level":"","_global_stock_mode":"","_global_stock_cap":"","_tribe_rsvp_for_event":"","_tribe_ticket_going_count":"","_tribe_ticket_not_going_count":"","_tribe_tickets_list":"[]","_tribe_ticket_has_attendee_info_fields":false,"footnotes":""},"categories":[4],"tags":[218],"class_list":["post-17233783","post","type-post","status-publish","format-standard","has-post-thumbnail","hentry","category-noticias","tag-proyectos-2021"],"_links":{"self":[{"href":"https:\/\/upla.cl\/vinculacion\/wp-json\/wp\/v2\/posts\/17233783","targetHints":{"allow":["GET"]}}],"collection":[{"href":"https:\/\/upla.cl\/vinculacion\/wp-json\/wp\/v2\/posts"}],"about":[{"href":"https:\/\/upla.cl\/vinculacion\/wp-json\/wp\/v2\/types\/post"}],"author":[{"embeddable":true,"href":"https:\/\/upla.cl\/vinculacion\/wp-json\/wp\/v2\/users\/12"}],"replies":[{"embeddable":true,"href":"https:\/\/upla.cl\/vinculacion\/wp-json\/wp\/v2\/comments?post=17233783"}],"version-history":[{"count":2,"href":"https:\/\/upla.cl\/vinculacion\/wp-json\/wp\/v2\/posts\/17233783\/revisions"}],"predecessor-version":[{"id":17233786,"href":"https:\/\/upla.cl\/vinculacion\/wp-json\/wp\/v2\/posts\/17233783\/revisions\/17233786"}],"wp:featuredmedia":[{"embeddable":true,"href":"https:\/\/upla.cl\/vinculacion\/wp-json\/wp\/v2\/media\/3495"}],"wp:attachment":[{"href":"https:\/\/upla.cl\/vinculacion\/wp-json\/wp\/v2\/media?parent=17233783"}],"wp:term":[{"taxonomy":"category","embeddable":true,"href":"https:\/\/upla.cl\/vinculacion\/wp-json\/wp\/v2\/categories?post=17233783"},{"taxonomy":"post_tag","embeddable":true,"href":"https:\/\/upla.cl\/vinculacion\/wp-json\/wp\/v2\/tags?post=17233783"}],"curies":[{"name":"wp","href":"https:\/\/api.w.org\/{rel}","templated":true}]}}