{"id":17233796,"date":"2022-01-21T14:58:49","date_gmt":"2022-01-21T17:58:49","guid":{"rendered":"https:\/\/upla.cl\/vinculacion\/?p=17233796"},"modified":"2026-04-01T15:12:38","modified_gmt":"2026-04-01T18:12:38","slug":"de-origen-a-fin-estudiantes-de-arte-upla-que-crearon-residencia-ceramica-en-valparaiso-expondran-sus-piezas-artisticas-a-fines-de-enero","status":"publish","type":"post","link":"https:\/\/upla.cl\/vinculacion\/2022\/01\/21\/de-origen-a-fin-estudiantes-de-arte-upla-que-crearon-residencia-ceramica-en-valparaiso-expondran-sus-piezas-artisticas-a-fines-de-enero\/","title":{"rendered":"\u201cDe origen a fin\u201d: Estudiantes de Arte UPLA que crearon residencia cer\u00e1mica en Valpara\u00edso expondr\u00e1n sus piezas art\u00edsticas a fines de enero"},"content":{"rendered":"<p>[et_pb_section fb_built=\u00bb1&#8243; fullwidth=\u00bbon\u00bb _builder_version=\u00bb4.27.4&#8243; _module_preset=\u00bbdefault\u00bb global_colors_info=\u00bb{}\u00bb][et_pb_fullwidth_header title=\u00bb\u201cDe origen a fin\u201d: Estudiantes de Arte UPLA que crearon residencia cer\u00e1mica en Valpara\u00edso expondr\u00e1n sus piezas art\u00edsticas a fines de enero\u00bb _builder_version=\u00bb4.27.5&#8243; _module_preset=\u00bbdefault\u00bb title_font=\u00bbLato|700|||||||\u00bb title_font_size=\u00bb50px\u00bb subhead_font=\u00bbLato||||||||\u00bb subhead_font_size=\u00bb30px\u00bb background_image=\u00bbhttps:\/\/upla.cl\/vinculacion\/wp-content\/uploads\/2022\/01\/proyecto-hallazgos-1-scaled.jpg\u00bb background_blend=\u00bbmultiply\u00bb custom_padding=\u00bb10%||10%||true|false\u00bb hover_enabled=\u00bb0&#8243; title_text_shadow_style=\u00bbpreset5&#8243; subhead_text_shadow_style=\u00bbpreset5&#8243; global_colors_info=\u00bb{}\u00bb sticky_enabled=\u00bb0&#8243;][\/et_pb_fullwidth_header][\/et_pb_section][et_pb_section fb_built=\u00bb1&#8243; _builder_version=\u00bb4.27.4&#8243; _module_preset=\u00bbdefault\u00bb custom_margin=\u00bb||||false|false\u00bb custom_padding=\u00bb0px||0px||true|false\u00bb global_colors_info=\u00bb{}\u00bb][et_pb_row column_structure=\u00bb1_3,2_3&#8243; _builder_version=\u00bb4.27.4&#8243; _module_preset=\u00bbdefault\u00bb width=\u00bb90%\u00bb global_colors_info=\u00bb{}\u00bb][et_pb_column type=\u00bb1_3&#8243; _builder_version=\u00bb4.27.4&#8243; _module_preset=\u00bbdefault\u00bb global_colors_info=\u00bb{}\u00bb][et_pb_gallery gallery_ids=\u00bb3513,3512,3511&#8243; fullwidth=\u00bbon\u00bb _builder_version=\u00bb4.27.5&#8243; _module_preset=\u00bbdefault\u00bb hover_enabled=\u00bb0&#8243; global_colors_info=\u00bb{}\u00bb sticky_enabled=\u00bb0&#8243;][\/et_pb_gallery][\/et_pb_column][et_pb_column type=\u00bb2_3&#8243; _builder_version=\u00bb4.27.4&#8243; _module_preset=\u00bbdefault\u00bb global_colors_info=\u00bb{}\u00bb][et_pb_text _builder_version=\u00bb4.27.5&#8243; _module_preset=\u00bbdefault\u00bb text_font_size=\u00bb18px\u00bb text_font=\u00bbLato|700|||||||\u00bb hover_enabled=\u00bb0&#8243; sticky_enabled=\u00bb0&#8243;]La iniciativa fue uno de los 22 proyectos de innovaci\u00f3n social impulsados por la Direcci\u00f3n General de Vinculaci\u00f3n con el Medio de la universidad.<br \/>\n[\/et_pb_text][et_pb_text _builder_version=\u00bb4.27.5&#8243; _module_preset=\u00bbdefault\u00bb text_font=\u00bbLato||||||||\u00bb text_font_size=\u00bb16px\u00bb global_colors_info=\u00bb{}\u00bb custom_margin=\u00bb-21px|||||\u00bb]<\/p>\n<p>\u201cHallazgos, nuevas formas de interpretar el territorio a trav\u00e9s del arte cer\u00e1mico\u201d, es el proyecto liderado por la estudiante de Licenciatura en Arte de la Universidad de Playa Ancha (UPLA), el que tuvo por objetivo crear una residencia cer\u00e1mica en las dependencias de Worm Gallery, a los pies del Cerro Merced, en Valpara\u00edso. La experiencia reuni\u00f3 a 10 j\u00f3venes, mujeres y disidencias de la carrera, con el fin de tener un espacio para realizar creaciones art\u00edsticas propias y colectivas, todas en base a la recolecci\u00f3n de tierras locales, combinando t\u00e9cnicas y procesos en relaci\u00f3n al arte de la cer\u00e1mica.<\/p>\n<p>Gracias al apoyo de la Direcci\u00f3n General de Vinculaci\u00f3n con el Medio (DGVM) de la UPLA, dentro de sus creaciones art\u00edsticas, los y las participantes llevaron a cabo una reinterpretaci\u00f3n de s\u00edmbolos y formas de la cultura aconcagua-diaguita, otorg\u00e1ndole una mirada contempor\u00e1nea a trav\u00e9s de las distintas t\u00e9cnicas. De esta manera, el equipo del proyecto busc\u00f3 reivindicar, aprender y ense\u00f1ar sobre dicha cultura.<\/p>\n<p>La residencia, llamada \u201cDe origen a fin\u201d, abrir\u00e1 sus puertas en Worm Gallery el pr\u00f3ximo 28 de enero para exponer las m\u00e1s de 50 piezas art\u00edsticas realizadas para reivindicar el oficio m\u00e1s que ser un producto comercial. Adem\u00e1s, durante los meses de enero y febrero se realizar\u00e1n talleres abiertos a la comunidad, para que puedan experimentar y aprender acerca del oficio y el arte de la cer\u00e1mica.<\/p>\n<p>Carla Repiso, directora del proyecto, expres\u00f3 que <em>\u201cesta fue una primera experiencia y un acercamiento a lo que podr\u00eda llegar a ser un trabajo quiz\u00e1s m\u00e1s formal o colectivamente, llev\u00e1ndolo a la formalidad. Y tambi\u00e9n puede ser como una extensi\u00f3n o un electivo que m\u00e1s adelante podemos desarrollar para las personas que no necesariamente pertenezcan a la carrera de Arte. Por otro lado, para nosotras es s\u00faper importante el poder seguir teniendo esta oportunidad de exponer fuera de la universidad e ir sumando experiencia a nuestros curr\u00edculos como artistas\u00bb.<\/em><\/p>\n<p>[\/et_pb_text][\/et_pb_column][\/et_pb_row][\/et_pb_section]<\/p>\n","protected":false},"excerpt":{"rendered":"<p>La iniciativa fue uno de los 22 proyectos de innovaci\u00f3n social impulsados por la Direcci\u00f3n General de Vinculaci\u00f3n con el Medio de la universidad. \u201cHallazgos, nuevas formas de interpretar el [&hellip;]<\/p>\n","protected":false},"author":12,"featured_media":3511,"comment_status":"closed","ping_status":"closed","sticky":false,"template":"","format":"standard","meta":{"_et_pb_use_builder":"on","_et_pb_old_content":"","_et_gb_content_width":"","_price":"","_stock":"","_tribe_ticket_header":"","_tribe_default_ticket_provider":"","_tribe_ticket_capacity":"","_ticket_start_date":"","_ticket_end_date":"","_tribe_ticket_show_description":"","_tribe_ticket_show_not_going":false,"_tribe_ticket_use_global_stock":"","_tribe_ticket_global_stock_level":"","_global_stock_mode":"","_global_stock_cap":"","_tribe_rsvp_for_event":"","_tribe_ticket_going_count":"","_tribe_ticket_not_going_count":"","_tribe_tickets_list":"[]","_tribe_ticket_has_attendee_info_fields":false,"footnotes":""},"categories":[4],"tags":[220,218],"class_list":["post-17233796","post","type-post","status-publish","format-standard","has-post-thumbnail","hentry","category-noticias","tag-proyectos","tag-proyectos-2021"],"_links":{"self":[{"href":"https:\/\/upla.cl\/vinculacion\/wp-json\/wp\/v2\/posts\/17233796","targetHints":{"allow":["GET"]}}],"collection":[{"href":"https:\/\/upla.cl\/vinculacion\/wp-json\/wp\/v2\/posts"}],"about":[{"href":"https:\/\/upla.cl\/vinculacion\/wp-json\/wp\/v2\/types\/post"}],"author":[{"embeddable":true,"href":"https:\/\/upla.cl\/vinculacion\/wp-json\/wp\/v2\/users\/12"}],"replies":[{"embeddable":true,"href":"https:\/\/upla.cl\/vinculacion\/wp-json\/wp\/v2\/comments?post=17233796"}],"version-history":[{"count":3,"href":"https:\/\/upla.cl\/vinculacion\/wp-json\/wp\/v2\/posts\/17233796\/revisions"}],"predecessor-version":[{"id":17233800,"href":"https:\/\/upla.cl\/vinculacion\/wp-json\/wp\/v2\/posts\/17233796\/revisions\/17233800"}],"wp:featuredmedia":[{"embeddable":true,"href":"https:\/\/upla.cl\/vinculacion\/wp-json\/wp\/v2\/media\/3511"}],"wp:attachment":[{"href":"https:\/\/upla.cl\/vinculacion\/wp-json\/wp\/v2\/media?parent=17233796"}],"wp:term":[{"taxonomy":"category","embeddable":true,"href":"https:\/\/upla.cl\/vinculacion\/wp-json\/wp\/v2\/categories?post=17233796"},{"taxonomy":"post_tag","embeddable":true,"href":"https:\/\/upla.cl\/vinculacion\/wp-json\/wp\/v2\/tags?post=17233796"}],"curies":[{"name":"wp","href":"https:\/\/api.w.org\/{rel}","templated":true}]}}