{"id":17233855,"date":"2022-03-29T16:23:03","date_gmt":"2022-03-29T19:23:03","guid":{"rendered":"https:\/\/upla.cl\/vinculacion\/?p=17233855"},"modified":"2026-04-02T16:29:30","modified_gmt":"2026-04-02T19:29:30","slug":"vinculacion-con-el-medio-y-facultad-de-arte-de-la-upla-invita-a-academicos-y-academicas-a-formar-parte-del-plan-de-extension-artistico-cultural-2022","status":"publish","type":"post","link":"https:\/\/upla.cl\/vinculacion\/2022\/03\/29\/vinculacion-con-el-medio-y-facultad-de-arte-de-la-upla-invita-a-academicos-y-academicas-a-formar-parte-del-plan-de-extension-artistico-cultural-2022\/","title":{"rendered":"Vinculaci\u00f3n con el Medio y Facultad de Arte de la UPLA invita a acad\u00e9micos y acad\u00e9micas a formar parte del Plan de Extensi\u00f3n Art\u00edstico Cultural 2022"},"content":{"rendered":"<p>[et_pb_section fb_built=\u00bb1&#8243; fullwidth=\u00bbon\u00bb _builder_version=\u00bb4.27.4&#8243; _module_preset=\u00bbdefault\u00bb global_colors_info=\u00bb{}\u00bb theme_builder_area=\u00bbpost_content\u00bb][et_pb_fullwidth_header title=\u00bbVinculaci\u00f3n con el Medio y Facultad de Arte de la UPLA invita a acad\u00e9micos y acad\u00e9micas a formar parte del Plan de Extensi\u00f3n Art\u00edstico Cultural 2022&#8243; _builder_version=\u00bb4.27.5&#8243; _module_preset=\u00bbdefault\u00bb title_font=\u00bbLato|700|||||||\u00bb title_font_size=\u00bb50px\u00bb subhead_font=\u00bbLato||||||||\u00bb subhead_font_size=\u00bb30px\u00bb background_image=\u00bbhttps:\/\/upla.cl\/vinculacion\/wp-content\/uploads\/2025\/06\/14443462839_9becd87230_c.jpg\u00bb background_blend=\u00bbmultiply\u00bb custom_padding=\u00bb10%||10%||true|false\u00bb hover_enabled=\u00bb0&#8243; title_text_shadow_style=\u00bbpreset5&#8243; subhead_text_shadow_style=\u00bbpreset5&#8243; global_colors_info=\u00bb{}\u00bb theme_builder_area=\u00bbpost_content\u00bb sticky_enabled=\u00bb0&#8243; title_text=\u00bbImagen tipo\u00bb][\/et_pb_fullwidth_header][\/et_pb_section][et_pb_section fb_built=\u00bb1&#8243; _builder_version=\u00bb4.27.4&#8243; _module_preset=\u00bbdefault\u00bb custom_margin=\u00bb||||false|false\u00bb custom_padding=\u00bb0px||0px||true|false\u00bb global_colors_info=\u00bb{}\u00bb theme_builder_area=\u00bbpost_content\u00bb][et_pb_row _builder_version=\u00bb4.27.5&#8243; _module_preset=\u00bbdefault\u00bb width=\u00bb90%\u00bb hover_enabled=\u00bb0&#8243; global_colors_info=\u00bb{}\u00bb theme_builder_area=\u00bbpost_content\u00bb sticky_enabled=\u00bb0&#8243;][et_pb_column type=\u00bb4_4&#8243; _builder_version=\u00bb4.27.4&#8243; _module_preset=\u00bbdefault\u00bb global_colors_info=\u00bb{}\u00bb theme_builder_area=\u00bbpost_content\u00bb][et_pb_text _builder_version=\u00bb4.27.5&#8243; _module_preset=\u00bbdefault\u00bb text_font=\u00bbLato|700|||||||\u00bb text_font_size=\u00bb18px\u00bb hover_enabled=\u00bb0&#8243; global_colors_info=\u00bb{}\u00bb theme_builder_area=\u00bbpost_content\u00bb sticky_enabled=\u00bb0&#8243; custom_margin=\u00bb||11px|||\u00bb]<\/p>\n<h4><b>Se espera que docentes de la universidad propongan actividades para desarrollar, de manera presencial, en diversos establecimientos educacionales de la regi\u00f3n de Valpara\u00edso y en las dependencias de la Universidad.<\/b><\/h4>\n<p>[\/et_pb_text][et_pb_text _builder_version=\u00bb4.27.5&#8243; _module_preset=\u00bbdefault\u00bb text_font=\u00bbLato||||||||\u00bb text_font_size=\u00bb16px\u00bb hover_enabled=\u00bb0&#8243; global_colors_info=\u00bb{}\u00bb theme_builder_area=\u00bbpost_content\u00bb sticky_enabled=\u00bb0&#8243;]<\/p>\n<p><span style=\"font-weight: 400;\">La Direcci\u00f3n General de Vinculaci\u00f3n con el Medio (DGVM) y la Facultad de Arte de la Universidad de Playa Ancha (UPLA) est\u00e1 a la espera de recibir propuestas de actividades por parte de acad\u00e9micos y acad\u00e9micas de la universidad, con el fin de desarrollarlas durante este a\u00f1o en establecimientos educacionales de la regi\u00f3n, en el marco del Plan de Extensi\u00f3n Art\u00edstico Cultural 2022, financiado por el Ministerio de Educaci\u00f3n, en el marco de la convocatoria de Actividades de Inter\u00e9s Nacional.<\/span><\/p>\n<p><span style=\"font-weight: 400;\">Entre agosto y diciembre del a\u00f1o pasado se desarrollaron 24 actividades relacionadas a las artes visuales, musicales y esc\u00e9nicas, impartidas por acad\u00e9micos\/as UPLA, mientras que 59 fueron realizadas por agentes externos a la universidad, entre estos, el Parque Cultural de Valpara\u00edso, Museo Artequ\u00edn, Valpara\u00edso Profundo, Fundaci\u00f3n Jos\u00e9 Rivera y el Servicio Regional de Patrimonio. En total, fueron 18 establecimientos de la regi\u00f3n de Valpara\u00edso que participaron activamente del plan, el que se desarroll\u00f3 de manera telem\u00e1tica.<\/span><\/p>\n<p><span style=\"font-weight: 400;\">Para 2022 est\u00e1 proyectado comenzar a ejecutar el plan desde mediados de abril hasta fines de noviembre. Respecto a la modalidad, se espera que las actividades se puedan realizar de manera presencial, siempre que la situaci\u00f3n de crisis sanitaria lo permita y acogi\u00e9ndose a todas las medidas establecidas por el Ministerio de Salud y los protocolos de la universidad.<\/span><\/p>\n<p><span style=\"font-weight: 400;\">Para inscribir propuestas, hacer<\/span><a href=\"https:\/\/docs.google.com\/forms\/d\/e\/1FAIpQLSc0wvetHD2aLnQSG4J48xNzb0E-y4ZM7rtE2emolvOK0MHjMg\/viewform\" target=\"_blank\" rel=\"noopener\"><span style=\"font-weight: 400;\"> clic ac\u00e1<\/span><\/a><span style=\"font-weight: 400;\">. Estas se recepcionar\u00e1n hasta el d\u00eda 1 de abril.<\/span><\/p>\n<p><br style=\"font-weight: 400;\" \/><br style=\"font-weight: 400;\" \/><\/p>\n<p>[\/et_pb_text][\/et_pb_column][\/et_pb_row][\/et_pb_section]<\/p>\n","protected":false},"excerpt":{"rendered":"<p>Se espera que docentes de la universidad propongan actividades para desarrollar, de manera presencial, en diversos establecimientos educacionales de la regi\u00f3n de Valpara\u00edso y en las dependencias de la Universidad.La [&hellip;]<\/p>\n","protected":false},"author":12,"featured_media":9169,"comment_status":"closed","ping_status":"closed","sticky":false,"template":"","format":"standard","meta":{"_et_pb_use_builder":"on","_et_pb_old_content":"","_et_gb_content_width":"","_price":"","_stock":"","_tribe_ticket_header":"","_tribe_default_ticket_provider":"","_tribe_ticket_capacity":"","_ticket_start_date":"","_ticket_end_date":"","_tribe_ticket_show_description":"","_tribe_ticket_show_not_going":false,"_tribe_ticket_use_global_stock":"","_tribe_ticket_global_stock_level":"","_global_stock_mode":"","_global_stock_cap":"","_tribe_rsvp_for_event":"","_tribe_ticket_going_count":"","_tribe_ticket_not_going_count":"","_tribe_tickets_list":"[]","_tribe_ticket_has_attendee_info_fields":false,"footnotes":""},"categories":[4],"tags":[223],"class_list":["post-17233855","post","type-post","status-publish","format-standard","has-post-thumbnail","hentry","category-noticias","tag-extension"],"_links":{"self":[{"href":"https:\/\/upla.cl\/vinculacion\/wp-json\/wp\/v2\/posts\/17233855","targetHints":{"allow":["GET"]}}],"collection":[{"href":"https:\/\/upla.cl\/vinculacion\/wp-json\/wp\/v2\/posts"}],"about":[{"href":"https:\/\/upla.cl\/vinculacion\/wp-json\/wp\/v2\/types\/post"}],"author":[{"embeddable":true,"href":"https:\/\/upla.cl\/vinculacion\/wp-json\/wp\/v2\/users\/12"}],"replies":[{"embeddable":true,"href":"https:\/\/upla.cl\/vinculacion\/wp-json\/wp\/v2\/comments?post=17233855"}],"version-history":[{"count":2,"href":"https:\/\/upla.cl\/vinculacion\/wp-json\/wp\/v2\/posts\/17233855\/revisions"}],"predecessor-version":[{"id":17233858,"href":"https:\/\/upla.cl\/vinculacion\/wp-json\/wp\/v2\/posts\/17233855\/revisions\/17233858"}],"wp:featuredmedia":[{"embeddable":true,"href":"https:\/\/upla.cl\/vinculacion\/wp-json\/wp\/v2\/media\/9169"}],"wp:attachment":[{"href":"https:\/\/upla.cl\/vinculacion\/wp-json\/wp\/v2\/media?parent=17233855"}],"wp:term":[{"taxonomy":"category","embeddable":true,"href":"https:\/\/upla.cl\/vinculacion\/wp-json\/wp\/v2\/categories?post=17233855"},{"taxonomy":"post_tag","embeddable":true,"href":"https:\/\/upla.cl\/vinculacion\/wp-json\/wp\/v2\/tags?post=17233855"}],"curies":[{"name":"wp","href":"https:\/\/api.w.org\/{rel}","templated":true}]}}