{"id":17233908,"date":"2022-04-21T12:37:20","date_gmt":"2022-04-21T16:37:20","guid":{"rendered":"https:\/\/upla.cl\/vinculacion\/?p=17233908"},"modified":"2026-04-06T14:23:33","modified_gmt":"2026-04-06T18:23:33","slug":"cerca-de-60-organizaciones-territoriales-del-pais-se-reuniran-en-el-xi-congreso-plurinacional-de-comunidades-del-patrimonio-a-realizarse-en-la-universidad-de-playa-ancha","status":"publish","type":"post","link":"https:\/\/upla.cl\/vinculacion\/2022\/04\/21\/cerca-de-60-organizaciones-territoriales-del-pais-se-reuniran-en-el-xi-congreso-plurinacional-de-comunidades-del-patrimonio-a-realizarse-en-la-universidad-de-playa-ancha\/","title":{"rendered":"Cerca de 60 organizaciones territoriales del pa\u00eds se reunir\u00e1n en el XI Congreso Plurinacional de Comunidades del Patrimonio a realizarse en la Universidad de Playa Ancha"},"content":{"rendered":"<p>[et_pb_section fb_built=\u00bb1&#8243; fullwidth=\u00bbon\u00bb _builder_version=\u00bb4.27.4&#8243; _module_preset=\u00bbdefault\u00bb global_colors_info=\u00bb{}\u00bb][et_pb_fullwidth_header title=\u00bbCerca de 60 organizaciones territoriales del pa\u00eds se reunir\u00e1n en el XI Congreso Plurinacional de Comunidades del Patrimonio a realizarse en la Universidad de Playa Ancha\u00bb _builder_version=\u00bb4.27.5&#8243; _module_preset=\u00bbdefault\u00bb title_font=\u00bbLato|700|||||||\u00bb title_font_size=\u00bb50px\u00bb subhead_font=\u00bbLato||||||||\u00bb subhead_font_size=\u00bb30px\u00bb background_image=\u00bbhttps:\/\/upla.cl\/vinculacion\/wp-content\/uploads\/2022\/04\/FOTO-AFICHE.jpg\u00bb background_position=\u00bbtop_center\u00bb background_blend=\u00bbmultiply\u00bb custom_padding=\u00bb10%||10%||true|false\u00bb title_text_shadow_style=\u00bbpreset5&#8243; subhead_text_shadow_style=\u00bbpreset5&#8243; global_colors_info=\u00bb{}\u00bb][\/et_pb_fullwidth_header][\/et_pb_section][et_pb_section fb_built=\u00bb1&#8243; _builder_version=\u00bb4.27.4&#8243; _module_preset=\u00bbdefault\u00bb custom_margin=\u00bb||||false|false\u00bb custom_padding=\u00bb0px||0px||true|false\u00bb global_colors_info=\u00bb{}\u00bb][et_pb_row column_structure=\u00bb1_3,2_3&#8243; _builder_version=\u00bb4.27.4&#8243; _module_preset=\u00bbdefault\u00bb width=\u00bb90%\u00bb global_colors_info=\u00bb{}\u00bb][et_pb_column type=\u00bb1_3&#8243; _builder_version=\u00bb4.27.4&#8243; _module_preset=\u00bbdefault\u00bb global_colors_info=\u00bb{}\u00bb][et_pb_gallery gallery_ids=\u00bb3916&#8243; fullwidth=\u00bbon\u00bb _builder_version=\u00bb4.27.5&#8243; _module_preset=\u00bbdefault\u00bb global_colors_info=\u00bb{}\u00bb][\/et_pb_gallery][\/et_pb_column][et_pb_column type=\u00bb2_3&#8243; _builder_version=\u00bb4.27.4&#8243; _module_preset=\u00bbdefault\u00bb global_colors_info=\u00bb{}\u00bb][et_pb_text _builder_version=\u00bb4.27.5&#8243; _module_preset=\u00bbdefault\u00bb text_font=\u00bbLato||||||||\u00bb text_font_size=\u00bb16px\u00bb hover_enabled=\u00bb0&#8243; global_colors_info=\u00bb{}\u00bb sticky_enabled=\u00bb0&#8243;]<\/p>\n<h4><b>Entre el 21 y 24 de abril se llevar\u00e1 a cabo el evento en el que se presentar\u00e1n alrededor de 50 ponencias sobre la experiencia de comunidades del patrimonio.<\/b><\/h4>\n<p><span style=\"font-weight: 400;\">Organizaciones vecinales y territoriales de todo el pa\u00eds se reunir\u00e1n en el <\/span><b>\u201cXI Congreso Plurinacional de Comunidades del Patrimonio\u201d<\/b><span style=\"font-weight: 400;\">, el que se inaugurar\u00e1 este jueves 21 de abril a las 18:00 horas con una ceremonia diaguita en el Aula Magna de la Universidad de Playa Ancha a desarrollarse entre el jueves 21 y domingo 24 de abril, el que este a\u00f1o tendr\u00e1 como tema central \u201cLos pueblos construyen su historia y defienden sus patrimonios\u201d. En la instancia se presentar\u00e1n m\u00e1s de 50 ponencias de experiencias de las comunidades del patrimonio, con m\u00e1s de 100 representantes de diversas comunas del pa\u00eds.<\/span><\/p>\n<p><span style=\"font-weight: 400;\">La actividad es organizada de manera conjunta por la Asociaci\u00f3n Chilena de Barrios y Zonas Patrimoniales y la Plataforma Patrimonial de Playa Ancha y cuenta con el apoyo de la Ilustre Municipalidad de Valpara\u00edso, la Direcci\u00f3n General de Vinculaci\u00f3n con el Medio de la Universidad de Playa Ancha (UPLA), y la Comisi\u00f3n de Cultura de la C\u00e1mara de Diputados.<\/span><\/p>\n<p><span style=\"font-weight: 400;\">Este congreso tiene como objetivo la coordinaci\u00f3n de acciones e intercambios de experiencias en la protecci\u00f3n y desarrollo del patrimonio cultural y natural de Chile, como una expresi\u00f3n de participaci\u00f3n ciudadana y de movilizaci\u00f3n social. Para este a\u00f1o, se estima la participaci\u00f3n de <\/span><b>cerca de 60 organizaciones territoriales de todo el pa\u00eds<\/b><span style=\"font-weight: 400;\">, las que tienen como eje de trabajo la defensa del patrimonio en barrios, comunidades y ciudades.<\/span><\/p>\n<p><span style=\"font-weight: 400;\">El Presidente de la Asociaci\u00f3n Chilena de Barrios y Zonas Patrimoniales, Jos\u00e9 Osorio, se\u00f1al\u00f3 que<em> \u201ceste Congreso es un espacio en el cual nos reunimos vecinos y representantes de organizaciones de todo el pa\u00eds, de Arica a Punta Arenas, que est\u00e1n defendiendo el patrimonio cultural en cada uno de sus territorios, y tiene como objetivo, por un lado, conocer distintas experiencias que hay en el \u00e1mbito patrimonial, y por otro lado, conversar, discutir y acordar la agenda anual de las distintas problem\u00e1ticas, propuestas e iniciativas que estamos llevando adelante como organizaciones que defendemos el patrimonio cultural de nuestro pa\u00eds\u00bb.<\/em><\/span><\/p>\n<p><span style=\"font-weight: 400;\">Para esta XI versi\u00f3n, la Plataforma Patrimonial de Playa junto a sus vecinos, contempla la realizaci\u00f3n de exposiciones de representantes de organizaciones territoriales, junto con recorridos por sectores de inter\u00e9s hist\u00f3rico del barrio, dirigidos a las distintas organizaciones territoriales de todo el pa\u00eds.\u00a0<\/span><\/p>\n<p><span style=\"font-weight: 400;\">Cabe destacar que los asistentes al evento podr\u00e1n participar en distintas instancias donde se tratar\u00e1n tem\u00e1ticas como la norma constitucional que garantiza el patrimonio, Ley de Patrimonios, pol\u00edticas p\u00fablicas, participaci\u00f3n ciudadana, mantenci\u00f3n y promoci\u00f3n de museos y archivos comunitarios, gesti\u00f3n de monumentos hist\u00f3ricos, entre otros.<\/span><\/p>\n<p>[\/et_pb_text][\/et_pb_column][\/et_pb_row][\/et_pb_section]<\/p>\n","protected":false},"excerpt":{"rendered":"<p>Entre el 21 y 24 de abril se llevar\u00e1 a cabo el evento en el que se presentar\u00e1n alrededor de 50 ponencias sobre la experiencia de comunidades del patrimonio. Organizaciones [&hellip;]<\/p>\n","protected":false},"author":12,"featured_media":3916,"comment_status":"closed","ping_status":"closed","sticky":false,"template":"","format":"standard","meta":{"_et_pb_use_builder":"on","_et_pb_old_content":"","_et_gb_content_width":"","_price":"","_stock":"","_tribe_ticket_header":"","_tribe_default_ticket_provider":"","_tribe_ticket_capacity":"","_ticket_start_date":"","_ticket_end_date":"","_tribe_ticket_show_description":"","_tribe_ticket_show_not_going":false,"_tribe_ticket_use_global_stock":"","_tribe_ticket_global_stock_level":"","_global_stock_mode":"","_global_stock_cap":"","_tribe_rsvp_for_event":"","_tribe_ticket_going_count":"","_tribe_ticket_not_going_count":"","_tribe_tickets_list":"[]","_tribe_ticket_has_attendee_info_fields":false,"footnotes":""},"categories":[4],"tags":[],"class_list":["post-17233908","post","type-post","status-publish","format-standard","has-post-thumbnail","hentry","category-noticias"],"_links":{"self":[{"href":"https:\/\/upla.cl\/vinculacion\/wp-json\/wp\/v2\/posts\/17233908","targetHints":{"allow":["GET"]}}],"collection":[{"href":"https:\/\/upla.cl\/vinculacion\/wp-json\/wp\/v2\/posts"}],"about":[{"href":"https:\/\/upla.cl\/vinculacion\/wp-json\/wp\/v2\/types\/post"}],"author":[{"embeddable":true,"href":"https:\/\/upla.cl\/vinculacion\/wp-json\/wp\/v2\/users\/12"}],"replies":[{"embeddable":true,"href":"https:\/\/upla.cl\/vinculacion\/wp-json\/wp\/v2\/comments?post=17233908"}],"version-history":[{"count":5,"href":"https:\/\/upla.cl\/vinculacion\/wp-json\/wp\/v2\/posts\/17233908\/revisions"}],"predecessor-version":[{"id":17233919,"href":"https:\/\/upla.cl\/vinculacion\/wp-json\/wp\/v2\/posts\/17233908\/revisions\/17233919"}],"wp:featuredmedia":[{"embeddable":true,"href":"https:\/\/upla.cl\/vinculacion\/wp-json\/wp\/v2\/media\/3916"}],"wp:attachment":[{"href":"https:\/\/upla.cl\/vinculacion\/wp-json\/wp\/v2\/media?parent=17233908"}],"wp:term":[{"taxonomy":"category","embeddable":true,"href":"https:\/\/upla.cl\/vinculacion\/wp-json\/wp\/v2\/categories?post=17233908"},{"taxonomy":"post_tag","embeddable":true,"href":"https:\/\/upla.cl\/vinculacion\/wp-json\/wp\/v2\/tags?post=17233908"}],"curies":[{"name":"wp","href":"https:\/\/api.w.org\/{rel}","templated":true}]}}