{"id":17233977,"date":"2022-05-18T11:56:49","date_gmt":"2022-05-18T15:56:49","guid":{"rendered":"https:\/\/upla.cl\/vinculacion\/?p=17233977"},"modified":"2026-04-07T13:51:49","modified_gmt":"2026-04-07T17:51:49","slug":"convenio-entre-la-upla-y-la-municipalidad-de-la-cruz-permitio-que-funcionarios-y-funcionarias-se-certificaran-en-practicas-laborales-inclusivas-2","status":"publish","type":"post","link":"https:\/\/upla.cl\/vinculacion\/2022\/05\/18\/convenio-entre-la-upla-y-la-municipalidad-de-la-cruz-permitio-que-funcionarios-y-funcionarias-se-certificaran-en-practicas-laborales-inclusivas-2\/","title":{"rendered":"Convenio entre la UPLA y la Municipalidad de La Cruz permiti\u00f3 que funcionarios y funcionarias se certificar\u00e1n en pr\u00e1cticas laborales inclusivas"},"content":{"rendered":"<p>[et_pb_section fb_built=\u00bb1&#8243; fullwidth=\u00bbon\u00bb _builder_version=\u00bb4.27.4&#8243; _module_preset=\u00bbdefault\u00bb global_colors_info=\u00bb{}\u00bb][et_pb_fullwidth_header title=\u00bbConvenio entre la UPLA y la Municipalidad de La Cruz permiti\u00f3 que funcionarios y funcionarias se certificar\u00e1n en pr\u00e1cticas laborales inclusivas\u00bb _builder_version=\u00bb4.27.5&#8243; _module_preset=\u00bbdefault\u00bb title_font=\u00bbLato|700|||||||\u00bb title_font_size=\u00bb50px\u00bb subhead_font=\u00bbLato||||||||\u00bb subhead_font_size=\u00bb30px\u00bb background_color=\u00bb#0072ff\u00bb background_image=\u00bbhttps:\/\/upla.cl\/vinculacion\/wp-content\/uploads\/2022\/05\/Certificacion-3.jpeg\u00bb background_blend=\u00bbmultiply\u00bb custom_padding=\u00bb10%||10%||true|false\u00bb title_text_shadow_style=\u00bbpreset5&#8243; subhead_text_shadow_style=\u00bbpreset5&#8243; global_colors_info=\u00bb{}\u00bb][\/et_pb_fullwidth_header][\/et_pb_section][et_pb_section fb_built=\u00bb1&#8243; _builder_version=\u00bb4.27.4&#8243; _module_preset=\u00bbdefault\u00bb custom_margin=\u00bb||||false|false\u00bb custom_padding=\u00bb0px||0px||true|false\u00bb global_colors_info=\u00bb{}\u00bb][et_pb_row column_structure=\u00bb1_3,2_3&#8243; _builder_version=\u00bb4.27.4&#8243; _module_preset=\u00bbdefault\u00bb width=\u00bb90%\u00bb global_colors_info=\u00bb{}\u00bb][et_pb_column type=\u00bb1_3&#8243; _builder_version=\u00bb4.27.4&#8243; _module_preset=\u00bbdefault\u00bb global_colors_info=\u00bb{}\u00bb][et_pb_gallery gallery_ids=\u00bb3992,3993,3994&#8243; fullwidth=\u00bbon\u00bb _builder_version=\u00bb4.27.5&#8243; _module_preset=\u00bbdefault\u00bb global_colors_info=\u00bb{}\u00bb][\/et_pb_gallery][\/et_pb_column][et_pb_column type=\u00bb2_3&#8243; _builder_version=\u00bb4.27.4&#8243; _module_preset=\u00bbdefault\u00bb global_colors_info=\u00bb{}\u00bb][et_pb_text _builder_version=\u00bb4.27.5&#8243; _module_preset=\u00bbdefault\u00bb text_font=\u00bbLato||||||||\u00bb text_font_size=\u00bb16px\u00bb global_colors_info=\u00bb{}\u00bb]<\/p>\n<h4><b>Doce trabajadores\/as del municipio recibieron el reconocimiento por la capacitaci\u00f3n realizada desde noviembre de 2021.<\/b><\/h4>\n<p><span style=\"font-weight: 400;\">La Unidad de Acompa\u00f1amiento Estudiantil (UAE), dependiente de la Vicerrector\u00eda Acad\u00e9mica de la Universidad de Playa Ancha (UPLA) realiz\u00f3 la certificaci\u00f3n del \u201cPrograma de capacitaci\u00f3n en pr\u00e1cticas laborales inclusivas\u201d, dirigida a funcionarios y funcionarias de la Municipalidad de La Cruz. La acci\u00f3n se enmarca en la finalizaci\u00f3n del Convenio de Desempe\u00f1o UPA 1899 del Ministerio de Educaci\u00f3n, el que permiti\u00f3 realizar las capacitaciones que beneficiaron a trabajadores y trabajadoras del municipio.<\/span><\/p>\n<p><span style=\"font-weight: 400;\">La formaci\u00f3n se realiz\u00f3 en modalidad E-Learning, con una duraci\u00f3n de 80 horas desde el mes de noviembre de 2021, finalizando en el presente mes con la entrega de certificados en el Aula Magna de la Casa Central de la UPLA. En total, fueron doce los\/as funcionarios\/as del municipio que obtuvieron su certificaci\u00f3n.<\/span><\/p>\n<p><span style=\"font-weight: 400;\">A la ceremonia asisti\u00f3 la alcaldesa de La Cruz, Filomena Navia Hevia , quien sostuvo que <em>\u201cnos enorgullece estar ac\u00e1 avanzando con este convenio que tenemos, y agradecemos la instancia, porque sin duda esto nos va a permitir poder retribuir a la comunidad lo que se espera, una inclusi\u00f3n verdaderas, igualdad de inclusi\u00f3n en materia de oportunidades y sensibilizar, concientizar y proyectar una comuna con igualdad\u201d.<\/em><\/span><\/p>\n<p><span style=\"font-weight: 400;\">Por su parte, Mar\u00eda Jos\u00e9 Maturana, Coordinadora General de la Unidad de Acceso a la Inclusi\u00f3n y Permanencia de la UPLA, manifest\u00f3 que <em>\u201ceste es un proyecto, financiado por el Ministerio de Educaci\u00f3n del a\u00f1o 2018, y en este proyecto hay tres cursos: dos que est\u00e1n certific\u00e1ndose el d\u00eda de hoy, uno desarrollado en conjunto con la Municipalidad de La Cruz, donde los beneficiarios directos fueron los funcionarios de la municipalidad, y otro donde los beneficiados fueron estudiantes de la UPLA\u201d.<\/em><\/span><\/p>\n<p><span style=\"font-weight: 400;\">Daniela Lizana Alfaro, terapeuta ocupacional y encargada de Programa de Discapacidad de la Municipalidad, fue una de las funcionarias certificadas y recalc\u00f3 que <em>\u201cdentro de los m\u00f3dulos pudimos darnos cuenta de que no contamos con accesos universales, que tenemos compa\u00f1eros que tienen una discapacidad y que no tienen aspectos t\u00e9cnicos para poder desempe\u00f1arse bien dentro de sus funciones. Entonces, en cierta forma ha sido algo positivo que esperamos se pueda replicar con otros funcionarios dentro del municipio para seguir trabajando el tema de la inclusi\u00f3n\u201d.<\/em><\/span><\/p>\n<p><span style=\"font-weight: 400;\">Adem\u00e1s, el municipio mantiene un Convenio de Colaboraci\u00f3n con la UPLA, el que busca impulsar y fortalecer acciones de vinculaci\u00f3n con el medio tales como realizaci\u00f3n de pr\u00e1cticas tempranas, curriculares y profesionales, investigaciones, trabajos de tesis, asistencia t\u00e9cnica, charlas, seminarios y m\u00e1s, esto en distintas carreras tanto de pregrado y postgrado que imparte la Universidad y su Instituto Tecnol\u00f3gico.<\/span><\/p>\n<p><br style=\"font-weight: 400;\" \/><br style=\"font-weight: 400;\" \/><\/p>\n<p>[\/et_pb_text][\/et_pb_column][\/et_pb_row][\/et_pb_section]<\/p>\n","protected":false},"excerpt":{"rendered":"<p>Doce trabajadores\/as del municipio recibieron el reconocimiento por la capacitaci\u00f3n realizada desde noviembre de 2021. La Unidad de Acompa\u00f1amiento Estudiantil (UAE), dependiente de la Vicerrector\u00eda Acad\u00e9mica de la Universidad de [&hellip;]<\/p>\n","protected":false},"author":12,"featured_media":3993,"comment_status":"closed","ping_status":"closed","sticky":false,"template":"","format":"standard","meta":{"_et_pb_use_builder":"on","_et_pb_old_content":"","_et_gb_content_width":"","_price":"","_stock":"","_tribe_ticket_header":"","_tribe_default_ticket_provider":"","_tribe_ticket_capacity":"","_ticket_start_date":"","_ticket_end_date":"","_tribe_ticket_show_description":"","_tribe_ticket_show_not_going":false,"_tribe_ticket_use_global_stock":"","_tribe_ticket_global_stock_level":"","_global_stock_mode":"","_global_stock_cap":"","_tribe_rsvp_for_event":"","_tribe_ticket_going_count":"","_tribe_ticket_not_going_count":"","_tribe_tickets_list":"[]","_tribe_ticket_has_attendee_info_fields":false,"footnotes":""},"categories":[4],"tags":[],"class_list":["post-17233977","post","type-post","status-publish","format-standard","has-post-thumbnail","hentry","category-noticias"],"_links":{"self":[{"href":"https:\/\/upla.cl\/vinculacion\/wp-json\/wp\/v2\/posts\/17233977","targetHints":{"allow":["GET"]}}],"collection":[{"href":"https:\/\/upla.cl\/vinculacion\/wp-json\/wp\/v2\/posts"}],"about":[{"href":"https:\/\/upla.cl\/vinculacion\/wp-json\/wp\/v2\/types\/post"}],"author":[{"embeddable":true,"href":"https:\/\/upla.cl\/vinculacion\/wp-json\/wp\/v2\/users\/12"}],"replies":[{"embeddable":true,"href":"https:\/\/upla.cl\/vinculacion\/wp-json\/wp\/v2\/comments?post=17233977"}],"version-history":[{"count":4,"href":"https:\/\/upla.cl\/vinculacion\/wp-json\/wp\/v2\/posts\/17233977\/revisions"}],"predecessor-version":[{"id":17233994,"href":"https:\/\/upla.cl\/vinculacion\/wp-json\/wp\/v2\/posts\/17233977\/revisions\/17233994"}],"wp:featuredmedia":[{"embeddable":true,"href":"https:\/\/upla.cl\/vinculacion\/wp-json\/wp\/v2\/media\/3993"}],"wp:attachment":[{"href":"https:\/\/upla.cl\/vinculacion\/wp-json\/wp\/v2\/media?parent=17233977"}],"wp:term":[{"taxonomy":"category","embeddable":true,"href":"https:\/\/upla.cl\/vinculacion\/wp-json\/wp\/v2\/categories?post=17233977"},{"taxonomy":"post_tag","embeddable":true,"href":"https:\/\/upla.cl\/vinculacion\/wp-json\/wp\/v2\/tags?post=17233977"}],"curies":[{"name":"wp","href":"https:\/\/api.w.org\/{rel}","templated":true}]}}