{"id":17233995,"date":"2022-05-19T14:06:29","date_gmt":"2022-05-19T18:06:29","guid":{"rendered":"https:\/\/upla.cl\/vinculacion\/?p=17233995"},"modified":"2026-04-07T14:10:21","modified_gmt":"2026-04-07T18:10:21","slug":"upla-realizo-jornada-informativa-junto-a-slep-valparaiso-para-mostrar-la-oferta-academica-y-vias-de-admision-a-orientadores-de-establecimiento-educacionales-publicos-de-la-comuna","status":"publish","type":"post","link":"https:\/\/upla.cl\/vinculacion\/2022\/05\/19\/upla-realizo-jornada-informativa-junto-a-slep-valparaiso-para-mostrar-la-oferta-academica-y-vias-de-admision-a-orientadores-de-establecimiento-educacionales-publicos-de-la-comuna\/","title":{"rendered":"UPLA realiz\u00f3 jornada informativa junto a SLEP Valpara\u00edso para mostrar la oferta acad\u00e9mica y v\u00edas de admisi\u00f3n a orientadores de establecimiento educacionales p\u00fablicos de la comuna"},"content":{"rendered":"<p>[et_pb_section fb_built=\u00bb1&#8243; fullwidth=\u00bbon\u00bb _builder_version=\u00bb4.27.4&#8243; _module_preset=\u00bbdefault\u00bb global_colors_info=\u00bb{}\u00bb theme_builder_area=\u00bbpost_content\u00bb][et_pb_fullwidth_header title=\u00bbUPLA realiz\u00f3 jornada informativa junto a SLEP Valpara\u00edso para mostrar la oferta acad\u00e9mica y v\u00edas de admisi\u00f3n a orientadores de establecimiento educacionales p\u00fablicos de la comuna\u00bb _builder_version=\u00bb4.27.5&#8243; _module_preset=\u00bbdefault\u00bb title_font=\u00bbLato|700|||||||\u00bb title_font_size=\u00bb50px\u00bb subhead_font=\u00bbLato||||||||\u00bb subhead_font_size=\u00bb30px\u00bb background_image=\u00bbhttps:\/\/upla.cl\/vinculacion\/wp-content\/uploads\/2025\/06\/14443462839_9becd87230_c.jpg\u00bb background_blend=\u00bbmultiply\u00bb custom_padding=\u00bb10%||10%||true|false\u00bb hover_enabled=\u00bb0&#8243; title_text_shadow_style=\u00bbpreset5&#8243; subhead_text_shadow_style=\u00bbpreset5&#8243; global_colors_info=\u00bb{}\u00bb theme_builder_area=\u00bbpost_content\u00bb title_text=\u00bbImagen tipo\u00bb sticky_enabled=\u00bb0&#8243;][\/et_pb_fullwidth_header][\/et_pb_section][et_pb_section fb_built=\u00bb1&#8243; _builder_version=\u00bb4.27.4&#8243; _module_preset=\u00bbdefault\u00bb custom_margin=\u00bb||||false|false\u00bb custom_padding=\u00bb0px||0px||true|false\u00bb global_colors_info=\u00bb{}\u00bb theme_builder_area=\u00bbpost_content\u00bb][et_pb_row _builder_version=\u00bb4.27.5&#8243; _module_preset=\u00bbdefault\u00bb width=\u00bb90%\u00bb hover_enabled=\u00bb0&#8243; global_colors_info=\u00bb{}\u00bb theme_builder_area=\u00bbpost_content\u00bb sticky_enabled=\u00bb0&#8243;][et_pb_column type=\u00bb4_4&#8243; _builder_version=\u00bb4.27.4&#8243; _module_preset=\u00bbdefault\u00bb global_colors_info=\u00bb{}\u00bb theme_builder_area=\u00bbpost_content\u00bb][et_pb_text _builder_version=\u00bb4.27.5&#8243; _module_preset=\u00bbdefault\u00bb text_font=\u00bbLato||||||||\u00bb text_font_size=\u00bb16px\u00bb hover_enabled=\u00bb0&#8243; global_colors_info=\u00bb{}\u00bb theme_builder_area=\u00bbpost_content\u00bb sticky_enabled=\u00bb0&#8243;]<\/p>\n<h4><b>Fueron 14 orientadores\/as pertenecientes a la red SLEP V que participaron de la jornada.<\/b><\/h4>\n<p><span style=\"font-weight: 400;\">La Universidad de Playa Ancha (UPLA) realiz\u00f3 una jornada informativa para orientadores y orientadoras de establecimientos educacionales p\u00fablicos de Valpara\u00edso, esto para mostrar la oferta acad\u00e9mica y v\u00edas de admisi\u00f3n que posee la casa de estudios. A trav\u00e9s de un convenio de colaboraci\u00f3n entre la UPLA y el Servicio Local de Educaci\u00f3n P\u00fablica de Valpara\u00edso (SLEP V), 14 orientadores\/as de la red recibieron informaci\u00f3n acerca de lo que la Universidad ofrece en materia de carreras profesionales, disciplinas, actividades extracurriculares, asistencia m\u00e9dica y v\u00edas de admisi\u00f3n especiales.<\/span><\/p>\n<p><span style=\"font-weight: 400;\">Maritza Farlora, Directora de Admisi\u00f3n UPLA, indic\u00f3 que <em>\u00abeste encuentro se inscribe dentro de la voluntad de, primero, al interior de la universidad\u00a0 relacionarnos como unidades para poder mostrar qui\u00e9nes somos. Entonces, Vinculaci\u00f3n Con el Medio nos hizo contacto con el SLEP Valpara\u00edso y contamos con los orientadores en el prop\u00f3sito de mostrarnos todo lo que somos, respecto a nuestra oferta acad\u00e9mica y de quienes somos en el quehacer en distintos \u00e1mbitos\u00bb.<\/em><\/span><\/p>\n<p><span style=\"font-weight: 400;\">Dentro de los beneficios destacados por el equipo de Admisi\u00f3n UPLA, est\u00e1 el acceso inclusivo mediante cinco programas y proped\u00e9uticos para las \u00e1reas de pedagog\u00eda, artes gr\u00e1ficas, teatro e ingenier\u00eda, adem\u00e1s de Habilitaci\u00f3n Pedag\u00f3gica y el Programa PACE para estudiantes destacados\/as de ense\u00f1anza media.<\/span><\/p>\n<p><span style=\"font-weight: 400;\">Patricio Rivas, orientador del Colegio Rep\u00fablica de M\u00e9xico de Placilla, explic\u00f3 que \u00aben el caso de la UPLA, me pareci\u00f3 incre\u00edble la amplitud de la oferta, la gran cantidad de estudiantes que van a poder aprovechar estos espacios y sobre todo que incluyan a estudiantes con necesidades especiales en sus sistemas de ingreso y a los estudiantes de educaci\u00f3n de adultos que siempre han sido postergados en la educaci\u00f3n chilena a todo nivel\u00bb.<\/span><\/p>\n<p><span style=\"font-weight: 400;\">Por otra parte, Ricardo Aravena P\u00e9rez, encargado de Vinculaci\u00f3n y Participaci\u00f3n Territorial de SLEP Valpara\u00edso, sostuvo que<em> \u201cpara nosotros es muy importante tener esta informaci\u00f3n para estudiantes de liceos p\u00fablicos de Valpara\u00edso, porque nuestros estudiantes no solamente ingresan a la universidad v\u00eda acceso regular, sino que tambi\u00e9n hacen uso de estos canales. Tenemos chicos con discapacidades, con distintos tipos de talento, algunos chicos destacados deportivamente, y tambi\u00e9n algunos chicos con mucha vulnerabilidad, que no les ha permitido tener una buena carrera escolar, acad\u00e9mica.\u00bb\u00a0<\/em><\/span><\/p>\n<p><span style=\"font-weight: 400;\">En la jornada tambi\u00e9n particip\u00f3 Carmen Gloria Arlegui, Directora del Sistema de Bibliotecas UPLA, SIBUPLA, Diego Verdejo, Secretario Ejecutivo de la Direcci\u00f3n General de Vinculaci\u00f3n con el Medio (DGVM), y Mar\u00eda Jos\u00e9 Maturana, Coordinadora General de la Unidad de Acceso a la Inclusi\u00f3n y Permanencia de la UPLA, quienes expusieron acerca de las funciones que cumplen dichas unidades tanto dentro como fuera de la Universidad.<\/span><\/p>\n<p><span style=\"font-weight: 400;\">Para mayor informaci\u00f3n, contactarse al correo electr\u00f3nico <a href=\"mailto:admision@upla.cl\">admision@upla.cl\u00a0<\/a><\/span><\/p>\n<p><br style=\"font-weight: 400;\" \/><br style=\"font-weight: 400;\" \/><\/p>\n<p>[\/et_pb_text][\/et_pb_column][\/et_pb_row][\/et_pb_section]<\/p>\n","protected":false},"excerpt":{"rendered":"<p>Fueron 14 orientadores\/as pertenecientes a la red SLEP V que participaron de la jornada. La Universidad de Playa Ancha (UPLA) realiz\u00f3 una jornada informativa para orientadores y orientadoras de establecimientos [&hellip;]<\/p>\n","protected":false},"author":12,"featured_media":9169,"comment_status":"closed","ping_status":"closed","sticky":false,"template":"","format":"standard","meta":{"_et_pb_use_builder":"on","_et_pb_old_content":"","_et_gb_content_width":"","_price":"","_stock":"","_tribe_ticket_header":"","_tribe_default_ticket_provider":"","_tribe_ticket_capacity":"","_ticket_start_date":"","_ticket_end_date":"","_tribe_ticket_show_description":"","_tribe_ticket_show_not_going":false,"_tribe_ticket_use_global_stock":"","_tribe_ticket_global_stock_level":"","_global_stock_mode":"","_global_stock_cap":"","_tribe_rsvp_for_event":"","_tribe_ticket_going_count":"","_tribe_ticket_not_going_count":"","_tribe_tickets_list":"[]","_tribe_ticket_has_attendee_info_fields":false,"footnotes":""},"categories":[4],"tags":[],"class_list":["post-17233995","post","type-post","status-publish","format-standard","has-post-thumbnail","hentry","category-noticias"],"_links":{"self":[{"href":"https:\/\/upla.cl\/vinculacion\/wp-json\/wp\/v2\/posts\/17233995","targetHints":{"allow":["GET"]}}],"collection":[{"href":"https:\/\/upla.cl\/vinculacion\/wp-json\/wp\/v2\/posts"}],"about":[{"href":"https:\/\/upla.cl\/vinculacion\/wp-json\/wp\/v2\/types\/post"}],"author":[{"embeddable":true,"href":"https:\/\/upla.cl\/vinculacion\/wp-json\/wp\/v2\/users\/12"}],"replies":[{"embeddable":true,"href":"https:\/\/upla.cl\/vinculacion\/wp-json\/wp\/v2\/comments?post=17233995"}],"version-history":[{"count":2,"href":"https:\/\/upla.cl\/vinculacion\/wp-json\/wp\/v2\/posts\/17233995\/revisions"}],"predecessor-version":[{"id":17233998,"href":"https:\/\/upla.cl\/vinculacion\/wp-json\/wp\/v2\/posts\/17233995\/revisions\/17233998"}],"wp:featuredmedia":[{"embeddable":true,"href":"https:\/\/upla.cl\/vinculacion\/wp-json\/wp\/v2\/media\/9169"}],"wp:attachment":[{"href":"https:\/\/upla.cl\/vinculacion\/wp-json\/wp\/v2\/media?parent=17233995"}],"wp:term":[{"taxonomy":"category","embeddable":true,"href":"https:\/\/upla.cl\/vinculacion\/wp-json\/wp\/v2\/categories?post=17233995"},{"taxonomy":"post_tag","embeddable":true,"href":"https:\/\/upla.cl\/vinculacion\/wp-json\/wp\/v2\/tags?post=17233995"}],"curies":[{"name":"wp","href":"https:\/\/api.w.org\/{rel}","templated":true}]}}