{"id":17233999,"date":"2022-05-23T14:12:06","date_gmt":"2022-05-23T18:12:06","guid":{"rendered":"https:\/\/upla.cl\/vinculacion\/?p=17233999"},"modified":"2026-04-07T14:23:29","modified_gmt":"2026-04-07T18:23:29","slug":"upla-realizara-jornada-informativa-abierta-a-la-comunidad-en-el-marco-del-borrador-de-la-nueva-constitucion-y-el-plebiscito-de-salida","status":"publish","type":"post","link":"https:\/\/upla.cl\/vinculacion\/2022\/05\/23\/upla-realizara-jornada-informativa-abierta-a-la-comunidad-en-el-marco-del-borrador-de-la-nueva-constitucion-y-el-plebiscito-de-salida\/","title":{"rendered":"UPLA realizar\u00e1 jornada informativa abierta a la comunidad en el marco del borrador de la Nueva Constituci\u00f3n y el plebiscito de salida"},"content":{"rendered":"<p>[et_pb_section fb_built=\u00bb1&#8243; fullwidth=\u00bbon\u00bb _builder_version=\u00bb4.27.4&#8243; _module_preset=\u00bbdefault\u00bb global_colors_info=\u00bb{}\u00bb][et_pb_fullwidth_header title=\u00bbUPLA realizar\u00e1 jornada informativa abierta a la comunidad en el marco del borrador de la Nueva Constituci\u00f3n y el plebiscito de salida\u00bb _builder_version=\u00bb4.27.5&#8243; _module_preset=\u00bbdefault\u00bb title_font=\u00bbLato|700|||||||\u00bb title_font_size=\u00bb50px\u00bb subhead_font=\u00bbLato||||||||\u00bb subhead_font_size=\u00bb30px\u00bb background_image=\u00bbhttps:\/\/upla.cl\/vinculacion\/wp-content\/uploads\/2022\/05\/banner-cuech-jornada-nueva-constitucion-27mayo2022.png\u00bb background_blend=\u00bbmultiply\u00bb custom_padding=\u00bb10%||10%||true|false\u00bb title_text_shadow_style=\u00bbpreset5&#8243; subhead_text_shadow_style=\u00bbpreset5&#8243; global_colors_info=\u00bb{}\u00bb][\/et_pb_fullwidth_header][\/et_pb_section][et_pb_section fb_built=\u00bb1&#8243; _builder_version=\u00bb4.27.4&#8243; _module_preset=\u00bbdefault\u00bb custom_margin=\u00bb||||false|false\u00bb custom_padding=\u00bb0px||0px||true|false\u00bb global_colors_info=\u00bb{}\u00bb][et_pb_row column_structure=\u00bb1_3,2_3&#8243; _builder_version=\u00bb4.27.4&#8243; _module_preset=\u00bbdefault\u00bb width=\u00bb90%\u00bb global_colors_info=\u00bb{}\u00bb][et_pb_column type=\u00bb1_3&#8243; _builder_version=\u00bb4.27.4&#8243; _module_preset=\u00bbdefault\u00bb global_colors_info=\u00bb{}\u00bb][et_pb_gallery gallery_ids=\u00bb4006&#8243; fullwidth=\u00bbon\u00bb _builder_version=\u00bb4.27.5&#8243; _module_preset=\u00bbdefault\u00bb global_colors_info=\u00bb{}\u00bb][\/et_pb_gallery][\/et_pb_column][et_pb_column type=\u00bb2_3&#8243; _builder_version=\u00bb4.27.4&#8243; _module_preset=\u00bbdefault\u00bb global_colors_info=\u00bb{}\u00bb][et_pb_text _builder_version=\u00bb4.27.5&#8243; _module_preset=\u00bbdefault\u00bb text_font=\u00bbLato||||||||\u00bb text_font_size=\u00bb16px\u00bb global_colors_info=\u00bb{}\u00bb]<\/p>\n<h4><b>El plebiscito para aprobar o rechazar la propuesta se realizar\u00e1 el 4 de septiembre. La actividad estar\u00e1 abierta a toda la comunidad local.<\/b><\/h4>\n<p><b>La Comisi\u00f3n de Participaci\u00f3n Popular de la Convenci\u00f3n Constitucional, junto con la Universidad de Playa Ancha (UPLA) invitan<\/b><span style=\"font-weight: 400;\">, tanto a la comunidad universitaria, como a vecinos y vecinas de Valpara\u00edso a participar de la <\/span><b>Jornada Nacional \u201cHablemos de un Chile justo\u201d, <\/b><span style=\"font-weight: 400;\">instancia creada para conocer el borrador de la Nueva Constituci\u00f3n, este viernes <\/span><b>27 de mayo<\/b><span style=\"font-weight: 400;\">, a las <\/span><b>10:00 horas<\/b><span style=\"font-weight: 400;\">, en el <\/span><b>Aula Magna de la UPLA<\/b><span style=\"font-weight: 400;\">.<\/span><\/p>\n<p><span style=\"font-weight: 400;\">En la actividad participar\u00e1 <\/span><b>Mariela Serey, convencional por el Distrito 6<\/b><span style=\"font-weight: 400;\"> y profesora de Educaci\u00f3n B\u00e1sica. La actividad busca informar a la ciudadan\u00eda\u00a0 y sus territorios sobre la propuesta de Nueva Constituci\u00f3n que se formul\u00f3 en la Convenci\u00f3n Constitucional, para as\u00ed generar un di\u00e1logo luego de la exposici\u00f3n de los puntos centrales del documento.<\/span><\/p>\n<p><span style=\"font-weight: 400;\">El borrador de la carta magna ya se encuentra disponible para ser revisado y analizado, esto previo al plebiscito de salida, de car\u00e1cter obligatorio, que se realizar\u00e1 el pr\u00f3ximo 4 de septiembre, para que la ciudadan\u00eda escoja si aprueba o rechaza la Nueva Constituci\u00f3n para Chile.<\/span><\/p>\n<p><span style=\"font-weight: 400;\">Hugo T\u00f3rtora, abogado y acad\u00e9mico del Departamento de G\u00e9nero, Pol\u00edtica y Cultura, explic\u00f3 que <em>\u201ces importante esta vinculaci\u00f3n entre la Universidad y la Convenci\u00f3n Constitucional desde una perspectiva bidireccional. Por una parte, la convenci\u00f3n se nutre de los conocimientos, de las propuestas que puedan hacer la ciudadan\u00eda en materia constitucional. Tambi\u00e9n sirve para la difusi\u00f3n del proyecto en la ciudadan\u00eda, pero tambi\u00e9n para la universidad es \u00fatil esta vinculaci\u00f3n, ya que puede cumplir sus roles, sus funciones de servicio p\u00fablico y la vinculaci\u00f3n con el entorno, en este caso con nuestra ciudad y nuestra regi\u00f3n en Valpara\u00edso\u201d.<\/em><\/span><\/p>\n<p><span style=\"font-weight: 400;\">Para inscribirse a la jornada, completar el formulario que encontrar\u00e1 pinchando<\/span><a href=\"https:\/\/forms.gle\/PbiB76cs9YRXDMiB9\" target=\"_blank\" rel=\"noopener\"> <span style=\"font-weight: 400;\">ac\u00e1<\/span><\/a><span style=\"font-weight: 400;\">.<\/span><\/p>\n<p>[\/et_pb_text][\/et_pb_column][\/et_pb_row][\/et_pb_section]<\/p>\n","protected":false},"excerpt":{"rendered":"<p>El plebiscito para aprobar o rechazar la propuesta se realizar\u00e1 el 4 de septiembre. La actividad estar\u00e1 abierta a toda la comunidad local. La Comisi\u00f3n de Participaci\u00f3n Popular de la [&hellip;]<\/p>\n","protected":false},"author":12,"featured_media":4006,"comment_status":"closed","ping_status":"closed","sticky":false,"template":"","format":"standard","meta":{"_et_pb_use_builder":"on","_et_pb_old_content":"","_et_gb_content_width":"","_price":"","_stock":"","_tribe_ticket_header":"","_tribe_default_ticket_provider":"","_tribe_ticket_capacity":"","_ticket_start_date":"","_ticket_end_date":"","_tribe_ticket_show_description":"","_tribe_ticket_show_not_going":false,"_tribe_ticket_use_global_stock":"","_tribe_ticket_global_stock_level":"","_global_stock_mode":"","_global_stock_cap":"","_tribe_rsvp_for_event":"","_tribe_ticket_going_count":"","_tribe_ticket_not_going_count":"","_tribe_tickets_list":"[]","_tribe_ticket_has_attendee_info_fields":false,"footnotes":""},"categories":[4],"tags":[],"class_list":["post-17233999","post","type-post","status-publish","format-standard","has-post-thumbnail","hentry","category-noticias"],"_links":{"self":[{"href":"https:\/\/upla.cl\/vinculacion\/wp-json\/wp\/v2\/posts\/17233999","targetHints":{"allow":["GET"]}}],"collection":[{"href":"https:\/\/upla.cl\/vinculacion\/wp-json\/wp\/v2\/posts"}],"about":[{"href":"https:\/\/upla.cl\/vinculacion\/wp-json\/wp\/v2\/types\/post"}],"author":[{"embeddable":true,"href":"https:\/\/upla.cl\/vinculacion\/wp-json\/wp\/v2\/users\/12"}],"replies":[{"embeddable":true,"href":"https:\/\/upla.cl\/vinculacion\/wp-json\/wp\/v2\/comments?post=17233999"}],"version-history":[{"count":4,"href":"https:\/\/upla.cl\/vinculacion\/wp-json\/wp\/v2\/posts\/17233999\/revisions"}],"predecessor-version":[{"id":17234004,"href":"https:\/\/upla.cl\/vinculacion\/wp-json\/wp\/v2\/posts\/17233999\/revisions\/17234004"}],"wp:featuredmedia":[{"embeddable":true,"href":"https:\/\/upla.cl\/vinculacion\/wp-json\/wp\/v2\/media\/4006"}],"wp:attachment":[{"href":"https:\/\/upla.cl\/vinculacion\/wp-json\/wp\/v2\/media?parent=17233999"}],"wp:term":[{"taxonomy":"category","embeddable":true,"href":"https:\/\/upla.cl\/vinculacion\/wp-json\/wp\/v2\/categories?post=17233999"},{"taxonomy":"post_tag","embeddable":true,"href":"https:\/\/upla.cl\/vinculacion\/wp-json\/wp\/v2\/tags?post=17233999"}],"curies":[{"name":"wp","href":"https:\/\/api.w.org\/{rel}","templated":true}]}}