{"id":17234016,"date":"2022-06-02T11:11:56","date_gmt":"2022-06-02T15:11:56","guid":{"rendered":"https:\/\/upla.cl\/vinculacion\/?p=17234016"},"modified":"2026-04-08T15:50:23","modified_gmt":"2026-04-08T19:50:23","slug":"upla-realizo-talleres-a-estudiantes-de-establecimientos-educacionales-de-la-region-de-valparaiso-en-el-marco-de-la-semana-de-la-educacion-artistica-2022","status":"publish","type":"post","link":"https:\/\/upla.cl\/vinculacion\/2022\/06\/02\/upla-realizo-talleres-a-estudiantes-de-establecimientos-educacionales-de-la-region-de-valparaiso-en-el-marco-de-la-semana-de-la-educacion-artistica-2022\/","title":{"rendered":"UPLA realiz\u00f3 talleres a estudiantes de establecimientos educacionales de la regi\u00f3n de Valpara\u00edso en el marco de la Semana de la Educaci\u00f3n Art\u00edstica 2022"},"content":{"rendered":"<p>[et_pb_section fb_built=\u00bb1&#8243; fullwidth=\u00bbon\u00bb _builder_version=\u00bb4.27.4&#8243; _module_preset=\u00bbdefault\u00bb global_colors_info=\u00bb{}\u00bb theme_builder_area=\u00bbpost_content\u00bb][et_pb_fullwidth_header title=\u00bbUPLA realiz\u00f3 talleres a estudiantes de establecimientos educacionales de la regi\u00f3n de Valpara\u00edso en el marco de la Semana de la Educaci\u00f3n Art\u00edstica 2022&#8243; _builder_version=\u00bb4.27.5&#8243; _module_preset=\u00bbdefault\u00bb title_font=\u00bbLato|700|||||||\u00bb title_font_size=\u00bb50px\u00bb subhead_font=\u00bbLato||||||||\u00bb subhead_font_size=\u00bb30px\u00bb background_image=\u00bbhttps:\/\/upla.cl\/vinculacion\/wp-content\/uploads\/2022\/06\/SEA-2022-1.jpeg\u00bb background_blend=\u00bbmultiply\u00bb custom_padding=\u00bb10%||10%||true|false\u00bb hover_enabled=\u00bb0&#8243; title_text_shadow_style=\u00bbpreset5&#8243; subhead_text_shadow_style=\u00bbpreset5&#8243; global_colors_info=\u00bb{}\u00bb theme_builder_area=\u00bbpost_content\u00bb title_text=\u00bbUPLA realiz\u00f3 talleres a estudiantes de establecimientos educacionales de la regi\u00f3n de Valpara\u00edso en el marco de la Semana de la Educaci\u00f3n Art\u00edstica 2022&#8243; background_color=\u00bb#0082e5&#8243; sticky_enabled=\u00bb0&#8243;][\/et_pb_fullwidth_header][\/et_pb_section][et_pb_section fb_built=\u00bb1&#8243; _builder_version=\u00bb4.27.4&#8243; _module_preset=\u00bbdefault\u00bb custom_margin=\u00bb||||false|false\u00bb custom_padding=\u00bb0px||0px||true|false\u00bb global_colors_info=\u00bb{}\u00bb theme_builder_area=\u00bbpost_content\u00bb][et_pb_row column_structure=\u00bb1_3,2_3&#8243; _builder_version=\u00bb4.27.4&#8243; _module_preset=\u00bbdefault\u00bb width=\u00bb90%\u00bb global_colors_info=\u00bb{}\u00bb theme_builder_area=\u00bbpost_content\u00bb][et_pb_column type=\u00bb1_3&#8243; _builder_version=\u00bb4.27.4&#8243; _module_preset=\u00bbdefault\u00bb global_colors_info=\u00bb{}\u00bb theme_builder_area=\u00bbpost_content\u00bb][et_pb_gallery gallery_ids=\u00bb4028,4027&#8243; fullwidth=\u00bbon\u00bb _builder_version=\u00bb4.27.5&#8243; _module_preset=\u00bbdefault\u00bb hover_enabled=\u00bb0&#8243; global_colors_info=\u00bb{}\u00bb theme_builder_area=\u00bbpost_content\u00bb sticky_enabled=\u00bb0&#8243;][\/et_pb_gallery][\/et_pb_column][et_pb_column type=\u00bb2_3&#8243; _builder_version=\u00bb4.27.4&#8243; _module_preset=\u00bbdefault\u00bb global_colors_info=\u00bb{}\u00bb theme_builder_area=\u00bbpost_content\u00bb][et_pb_text _builder_version=\u00bb4.27.5&#8243; _module_preset=\u00bbdefault\u00bb text_font=\u00bbLato||||||||\u00bb text_font_size=\u00bb16px\u00bb hover_enabled=\u00bb0&#8243; global_colors_info=\u00bb{}\u00bb theme_builder_area=\u00bbpost_content\u00bb sticky_enabled=\u00bb0&#8243;]<\/p>\n<h4><b>Talleres de grabado, piano, mosaico, pintura, entre otros, han sido impartidos por acad\u00e9micos\/as de la universidad a ni\u00f1as, ni\u00f1os y adolescentes de la regi\u00f3n.<\/b><\/h4>\n<p><span style=\"font-weight: 400;\">La Universidad de Playa Ancha (UPLA), a trav\u00e9s de su Facultad de Arte, llev\u00f3 a cabo la Semana de la Educaci\u00f3n Art\u00edstica, instancia dirigida a estudiantes de establecimientos educacionales de la regi\u00f3n de Valpara\u00edso para impartir talleres de grabado, dibujo, guitarra, piano, mosaico, pintura, escultura, m\u00fasica vocal y animaci\u00f3n.\u00a0 Las actividades se extendieron hasta el mi\u00e9rcoles 1 de junio, y fueron desarrolladas por acad\u00e9micas y acad\u00e9micos de la Facultad de Arte UPLA, tanto en la Universidad, como en las dependencias de los establecimientos educacionales participantes.<\/span><\/p>\n<p><span style=\"font-weight: 400;\">Manuel Chamorro Torres, decano de la Facultad de Arte, respecto a las distintas actividades art\u00edsticas-culturales realizadas indic\u00f3 que<em> \u201cpara la Facultad de Arte y para el Departamento de Educaci\u00f3n Art\u00edstica es s\u00faper importante el hecho de haber organizado esta semana y abrir los espacios para que estudiantes de Educaci\u00f3n Media vengan a visitar nuestra Facultad, conozcan nuestros espacios, conozcan los profesores, conozcan las asignaturas y algunos ya empiecen a pensar que est\u00e1 dentro de sus planes venir a estudiar a nuestra casa de estudios\u201d.<\/em><\/span><\/p>\n<p><span style=\"font-weight: 400;\">La Semana de la Educaci\u00f3n Art\u00edstica es parte del Plan de Extensi\u00f3n Art\u00edstico-Cultural 2093 de la UPLA, el que es financiado por el Ministerio de Educaci\u00f3n en el marco de la convocatoria de Actividades de Inter\u00e9s Nacional (ADAIN).<\/span><\/p>\n<p><span style=\"font-weight: 400;\">Juan \u00c1lvarez, Director General de Vinculaci\u00f3n con el Medio UPLA, explic\u00f3 que <em>\u201cel ADAIN 2093 nos ha permitido financiar el traslado y la alimentaci\u00f3n de una serie de establecimientos educacionales, son pr\u00e1cticamente once liceos, que est\u00e1n viniendo a la universidad, de distintas comunas de la regi\u00f3n, de Papudo, Limache, Los Andes, Vi\u00f1a del Mar, Valpara\u00edso y que participan de actividades de la Facultad de Arte, tanto en las \u00e1reas de artes esc\u00e9nicas, artes visuales, como tambi\u00e9n musicales\u201d.<\/em><\/span><\/p>\n<p><span style=\"font-weight: 400;\">En tanto, Juan Z\u00fa\u00f1iga Jorquera, director del Departamento de Educaci\u00f3n Art\u00edstica explic\u00f3 que <em>\u201cpara el mundo universitario de la Facultad de Arte es una buena oportunidad de establecer un contacto vivencial con el sistema educativo de Ense\u00f1anza B\u00e1sica y Media, a trav\u00e9s de la actividad del arte. Esto implica entender la creaci\u00f3n art\u00edstica como un proceso individual o colectivo, que incluye la diversidad de actividades est\u00e9ticas, estas expresadas en cualquiera de sus \u00e1mbitos y llevadas a cabo con un car\u00e1cter generador de nuevos conocimientos, saberes y obras\u201d.<\/em><\/span><\/p>\n<p><span style=\"font-weight: 400;\">El Plan de Extensi\u00f3n Art\u00edstico-Cultural contempla la realizaci\u00f3n de actividades hasta el mes de noviembre, para que m\u00e1s establecimientos educacionales de la regi\u00f3n visiten la casa de estudios o reciban a acad\u00e9micos y acad\u00e9micas en sus dependencias con el fin de impartir talleres en torno a las artes esc\u00e9nicas, visuales y musicales.<\/span><\/p>\n<p><br style=\"font-weight: 400;\" \/><br style=\"font-weight: 400;\" \/><\/p>\n<p>[\/et_pb_text][\/et_pb_column][\/et_pb_row][\/et_pb_section]<\/p>\n","protected":false},"excerpt":{"rendered":"<p>Talleres de grabado, piano, mosaico, pintura, entre otros, han sido impartidos por acad\u00e9micos\/as de la universidad a ni\u00f1as, ni\u00f1os y adolescentes de la regi\u00f3n. La Universidad de Playa Ancha (UPLA), [&hellip;]<\/p>\n","protected":false},"author":12,"featured_media":4027,"comment_status":"closed","ping_status":"closed","sticky":false,"template":"","format":"standard","meta":{"_et_pb_use_builder":"on","_et_pb_old_content":"","_et_gb_content_width":"","_price":"","_stock":"","_tribe_ticket_header":"","_tribe_default_ticket_provider":"","_tribe_ticket_capacity":"","_ticket_start_date":"","_ticket_end_date":"","_tribe_ticket_show_description":"","_tribe_ticket_show_not_going":false,"_tribe_ticket_use_global_stock":"","_tribe_ticket_global_stock_level":"","_global_stock_mode":"","_global_stock_cap":"","_tribe_rsvp_for_event":"","_tribe_ticket_going_count":"","_tribe_ticket_not_going_count":"","_tribe_tickets_list":"[]","_tribe_ticket_has_attendee_info_fields":false,"footnotes":""},"categories":[4],"tags":[],"class_list":["post-17234016","post","type-post","status-publish","format-standard","has-post-thumbnail","hentry","category-noticias"],"_links":{"self":[{"href":"https:\/\/upla.cl\/vinculacion\/wp-json\/wp\/v2\/posts\/17234016","targetHints":{"allow":["GET"]}}],"collection":[{"href":"https:\/\/upla.cl\/vinculacion\/wp-json\/wp\/v2\/posts"}],"about":[{"href":"https:\/\/upla.cl\/vinculacion\/wp-json\/wp\/v2\/types\/post"}],"author":[{"embeddable":true,"href":"https:\/\/upla.cl\/vinculacion\/wp-json\/wp\/v2\/users\/12"}],"replies":[{"embeddable":true,"href":"https:\/\/upla.cl\/vinculacion\/wp-json\/wp\/v2\/comments?post=17234016"}],"version-history":[{"count":2,"href":"https:\/\/upla.cl\/vinculacion\/wp-json\/wp\/v2\/posts\/17234016\/revisions"}],"predecessor-version":[{"id":17234058,"href":"https:\/\/upla.cl\/vinculacion\/wp-json\/wp\/v2\/posts\/17234016\/revisions\/17234058"}],"wp:featuredmedia":[{"embeddable":true,"href":"https:\/\/upla.cl\/vinculacion\/wp-json\/wp\/v2\/media\/4027"}],"wp:attachment":[{"href":"https:\/\/upla.cl\/vinculacion\/wp-json\/wp\/v2\/media?parent=17234016"}],"wp:term":[{"taxonomy":"category","embeddable":true,"href":"https:\/\/upla.cl\/vinculacion\/wp-json\/wp\/v2\/categories?post=17234016"},{"taxonomy":"post_tag","embeddable":true,"href":"https:\/\/upla.cl\/vinculacion\/wp-json\/wp\/v2\/tags?post=17234016"}],"curies":[{"name":"wp","href":"https:\/\/api.w.org\/{rel}","templated":true}]}}