{"id":17234060,"date":"2022-06-07T16:01:10","date_gmt":"2022-06-07T20:01:10","guid":{"rendered":"https:\/\/upla.cl\/vinculacion\/?p=17234060"},"modified":"2026-04-09T08:44:02","modified_gmt":"2026-04-09T12:44:02","slug":"upla-y-municipalidad-de-la-cruz-sostuvieron-reunion-para-pactar-acciones-conjuntas-que-impacten-al-desarrollo-comunal-y-a-los-procesos-formativos-de-la-universidad","status":"publish","type":"post","link":"https:\/\/upla.cl\/vinculacion\/2022\/06\/07\/upla-y-municipalidad-de-la-cruz-sostuvieron-reunion-para-pactar-acciones-conjuntas-que-impacten-al-desarrollo-comunal-y-a-los-procesos-formativos-de-la-universidad\/","title":{"rendered":"UPLA y Municipalidad de La Cruz sostuvieron reuni\u00f3n para pactar acciones conjuntas que impacten al desarrollo comunal y a los procesos formativos de la universidad"},"content":{"rendered":"<p>[et_pb_section fb_built=\u00bb1&#8243; fullwidth=\u00bbon\u00bb _builder_version=\u00bb4.27.4&#8243; _module_preset=\u00bbdefault\u00bb global_colors_info=\u00bb{}\u00bb][et_pb_fullwidth_header title=\u00bbUPLA y Municipalidad de La Cruz sostuvieron reuni\u00f3n para pactar acciones conjuntas que impacten al desarrollo comunal y a los procesos formativos de la universidad\u00bb _builder_version=\u00bb4.27.5&#8243; _module_preset=\u00bbdefault\u00bb title_font=\u00bbLato|700|||||||\u00bb title_font_size=\u00bb50px\u00bb subhead_font=\u00bbLato||||||||\u00bb subhead_font_size=\u00bb30px\u00bb background_image=\u00bbhttps:\/\/upla.cl\/vinculacion\/wp-content\/uploads\/2022\/06\/MUNI-LA-CRUZ-1-scaled.jpg\u00bb background_blend=\u00bbmultiply\u00bb custom_padding=\u00bb10%||10%||true|false\u00bb title_text_shadow_style=\u00bbpreset5&#8243; subhead_text_shadow_style=\u00bbpreset5&#8243; global_colors_info=\u00bb{}\u00bb][\/et_pb_fullwidth_header][\/et_pb_section][et_pb_section fb_built=\u00bb1&#8243; _builder_version=\u00bb4.27.4&#8243; _module_preset=\u00bbdefault\u00bb custom_margin=\u00bb||||false|false\u00bb custom_padding=\u00bb0px||0px||true|false\u00bb global_colors_info=\u00bb{}\u00bb][et_pb_row column_structure=\u00bb1_3,2_3&#8243; _builder_version=\u00bb4.27.4&#8243; _module_preset=\u00bbdefault\u00bb width=\u00bb90%\u00bb global_colors_info=\u00bb{}\u00bb][et_pb_column type=\u00bb1_3&#8243; _builder_version=\u00bb4.27.4&#8243; _module_preset=\u00bbdefault\u00bb global_colors_info=\u00bb{}\u00bb][et_pb_gallery gallery_ids=\u00bb4057,4058&#8243; fullwidth=\u00bbon\u00bb _builder_version=\u00bb4.27.5&#8243; _module_preset=\u00bbdefault\u00bb global_colors_info=\u00bb{}\u00bb][\/et_pb_gallery][\/et_pb_column][et_pb_column type=\u00bb2_3&#8243; _builder_version=\u00bb4.27.4&#8243; _module_preset=\u00bbdefault\u00bb global_colors_info=\u00bb{}\u00bb][et_pb_text _builder_version=\u00bb4.27.5&#8243; _module_preset=\u00bbdefault\u00bb text_font=\u00bbLato||||||||\u00bb text_font_size=\u00bb16px\u00bb global_colors_info=\u00bb{}\u00bb]<\/p>\n<h4><b>En la instancia se acord\u00f3 ligar el quehacer de la universidad con las necesidades que presenta la comuna y sus habitantes, en materias de salud, empleabilidad, inclusi\u00f3n, entre otros.<\/b><\/h4>\n<p><span style=\"font-weight: 400;\">Representantes de la Direcci\u00f3n General de Vinculaci\u00f3n con el Medio (DGVM) y de la Unidad de Acompa\u00f1amiento Estudiantil (UAE) de la Universidad de Playa Ancha (UPLA) se reunieron con la alcaldesa (S) de la Municipalidad de La Cruz, Andrea Suazo Ham, y el Director del Departamento de Salud, Diego Ram\u00edrez, para acordar de qu\u00e9 manera ambas entidades trabajar\u00e1n conjuntamente para fortalecer tanto el crecimiento de la comuna, como los procesos formativos de las y los estudiantes de la universidad, esto en el marco del convenio de colaboraci\u00f3n que mantienen vigente ambas instituciones.<\/span><\/p>\n<p><span style=\"font-weight: 400;\">En la reuni\u00f3n, realizada en las dependencias de la Municipalidad, se sostuvo un di\u00e1logo respecto a las pretensiones que tiene la comuna y el equipo de trabajo municipal, en miras al desarrollo de acciones que beneficien la calidad de vida de sus habitantes, en las \u00e1reas de salud, empleabilidad de egresados\/as UPLA, inclusi\u00f3n, entre otras.<\/span><\/p>\n<p><span style=\"font-weight: 400;\">Andrea Suazo Ham, alcaldesa (s) de La Cruz, expres\u00f3 que<em> \u201cmantuvimos una enriquecida reuni\u00f3n para poder hablar respecto del convenio con la UPLA, y con todos los planes futuros de trabajo que tenemos con esta instituci\u00f3n, y que vamos a poder ejecutar en el \u00e1mbito de salud, el \u00e1mbito de educaci\u00f3n y tambi\u00e9n propiamente tal a lo que respecta a la municipalidad. Todo ello, en mejoras hacia la comunidad, pero tambi\u00e9n hacia la comunidad estudiantil\u201d.<\/em><\/span><\/p>\n<p><span style=\"font-weight: 400;\">En representaci\u00f3n de la DGVM UPLA, participaron Paula Retamal, coordinadora de la Unidad de Relaciones Institucionales (URI), Daniela Casanueva, coordinadora de la Unidad de Seguimiento al Egresado y la Egresada (USE) y Mariella Ruiz, profesional de la Unidad de Innovaci\u00f3n Social (UIS), quienes conversaron sobre c\u00f3mo ligar sus respectivas unidades con las necesidades que tiene la comuna. Por ello, se propuso realizar un laboratorio de reci\u00e9n egresados\/as para que tuvieran su primera experiencia laboral en el municipio, adem\u00e1s de buscar que proyectos de innovaci\u00f3n social consideren al territorio para el desarrollo de sus iniciativas.<\/span><\/p>\n<p><span style=\"font-weight: 400;\">Paula Retamal, coordinadora de la URI, indic\u00f3 que <em>\u201cla reuni\u00f3n que hemos sostenido nos permite ver puntos en com\u00fan, donde la Universidad, desde su quehacer acad\u00e9mico puede contribuir en mejorar algunas brechas o requerimientos de la comuna de La Cruz, a trav\u00e9s de su Municipio. Y de igual forma, es posible identificar instancias en donde los y las estudiantes de la UPLA puedan sumarse y de esta manera enriquecer sus procesos de formaci\u00f3n a partir de esta relaci\u00f3n directa con los territorios y su realidad social\u201d.<\/em><\/span><\/p>\n<p><span style=\"font-weight: 400;\">En tanto, tambi\u00e9n estuvo presente Mar\u00eda Jos\u00e9 Maturana, Coordinadora General de la Unidad de Acompa\u00f1amiento Estudiantil de la UPLA, quien sostuvo que \u201c<em>para la Unidad de Acompa\u00f1amiento Estudiantil es muy importante tambi\u00e9n apoyar todo lo que tenga relaci\u00f3n con la accesibilidad, con discapacidad, con inclusi\u00f3n, y ya estamos pensando en una alianza estrat\u00e9gica, quiz\u00e1s, con la Facultad de Salud para apoyar ese trabajo, y as\u00ed llevar todas la herramientas necesarias para que nuestro aporte sea lo m\u00e1s beneficioso para los habitantes de la comuna de La Cruz\u201d.<\/em><\/span><\/p>\n<p>[\/et_pb_text][\/et_pb_column][\/et_pb_row][\/et_pb_section]<\/p>\n","protected":false},"excerpt":{"rendered":"<p>En la instancia se acord\u00f3 ligar el quehacer de la universidad con las necesidades que presenta la comuna y sus habitantes, en materias de salud, empleabilidad, inclusi\u00f3n, entre otros. Representantes [&hellip;]<\/p>\n","protected":false},"author":12,"featured_media":4058,"comment_status":"closed","ping_status":"closed","sticky":false,"template":"","format":"standard","meta":{"_et_pb_use_builder":"on","_et_pb_old_content":"","_et_gb_content_width":"","_price":"","_stock":"","_tribe_ticket_header":"","_tribe_default_ticket_provider":"","_tribe_ticket_capacity":"","_ticket_start_date":"","_ticket_end_date":"","_tribe_ticket_show_description":"","_tribe_ticket_show_not_going":false,"_tribe_ticket_use_global_stock":"","_tribe_ticket_global_stock_level":"","_global_stock_mode":"","_global_stock_cap":"","_tribe_rsvp_for_event":"","_tribe_ticket_going_count":"","_tribe_ticket_not_going_count":"","_tribe_tickets_list":"[]","_tribe_ticket_has_attendee_info_fields":false,"footnotes":""},"categories":[4],"tags":[],"class_list":["post-17234060","post","type-post","status-publish","format-standard","has-post-thumbnail","hentry","category-noticias"],"_links":{"self":[{"href":"https:\/\/upla.cl\/vinculacion\/wp-json\/wp\/v2\/posts\/17234060","targetHints":{"allow":["GET"]}}],"collection":[{"href":"https:\/\/upla.cl\/vinculacion\/wp-json\/wp\/v2\/posts"}],"about":[{"href":"https:\/\/upla.cl\/vinculacion\/wp-json\/wp\/v2\/types\/post"}],"author":[{"embeddable":true,"href":"https:\/\/upla.cl\/vinculacion\/wp-json\/wp\/v2\/users\/12"}],"replies":[{"embeddable":true,"href":"https:\/\/upla.cl\/vinculacion\/wp-json\/wp\/v2\/comments?post=17234060"}],"version-history":[{"count":3,"href":"https:\/\/upla.cl\/vinculacion\/wp-json\/wp\/v2\/posts\/17234060\/revisions"}],"predecessor-version":[{"id":17234065,"href":"https:\/\/upla.cl\/vinculacion\/wp-json\/wp\/v2\/posts\/17234060\/revisions\/17234065"}],"wp:featuredmedia":[{"embeddable":true,"href":"https:\/\/upla.cl\/vinculacion\/wp-json\/wp\/v2\/media\/4058"}],"wp:attachment":[{"href":"https:\/\/upla.cl\/vinculacion\/wp-json\/wp\/v2\/media?parent=17234060"}],"wp:term":[{"taxonomy":"category","embeddable":true,"href":"https:\/\/upla.cl\/vinculacion\/wp-json\/wp\/v2\/categories?post=17234060"},{"taxonomy":"post_tag","embeddable":true,"href":"https:\/\/upla.cl\/vinculacion\/wp-json\/wp\/v2\/tags?post=17234060"}],"curies":[{"name":"wp","href":"https:\/\/api.w.org\/{rel}","templated":true}]}}