{"id":17234086,"date":"2022-06-22T15:54:50","date_gmt":"2022-06-22T19:54:50","guid":{"rendered":"https:\/\/upla.cl\/vinculacion\/?p=17234086"},"modified":"2026-04-09T16:22:45","modified_gmt":"2026-04-09T20:22:45","slug":"vinculacion-con-el-medio-upla-abre-convocatoria-para-que-estudiantes-de-pregrado-y-posgrado-puedan-financiar-sus-proyectos-de-tesis","status":"publish","type":"post","link":"https:\/\/upla.cl\/vinculacion\/2022\/06\/22\/vinculacion-con-el-medio-upla-abre-convocatoria-para-que-estudiantes-de-pregrado-y-posgrado-puedan-financiar-sus-proyectos-de-tesis\/","title":{"rendered":"Vinculaci\u00f3n con el Medio UPLA abre convocatoria para que estudiantes de pregrado y posgrado puedan financiar sus proyectos de tesis"},"content":{"rendered":"<p>[et_pb_section fb_built=\u00bb1&#8243; fullwidth=\u00bbon\u00bb _builder_version=\u00bb4.27.4&#8243; _module_preset=\u00bbdefault\u00bb global_colors_info=\u00bb{}\u00bb theme_builder_area=\u00bbpost_content\u00bb][et_pb_fullwidth_header title=\u00bbVinculaci\u00f3n con el Medio UPLA abre convocatoria para que estudiantes de pregrado y posgrado puedan financiar sus proyectos de tesis\u00bb _builder_version=\u00bb4.27.5&#8243; _module_preset=\u00bbdefault\u00bb title_font=\u00bbLato|700|||||||\u00bb title_font_size=\u00bb50px\u00bb subhead_font=\u00bbLato||||||||\u00bb subhead_font_size=\u00bb30px\u00bb background_image=\u00bbhttps:\/\/upla.cl\/vinculacion\/wp-content\/uploads\/2022\/06\/Fondo-Tesis-2022.jpeg\u00bb background_blend=\u00bbmultiply\u00bb custom_padding=\u00bb10%||10%||true|false\u00bb hover_enabled=\u00bb0&#8243; title_text_shadow_style=\u00bbpreset5&#8243; subhead_text_shadow_style=\u00bbpreset5&#8243; global_colors_info=\u00bb{}\u00bb theme_builder_area=\u00bbpost_content\u00bb sticky_enabled=\u00bb0&#8243; title_text=\u00bbVinculaci\u00f3n con el Medio UPLA abre convocatoria para que estudiantes de pregrado y posgrado puedan financiar sus proyectos de tesis\u00bb background_position=\u00bbtop_right\u00bb background_vertical_offset=\u00bb36%\u00bb][\/et_pb_fullwidth_header][\/et_pb_section][et_pb_section fb_built=\u00bb1&#8243; _builder_version=\u00bb4.27.4&#8243; _module_preset=\u00bbdefault\u00bb custom_margin=\u00bb||||false|false\u00bb custom_padding=\u00bb0px||0px||true|false\u00bb global_colors_info=\u00bb{}\u00bb theme_builder_area=\u00bbpost_content\u00bb][et_pb_row column_structure=\u00bb1_3,2_3&#8243; _builder_version=\u00bb4.27.4&#8243; _module_preset=\u00bbdefault\u00bb width=\u00bb90%\u00bb global_colors_info=\u00bb{}\u00bb theme_builder_area=\u00bbpost_content\u00bb][et_pb_column type=\u00bb1_3&#8243; _builder_version=\u00bb4.27.4&#8243; _module_preset=\u00bbdefault\u00bb global_colors_info=\u00bb{}\u00bb theme_builder_area=\u00bbpost_content\u00bb][et_pb_gallery gallery_ids=\u00bb4110&#8243; fullwidth=\u00bbon\u00bb _builder_version=\u00bb4.27.5&#8243; _module_preset=\u00bbdefault\u00bb hover_enabled=\u00bb0&#8243; global_colors_info=\u00bb{}\u00bb theme_builder_area=\u00bbpost_content\u00bb sticky_enabled=\u00bb0&#8243;][\/et_pb_gallery][\/et_pb_column][et_pb_column type=\u00bb2_3&#8243; _builder_version=\u00bb4.27.4&#8243; _module_preset=\u00bbdefault\u00bb global_colors_info=\u00bb{}\u00bb theme_builder_area=\u00bbpost_content\u00bb][et_pb_text _builder_version=\u00bb4.27.5&#8243; _module_preset=\u00bbdefault\u00bb text_font=\u00bbLato||||||||\u00bb text_font_size=\u00bb16px\u00bb hover_enabled=\u00bb0&#8243; global_colors_info=\u00bb{}\u00bb theme_builder_area=\u00bbpost_content\u00bb sticky_enabled=\u00bb0&#8243;]<\/p>\n<h4><b>Hasta $300.000 de financiamiento se entregar\u00e1 a cada trabajo de titulaci\u00f3n que adjudique el fondo.<\/b><\/h4>\n<p><span style=\"font-weight: 400;\">La Direcci\u00f3n General de Vinculaci\u00f3n con el Medio (DGVM) de la Universidad de Playa Ancha invita a sus estudiantes a participar en la postulaci\u00f3n al fondo \u201cVinc\u00fala-Tesis\u201d, concurso que busca financiar trabajos de titulaci\u00f3n en carreras de pregrado y postgrado, con un monto m\u00e1ximo de $300.000 para el desarrollo de las investigaciones.<\/span><\/p>\n<p><span style=\"font-weight: 400;\">La convocatoria podr\u00e1 financiar un m\u00e1ximo de 10 proyectos enfocados en medio ambiente, espacios p\u00fablicos, participaci\u00f3n social, vida de barrio, cultura y patrimonio, salud y calidad de vida, g\u00e9nero y derechos humanos, entre otros.<\/span><\/p>\n<p><span style=\"font-weight: 400;\">Diego Verdejo, Secretario Ejecutivo de la DGVM, explic\u00f3 que el proyecto <em>\u201cconsidera una serie de beneficios para las y los estudiantes. En primer lugar, est\u00e1 el apoyo financiero para la realizaci\u00f3n de esta etapa, la que, por experiencia propia, sabemos que conlleva una serie de gastos, desde la adquisici\u00f3n de materiales para el desarrollo del proyecto, como tambi\u00e9n para impresi\u00f3n y de empastado\u201d.<\/em><\/span><\/p>\n<p><span style=\"font-weight: 400;\"><em>\u201cPor otro lado, tambi\u00e9n se constituye en un aporte para los procesos reflexivos de nuestras y nuestros estudiantes. Abordando el enfoque de vinculaci\u00f3n con el medio, los y las tesistas son capaces de vislumbrar aquellas tensiones que existen entre la teor\u00eda y la pr\u00e1ctica. El di\u00e1logo con agentes territoriales siempre permite ir superando aquellos puntos ciegos que son propios de los lugares desde los que nos posicionamos, y de este modo vamos generando un conocimiento mucho m\u00e1s pertinente de la realidad social, que se caracteriza por sus din\u00e1micas de cambio y de transformaci\u00f3n\u201d<\/em>, agreg\u00f3.<\/span><\/p>\n<p><span style=\"font-weight: 400;\">Las propuestas ser\u00e1n recepcionadas hasta el mi\u00e9rcoles 13 de julio; en tanto, las bases del concurso pueden ser revisadas<\/span><a href=\"https:\/\/upla.cl\/vinculacion\/wp-content\/uploads\/2022\/06\/DEBECB_1.pdf\"> <span style=\"font-weight: 400;\">pinchando ac\u00e1<\/span><\/a><span style=\"font-weight: 400;\">. Para el env\u00edo de la documentaci\u00f3n y otras consultas, se puede escribir al correo <a href=\"mailto:diego.verdejo@upla.cl\">diego.verdejo@upla.cl<\/a>.<\/span><\/p>\n<p><br style=\"font-weight: 400;\" \/><br style=\"font-weight: 400;\" \/><\/p>\n<p>[\/et_pb_text][\/et_pb_column][\/et_pb_row][\/et_pb_section]<\/p>\n","protected":false},"excerpt":{"rendered":"<p>Hasta $300.000 de financiamiento se entregar\u00e1 a cada trabajo de titulaci\u00f3n que adjudique el fondo. La Direcci\u00f3n General de Vinculaci\u00f3n con el Medio (DGVM) de la Universidad de Playa Ancha [&hellip;]<\/p>\n","protected":false},"author":12,"featured_media":4110,"comment_status":"closed","ping_status":"closed","sticky":false,"template":"","format":"standard","meta":{"_et_pb_use_builder":"on","_et_pb_old_content":"","_et_gb_content_width":"","_price":"","_stock":"","_tribe_ticket_header":"","_tribe_default_ticket_provider":"","_tribe_ticket_capacity":"","_ticket_start_date":"","_ticket_end_date":"","_tribe_ticket_show_description":"","_tribe_ticket_show_not_going":false,"_tribe_ticket_use_global_stock":"","_tribe_ticket_global_stock_level":"","_global_stock_mode":"","_global_stock_cap":"","_tribe_rsvp_for_event":"","_tribe_ticket_going_count":"","_tribe_ticket_not_going_count":"","_tribe_tickets_list":"[]","_tribe_ticket_has_attendee_info_fields":false,"footnotes":""},"categories":[4],"tags":[],"class_list":["post-17234086","post","type-post","status-publish","format-standard","has-post-thumbnail","hentry","category-noticias"],"_links":{"self":[{"href":"https:\/\/upla.cl\/vinculacion\/wp-json\/wp\/v2\/posts\/17234086","targetHints":{"allow":["GET"]}}],"collection":[{"href":"https:\/\/upla.cl\/vinculacion\/wp-json\/wp\/v2\/posts"}],"about":[{"href":"https:\/\/upla.cl\/vinculacion\/wp-json\/wp\/v2\/types\/post"}],"author":[{"embeddable":true,"href":"https:\/\/upla.cl\/vinculacion\/wp-json\/wp\/v2\/users\/12"}],"replies":[{"embeddable":true,"href":"https:\/\/upla.cl\/vinculacion\/wp-json\/wp\/v2\/comments?post=17234086"}],"version-history":[{"count":2,"href":"https:\/\/upla.cl\/vinculacion\/wp-json\/wp\/v2\/posts\/17234086\/revisions"}],"predecessor-version":[{"id":17234089,"href":"https:\/\/upla.cl\/vinculacion\/wp-json\/wp\/v2\/posts\/17234086\/revisions\/17234089"}],"wp:featuredmedia":[{"embeddable":true,"href":"https:\/\/upla.cl\/vinculacion\/wp-json\/wp\/v2\/media\/4110"}],"wp:attachment":[{"href":"https:\/\/upla.cl\/vinculacion\/wp-json\/wp\/v2\/media?parent=17234086"}],"wp:term":[{"taxonomy":"category","embeddable":true,"href":"https:\/\/upla.cl\/vinculacion\/wp-json\/wp\/v2\/categories?post=17234086"},{"taxonomy":"post_tag","embeddable":true,"href":"https:\/\/upla.cl\/vinculacion\/wp-json\/wp\/v2\/tags?post=17234086"}],"curies":[{"name":"wp","href":"https:\/\/api.w.org\/{rel}","templated":true}]}}