{"id":17234091,"date":"2022-07-04T08:24:10","date_gmt":"2022-07-04T12:24:10","guid":{"rendered":"https:\/\/upla.cl\/vinculacion\/?p=17234091"},"modified":"2026-04-10T08:48:48","modified_gmt":"2026-04-10T12:48:48","slug":"upla-recibira-a-comitiva-de-la-asociacion-de-universidades-grupo-montevideo-para-reunion-la-comision-permanente-de-extension-universitaria","status":"publish","type":"post","link":"https:\/\/upla.cl\/vinculacion\/2022\/07\/04\/upla-recibira-a-comitiva-de-la-asociacion-de-universidades-grupo-montevideo-para-reunion-la-comision-permanente-de-extension-universitaria\/","title":{"rendered":"UPLA recibir\u00e1 a comitiva de la Asociaci\u00f3n de Universidades Grupo Montevideo para reuni\u00f3n la Comisi\u00f3n Permanente de Extensi\u00f3n Universitaria"},"content":{"rendered":"<p>[et_pb_section fb_built=\u00bb1&#8243; fullwidth=\u00bbon\u00bb _builder_version=\u00bb4.27.4&#8243; _module_preset=\u00bbdefault\u00bb global_colors_info=\u00bb{}\u00bb theme_builder_area=\u00bbpost_content\u00bb][et_pb_fullwidth_header title=\u00bbUPLA recibir\u00e1 a comitiva de la Asociaci\u00f3n de Universidades Grupo Montevideo para reuni\u00f3n la Comisi\u00f3n Permanente de Extensi\u00f3n Universitaria\u00bb _builder_version=\u00bb4.27.5&#8243; _module_preset=\u00bbdefault\u00bb title_font=\u00bbLato|700|||||||\u00bb title_font_size=\u00bb50px\u00bb subhead_font=\u00bbLato||||||||\u00bb subhead_font_size=\u00bb30px\u00bb background_image=\u00bbhttps:\/\/upla.cl\/vinculacion\/wp-content\/uploads\/2022\/07\/AUGM-REDES1.jpg\u00bb background_blend=\u00bbmultiply\u00bb custom_padding=\u00bb10%||10%||true|false\u00bb hover_enabled=\u00bb0&#8243; title_text_shadow_style=\u00bbpreset5&#8243; subhead_text_shadow_style=\u00bbpreset5&#8243; global_colors_info=\u00bb{}\u00bb theme_builder_area=\u00bbpost_content\u00bb title_text=\u00bbUPLA recibir\u00e1 a comitiva de la Asociaci\u00f3n de Universidades Grupo Montevideo para reuni\u00f3n la Comisi\u00f3n Permanente de Extensi\u00f3n Universitaria\u00bb background_position=\u00bbtop_right\u00bb background_vertical_offset=\u00bb-8%\u00bb sticky_enabled=\u00bb0&#8243;][\/et_pb_fullwidth_header][\/et_pb_section][et_pb_section fb_built=\u00bb1&#8243; _builder_version=\u00bb4.27.4&#8243; _module_preset=\u00bbdefault\u00bb custom_margin=\u00bb||||false|false\u00bb custom_padding=\u00bb0px||0px||true|false\u00bb global_colors_info=\u00bb{}\u00bb theme_builder_area=\u00bbpost_content\u00bb][et_pb_row column_structure=\u00bb1_3,2_3&#8243; _builder_version=\u00bb4.27.4&#8243; _module_preset=\u00bbdefault\u00bb width=\u00bb90%\u00bb global_colors_info=\u00bb{}\u00bb theme_builder_area=\u00bbpost_content\u00bb][et_pb_column type=\u00bb1_3&#8243; _builder_version=\u00bb4.27.4&#8243; _module_preset=\u00bbdefault\u00bb global_colors_info=\u00bb{}\u00bb theme_builder_area=\u00bbpost_content\u00bb][et_pb_gallery gallery_ids=\u00bb4120,4121&#8243; fullwidth=\u00bbon\u00bb _builder_version=\u00bb4.27.5&#8243; _module_preset=\u00bbdefault\u00bb hover_enabled=\u00bb0&#8243; global_colors_info=\u00bb{}\u00bb theme_builder_area=\u00bbpost_content\u00bb sticky_enabled=\u00bb0&#8243;][\/et_pb_gallery][\/et_pb_column][et_pb_column type=\u00bb2_3&#8243; _builder_version=\u00bb4.27.4&#8243; _module_preset=\u00bbdefault\u00bb global_colors_info=\u00bb{}\u00bb theme_builder_area=\u00bbpost_content\u00bb][et_pb_text _builder_version=\u00bb4.27.5&#8243; _module_preset=\u00bbdefault\u00bb text_font=\u00bbLato||||||||\u00bb text_font_size=\u00bb16px\u00bb hover_enabled=\u00bb0&#8243; global_colors_info=\u00bb{}\u00bb theme_builder_area=\u00bbpost_content\u00bb sticky_enabled=\u00bb0&#8243;]<\/p>\n<h3><b>Representantes de universidades de Argentina, Uruguay, Brasil, Bolivia y Paraguay se reunir\u00e1n con representantes de universidades chilenas durante dos jornadas.<\/b><\/h3>\n<p><span style=\"font-weight: 400;\">El pr\u00f3ximo 7 y 8 de julio la Universidad de Playa Ancha (UPLA) recibir\u00e1 a miembros de la Asociaci\u00f3n de Universidades Grupo Montevideo (AUGM), esto en el marco de la Comisi\u00f3n Permanente de Extensi\u00f3n Universitaria, con el fin de realizar un balance de las acciones y planes de trabajo del per\u00edodo 2020-2021, y poder coordinar nuevos proyectos para los pr\u00f3ximos dos a\u00f1os. Cabe destacar que a AUGM pertenecen distintas universidades de pa\u00edses como Argentina, Brasil, Uruguay, Bolivia, Paraguay y Chile.<\/span><\/p>\n<p><span style=\"font-weight: 400;\">La instancia, organizada por la Direcci\u00f3n General de Vinculaci\u00f3n con el Medio (DGVM) de la UPLA, contar\u00e1 con la presentaci\u00f3n de Osvaldo Bernales, Presidente del Directorio de la Red VCM del Consorcio de Universidades del Estado de Chile (CUECH), con la charla \u201cDesaf\u00edos de la Vinculaci\u00f3n con el Medio en las Universidades Estatales Chilenas\u201d, para luego dar paso a dos paneles de conversaci\u00f3n en torno a la salud mental y el retorno a la presencialidad tanto en Chile como en Am\u00e9rica Latina.\u00a0<\/span><\/p>\n<p><span style=\"font-weight: 400;\">Por la tarde, se sostendr\u00e1 la reuni\u00f3n de la Comisi\u00f3n Permanente en las dependencias de la Biblioteca de la Universidad, donde participar\u00e1n acad\u00e9micos\/as y representantes de las casas de estudio pertenecientes a la red como la Universidad de Brasilia (Brasil), Universidad de la Rep\u00fablica (Argentina), Universidad de Chile, Universidad de Valpara\u00edso, Universidad de Playa Ancha, entre otras.<\/span><\/p>\n<p><span style=\"font-weight: 400;\">Durante la segunda jornada, a realizarse el viernes 8 de julio, la comitiva, junto con equipo de la DGVM y acad\u00e9micas\/os de la Facultad de Ingenier\u00eda UPLA, una visita a la zona de El Rungue, en Puchuncav\u00ed<\/span><\/p>\n<p><span style=\"font-weight: 400;\">Durante la segunda jornada, a realizarse el 8 de julio, la comitiva AUGM, junto con equipo de la DGVM visitar\u00e1n la zona de El Rungue, en la localidad de Puchuncav\u00ed, para reunirse con el equipo del proyecto de Vinculaci\u00f3n con el Medio 2021, \u201cTrayectorias formativas de comunidades de El Rungue y Horc\u00f3n\u201d, a cargo de acad\u00e9micos\/as de la Facultad de Ingenier\u00eda, Ximena Espinoza, Ver\u00f3nica Meza y Javier Castillo. Adem\u00e1s, se realizar\u00e1 una feria expositiva sobre creaci\u00f3n de cultivos, enraizantes y compostaje.<\/span><\/p>\n<p><span style=\"font-weight: 400;\">Durante la tarde, la jornada culminar\u00e1 con la visita al Museo del Grabado (MUG) de la Universidad de Playa Ancha, donde las autoridades AUGM podr\u00e1n participar de una visita guiada del lugar.<\/span><\/p>\n<p>[\/et_pb_text][\/et_pb_column][\/et_pb_row][\/et_pb_section]<\/p>\n","protected":false},"excerpt":{"rendered":"<p>Representantes de universidades de Argentina, Uruguay, Brasil, Bolivia y Paraguay se reunir\u00e1n con representantes de universidades chilenas durante dos jornadas. El pr\u00f3ximo 7 y 8 de julio la Universidad de [&hellip;]<\/p>\n","protected":false},"author":12,"featured_media":4120,"comment_status":"closed","ping_status":"closed","sticky":false,"template":"","format":"standard","meta":{"_et_pb_use_builder":"on","_et_pb_old_content":"","_et_gb_content_width":"","_price":"","_stock":"","_tribe_ticket_header":"","_tribe_default_ticket_provider":"","_tribe_ticket_capacity":"","_ticket_start_date":"","_ticket_end_date":"","_tribe_ticket_show_description":"","_tribe_ticket_show_not_going":false,"_tribe_ticket_use_global_stock":"","_tribe_ticket_global_stock_level":"","_global_stock_mode":"","_global_stock_cap":"","_tribe_rsvp_for_event":"","_tribe_ticket_going_count":"","_tribe_ticket_not_going_count":"","_tribe_tickets_list":"[]","_tribe_ticket_has_attendee_info_fields":false,"footnotes":""},"categories":[4],"tags":[],"class_list":["post-17234091","post","type-post","status-publish","format-standard","has-post-thumbnail","hentry","category-noticias"],"_links":{"self":[{"href":"https:\/\/upla.cl\/vinculacion\/wp-json\/wp\/v2\/posts\/17234091","targetHints":{"allow":["GET"]}}],"collection":[{"href":"https:\/\/upla.cl\/vinculacion\/wp-json\/wp\/v2\/posts"}],"about":[{"href":"https:\/\/upla.cl\/vinculacion\/wp-json\/wp\/v2\/types\/post"}],"author":[{"embeddable":true,"href":"https:\/\/upla.cl\/vinculacion\/wp-json\/wp\/v2\/users\/12"}],"replies":[{"embeddable":true,"href":"https:\/\/upla.cl\/vinculacion\/wp-json\/wp\/v2\/comments?post=17234091"}],"version-history":[{"count":2,"href":"https:\/\/upla.cl\/vinculacion\/wp-json\/wp\/v2\/posts\/17234091\/revisions"}],"predecessor-version":[{"id":17234094,"href":"https:\/\/upla.cl\/vinculacion\/wp-json\/wp\/v2\/posts\/17234091\/revisions\/17234094"}],"wp:featuredmedia":[{"embeddable":true,"href":"https:\/\/upla.cl\/vinculacion\/wp-json\/wp\/v2\/media\/4120"}],"wp:attachment":[{"href":"https:\/\/upla.cl\/vinculacion\/wp-json\/wp\/v2\/media?parent=17234091"}],"wp:term":[{"taxonomy":"category","embeddable":true,"href":"https:\/\/upla.cl\/vinculacion\/wp-json\/wp\/v2\/categories?post=17234091"},{"taxonomy":"post_tag","embeddable":true,"href":"https:\/\/upla.cl\/vinculacion\/wp-json\/wp\/v2\/tags?post=17234091"}],"curies":[{"name":"wp","href":"https:\/\/api.w.org\/{rel}","templated":true}]}}