{"id":17234100,"date":"2022-07-13T14:41:50","date_gmt":"2022-07-13T18:41:50","guid":{"rendered":"https:\/\/upla.cl\/vinculacion\/?p=17234100"},"modified":"2026-04-10T14:47:00","modified_gmt":"2026-04-10T18:47:00","slug":"firma-de-convenio-entre-upla-y-municipalidad-de-concon-permitira-que-docentes-y-estudiantes-ejecuten-sus-proyectos-de-innovacion-social-para-potenciar-el-desarrollo-de-la-comuna","status":"publish","type":"post","link":"https:\/\/upla.cl\/vinculacion\/2022\/07\/13\/firma-de-convenio-entre-upla-y-municipalidad-de-concon-permitira-que-docentes-y-estudiantes-ejecuten-sus-proyectos-de-innovacion-social-para-potenciar-el-desarrollo-de-la-comuna\/","title":{"rendered":"Firma de convenio entre UPLA y Municipalidad de Conc\u00f3n permitir\u00e1 que docentes y estudiantes ejecuten sus proyectos de innovaci\u00f3n social para potenciar el desarrollo de la comuna"},"content":{"rendered":"<p>[et_pb_section fb_built=\u00bb1&#8243; fullwidth=\u00bbon\u00bb _builder_version=\u00bb4.27.4&#8243; _module_preset=\u00bbdefault\u00bb global_colors_info=\u00bb{}\u00bb theme_builder_area=\u00bbpost_content\u00bb][et_pb_fullwidth_header title=\u00bbFirma de convenio entre UPLA y Municipalidad de Conc\u00f3n permitir\u00e1 que docentes y estudiantes ejecuten sus proyectos de innovaci\u00f3n social para potenciar el desarrollo de la comuna\u00bb _builder_version=\u00bb4.27.5&#8243; _module_preset=\u00bbdefault\u00bb title_font=\u00bbLato|700|||||||\u00bb title_font_size=\u00bb50px\u00bb subhead_font=\u00bbLato||||||||\u00bb subhead_font_size=\u00bb30px\u00bb background_image=\u00bbhttps:\/\/upla.cl\/vinculacion\/wp-content\/uploads\/2022\/07\/WhatsApp-Image-2022-07-13-at-12.16.42-PM.jpeg\u00bb background_blend=\u00bbmultiply\u00bb custom_padding=\u00bb10%||10%||true|false\u00bb hover_enabled=\u00bb0&#8243; title_text_shadow_style=\u00bbpreset5&#8243; subhead_text_shadow_style=\u00bbpreset5&#8243; global_colors_info=\u00bb{}\u00bb theme_builder_area=\u00bbpost_content\u00bb title_text=\u00bbRector UPLA, Patricio Sanhueza, junto al alcalde de Conc\u00f3n, Freddy Ram\u00edrez.\u00bb sticky_enabled=\u00bb0&#8243;][\/et_pb_fullwidth_header][\/et_pb_section][et_pb_section fb_built=\u00bb1&#8243; _builder_version=\u00bb4.27.4&#8243; _module_preset=\u00bbdefault\u00bb custom_margin=\u00bb||||false|false\u00bb custom_padding=\u00bb0px||0px||true|false\u00bb global_colors_info=\u00bb{}\u00bb theme_builder_area=\u00bbpost_content\u00bb][et_pb_row column_structure=\u00bb1_3,2_3&#8243; _builder_version=\u00bb4.27.4&#8243; _module_preset=\u00bbdefault\u00bb width=\u00bb90%\u00bb global_colors_info=\u00bb{}\u00bb theme_builder_area=\u00bbpost_content\u00bb][et_pb_column type=\u00bb1_3&#8243; _builder_version=\u00bb4.27.4&#8243; _module_preset=\u00bbdefault\u00bb global_colors_info=\u00bb{}\u00bb theme_builder_area=\u00bbpost_content\u00bb][et_pb_gallery gallery_ids=\u00bb4139,4138,4137,4136&#8243; fullwidth=\u00bbon\u00bb _builder_version=\u00bb4.27.5&#8243; _module_preset=\u00bbdefault\u00bb hover_enabled=\u00bb0&#8243; global_colors_info=\u00bb{}\u00bb theme_builder_area=\u00bbpost_content\u00bb sticky_enabled=\u00bb0&#8243;][\/et_pb_gallery][\/et_pb_column][et_pb_column type=\u00bb2_3&#8243; _builder_version=\u00bb4.27.4&#8243; _module_preset=\u00bbdefault\u00bb global_colors_info=\u00bb{}\u00bb theme_builder_area=\u00bbpost_content\u00bb][et_pb_text _builder_version=\u00bb4.27.5&#8243; _module_preset=\u00bbdefault\u00bb text_font=\u00bbLato||||||||\u00bb text_font_size=\u00bb16px\u00bb hover_enabled=\u00bb0&#8243; global_colors_info=\u00bb{}\u00bb theme_builder_area=\u00bbpost_content\u00bb sticky_enabled=\u00bb0&#8243;]<\/p>\n<h4><b>El convenio de colaboraci\u00f3n busca contribuir al desarrollo comunal en materias como turismo y medio ambiente, a trav\u00e9s de acciones desde procesos formativos de la universidad.<\/b><\/h4>\n<p><span style=\"font-weight: 400;\"><em>\u201cEl firmar un convenio con la UPLA, para nosotros significa sumar recursos que no tenemos\u201d,<\/em> expres\u00f3 el Alcalde de la comuna de Conc\u00f3n, Freddy Ram\u00edrez, esto tras firmar un convenio entre la Municipalidad de Conc\u00f3n y la Universidad de Playa Ancha que permitir\u00e1 ejecutar acciones colaborativas en materias como medio ambiente y turismo. La firma se desarroll\u00f3 en el Centro Comunitario de Conc\u00f3n, lugar en donde equipo tanto de la municipalidad como de la UPLA conversaron respecto a planes en conjunto.<\/span><\/p>\n<p><span style=\"font-weight: 400;\">Por una parte, Mariella Ruiz, coordinadora de la Unidad de Innovaci\u00f3n Social (UIS) de la Direcci\u00f3n General de Vinculaci\u00f3n con el Medio (DGVM) de la UPLA, sostuvo un di\u00e1logo con el equipo del Centro Comunitario Municipal, para evaluar un trabajo conjunto en el marco de la aplicaci\u00f3n de proyectos de innovaci\u00f3n social, adjudicados por la DGVM este a\u00f1o, algunos de ellos ligados al impacto medioambiental, a la reactivaci\u00f3n f\u00edsica de personas mayores y a la inclusi\u00f3n de personas con discapacidad.<\/span><\/p>\n<p><span style=\"font-weight: 400;\">Tambi\u00e9n estuvo presente la acad\u00e9mica del Departamento de Filosof\u00eda, Historia y Turismo, Katrina Sanguinetti, quien busca que a trav\u00e9s de la colaboraci\u00f3n de estudiantes de la carrera de Administraci\u00f3n Tur\u00edstica Multiling\u00fce, se fomente el desarrollo tur\u00edstico de la comuna, potenciando esta \u00e1rea mediante los procesos formativos de los y las estudiantes.<\/span><\/p>\n<p><span style=\"font-weight: 400;\">A su vez, participaron los equipos de los proyectos VCM 2022 \u201cGesti\u00f3n y Control de Huertos Comunitarios\u201d, liderado por la estudiante de Ingenier\u00eda Inform\u00e1tica, Karla Inostroza, y \u201cVinculaci\u00f3n con la comunidad Los Maitenes y fortalecimiento de sus capacidades en la implementaci\u00f3n de t\u00e9cnicas de recuperaci\u00f3n de suelos degradados\u201d, liderado por la estudiante de Ingenier\u00eda Ambiental, Valentina Castro. Estos equipos buscan poder replicar sus iniciativas en la comuna de Conc\u00f3n, convirti\u00e9ndose en parte de los hitos que se podr\u00edan concretar a ra\u00edz de la firma del convenio.<\/span><\/p>\n<p><span style=\"font-weight: 400;\">El Rector de la Universidad manifest\u00f3 que <em>\u201cesta relaci\u00f3n, a trav\u00e9s de un convenio marco de colaboraci\u00f3n, pone las bases necesarias para construir en conjunto soluciones a problemas que la comunidad tiene. El alcalde tiene una visi\u00f3n muy interesante del desarrollo de la comuna, interpreta a su comunidad en eso, y nosotros tenemos un plan de trabajo con el municipio de Conc\u00f3n en el que vamos a incorporar algunas tem\u00e1ticas\u201d.<\/em><\/span><\/p>\n<p><span style=\"font-weight: 400;\">Por su parte, el alcalde de Conc\u00f3n agreg\u00f3 que<em> \u201cel poder estar hoy con el Rector Patricio Sanhueza, con su equipo pudiendo vincularnos, es una tremenda noticia para la comunidad de Conc\u00f3n. As\u00ed que esperamos que este convenio se replique en acciones concretas, en acciones prontas a desarrollar y por supuesto que vayan directo a beneficio de los vecinos y vecinas de Conc\u00f3n\u201d.<\/em><\/span><\/p>\n<p><span style=\"font-weight: 400;\">Pr\u00f3ximamente, el equipo de la UIS y del Centro Comunitario se reunir\u00e1n con el fin de sentar los lineamientos de colaboraci\u00f3n para la ejecuci\u00f3n de diversas actividades para potenciar la calidad de vida de los y las habitantes de la comuna.<\/span><\/p>\n<p>[\/et_pb_text][\/et_pb_column][\/et_pb_row][\/et_pb_section]<\/p>\n","protected":false},"excerpt":{"rendered":"<p>El convenio de colaboraci\u00f3n busca contribuir al desarrollo comunal en materias como turismo y medio ambiente, a trav\u00e9s de acciones desde procesos formativos de la universidad. \u201cEl firmar un convenio [&hellip;]<\/p>\n","protected":false},"author":12,"featured_media":4138,"comment_status":"closed","ping_status":"closed","sticky":false,"template":"","format":"standard","meta":{"_et_pb_use_builder":"on","_et_pb_old_content":"","_et_gb_content_width":"","_price":"","_stock":"","_tribe_ticket_header":"","_tribe_default_ticket_provider":"","_tribe_ticket_capacity":"","_ticket_start_date":"","_ticket_end_date":"","_tribe_ticket_show_description":"","_tribe_ticket_show_not_going":false,"_tribe_ticket_use_global_stock":"","_tribe_ticket_global_stock_level":"","_global_stock_mode":"","_global_stock_cap":"","_tribe_rsvp_for_event":"","_tribe_ticket_going_count":"","_tribe_ticket_not_going_count":"","_tribe_tickets_list":"[]","_tribe_ticket_has_attendee_info_fields":false,"footnotes":""},"categories":[4],"tags":[110],"class_list":["post-17234100","post","type-post","status-publish","format-standard","has-post-thumbnail","hentry","category-noticias","tag-convenios"],"_links":{"self":[{"href":"https:\/\/upla.cl\/vinculacion\/wp-json\/wp\/v2\/posts\/17234100","targetHints":{"allow":["GET"]}}],"collection":[{"href":"https:\/\/upla.cl\/vinculacion\/wp-json\/wp\/v2\/posts"}],"about":[{"href":"https:\/\/upla.cl\/vinculacion\/wp-json\/wp\/v2\/types\/post"}],"author":[{"embeddable":true,"href":"https:\/\/upla.cl\/vinculacion\/wp-json\/wp\/v2\/users\/12"}],"replies":[{"embeddable":true,"href":"https:\/\/upla.cl\/vinculacion\/wp-json\/wp\/v2\/comments?post=17234100"}],"version-history":[{"count":2,"href":"https:\/\/upla.cl\/vinculacion\/wp-json\/wp\/v2\/posts\/17234100\/revisions"}],"predecessor-version":[{"id":17234103,"href":"https:\/\/upla.cl\/vinculacion\/wp-json\/wp\/v2\/posts\/17234100\/revisions\/17234103"}],"wp:featuredmedia":[{"embeddable":true,"href":"https:\/\/upla.cl\/vinculacion\/wp-json\/wp\/v2\/media\/4138"}],"wp:attachment":[{"href":"https:\/\/upla.cl\/vinculacion\/wp-json\/wp\/v2\/media?parent=17234100"}],"wp:term":[{"taxonomy":"category","embeddable":true,"href":"https:\/\/upla.cl\/vinculacion\/wp-json\/wp\/v2\/categories?post=17234100"},{"taxonomy":"post_tag","embeddable":true,"href":"https:\/\/upla.cl\/vinculacion\/wp-json\/wp\/v2\/tags?post=17234100"}],"curies":[{"name":"wp","href":"https:\/\/api.w.org\/{rel}","templated":true}]}}