{"id":17234105,"date":"2022-07-14T14:48:55","date_gmt":"2022-07-14T18:48:55","guid":{"rendered":"https:\/\/upla.cl\/vinculacion\/?p=17234105"},"modified":"2026-04-10T15:01:04","modified_gmt":"2026-04-10T19:01:04","slug":"representantes-de-universidades-estatales-latinoamericanas-visitaron-la-upla-para-conocer-iniciativas-de-vinculacion-con-el-territorio-y-acordar-lineas-de-trabajo-conjuntas-para-periodo-2022-2024","status":"publish","type":"post","link":"https:\/\/upla.cl\/vinculacion\/2022\/07\/14\/representantes-de-universidades-estatales-latinoamericanas-visitaron-la-upla-para-conocer-iniciativas-de-vinculacion-con-el-territorio-y-acordar-lineas-de-trabajo-conjuntas-para-periodo-2022-2024\/","title":{"rendered":"Representantes de universidades estatales latinoamericanas visitaron la UPLA para conocer iniciativas de vinculaci\u00f3n con el territorio y acordar l\u00edneas de trabajo conjuntas para per\u00edodo 2022-2024"},"content":{"rendered":"<p>[et_pb_section fb_built=\u00bb1&#8243; fullwidth=\u00bbon\u00bb _builder_version=\u00bb4.27.4&#8243; _module_preset=\u00bbdefault\u00bb global_colors_info=\u00bb{}\u00bb theme_builder_area=\u00bbpost_content\u00bb][et_pb_fullwidth_header title=\u00bbRepresentantes de universidades estatales latinoamericanas visitaron la UPLA para conocer iniciativas de vinculaci\u00f3n con el territorio y acordar l\u00edneas de trabajo conjuntas para per\u00edodo 2022-2024&#8243; _builder_version=\u00bb4.27.5&#8243; _module_preset=\u00bbdefault\u00bb title_font=\u00bbLato|700|||||||\u00bb title_font_size=\u00bb50px\u00bb subhead_font=\u00bbLato||||||||\u00bb subhead_font_size=\u00bb30px\u00bb background_image=\u00bbhttps:\/\/upla.cl\/vinculacion\/wp-content\/uploads\/2022\/07\/WhatsApp-Image-2022-07-14-at-10.18.45-AM-1.jpeg\u00bb background_blend=\u00bbmultiply\u00bb custom_padding=\u00bb10%||10%||true|false\u00bb hover_enabled=\u00bb0&#8243; title_text_shadow_style=\u00bbpreset5&#8243; subhead_text_shadow_style=\u00bbpreset5&#8243; global_colors_info=\u00bb{}\u00bb theme_builder_area=\u00bbpost_content\u00bb title_text=\u00bbJornada inaugural CP AUGM, en Aula Dr. F\u00e9lix Morales Pettorino.\u00bb background_color=\u00bb#007cf9&#8243; sticky_enabled=\u00bb0&#8243;][\/et_pb_fullwidth_header][\/et_pb_section][et_pb_section fb_built=\u00bb1&#8243; _builder_version=\u00bb4.27.4&#8243; _module_preset=\u00bbdefault\u00bb custom_margin=\u00bb||||false|false\u00bb custom_padding=\u00bb0px||0px||true|false\u00bb global_colors_info=\u00bb{}\u00bb theme_builder_area=\u00bbpost_content\u00bb][et_pb_row column_structure=\u00bb1_3,2_3&#8243; _builder_version=\u00bb4.27.4&#8243; _module_preset=\u00bbdefault\u00bb width=\u00bb90%\u00bb global_colors_info=\u00bb{}\u00bb theme_builder_area=\u00bbpost_content\u00bb][et_pb_column type=\u00bb1_3&#8243; _builder_version=\u00bb4.27.4&#8243; _module_preset=\u00bbdefault\u00bb global_colors_info=\u00bb{}\u00bb theme_builder_area=\u00bbpost_content\u00bb][et_pb_gallery gallery_ids=\u00bb4153,4150,4154,4151,4152&#8243; fullwidth=\u00bbon\u00bb _builder_version=\u00bb4.27.5&#8243; _module_preset=\u00bbdefault\u00bb hover_enabled=\u00bb0&#8243; global_colors_info=\u00bb{}\u00bb theme_builder_area=\u00bbpost_content\u00bb sticky_enabled=\u00bb0&#8243;][\/et_pb_gallery][\/et_pb_column][et_pb_column type=\u00bb2_3&#8243; _builder_version=\u00bb4.27.4&#8243; _module_preset=\u00bbdefault\u00bb global_colors_info=\u00bb{}\u00bb theme_builder_area=\u00bbpost_content\u00bb][et_pb_text _builder_version=\u00bb4.27.5&#8243; _module_preset=\u00bbdefault\u00bb text_font=\u00bbLato||||||||\u00bb text_font_size=\u00bb16px\u00bb hover_enabled=\u00bb0&#8243; global_colors_info=\u00bb{}\u00bb theme_builder_area=\u00bbpost_content\u00bb sticky_enabled=\u00bb0&#8243;]<\/p>\n<h4><b>Comisionados de la Asociaci\u00f3n de Universidades Grupo Montevideo (AUGM) participaron de actividades de extensi\u00f3n y v\u00ednculo con el medio liderados por la universidad porte\u00f1a.<\/b><\/h4>\n<p><span style=\"font-weight: 400;\">La Comisi\u00f3n Permanente de Extensi\u00f3n Universitaria de la Asociaci\u00f3n de Universidades Grupo Montevideo (AUGM) sostuvo su primera reuni\u00f3n del a\u00f1o en la Universidad de Playa Ancha (UPLA), instancia en la que se desarrollaron dos jornadas de actividades en torno a las experiencias de la casa de estudios en materia de v\u00ednculo con el territorio y la extensi\u00f3n universitaria.<\/span><\/p>\n<p><span style=\"font-weight: 400;\">La primera jornada estuvo marcada por charlas y paneles en torno a la salud mental en las universidades y el impacto del retorno a la presencialidad, desde una perspectiva nacional y latinoamericana. La actividad cont\u00f3 con la visita de \u00c1lvaro Rico, secretario ejecutivo de la AUGM y el rector de la UPLA, Patricio Sanhueza Vivanco, entre otros.<\/span><\/p>\n<p><span style=\"font-weight: 400;\">\u00a0Adem\u00e1s, la Comisi\u00f3n Permanente sostuvo una reuni\u00f3n cerrada con el fin de trabajar en acciones para el per\u00edodo 2022-2023, como parte del plan de desarrollo institucional de las universidades pertenecientes a la red AUGM, el VI Congreso de Extensi\u00f3n Universitaria AUGM que se realizar\u00e1 en 2023, entre otros hitos que gestionar\u00e1 la Agrupaci\u00f3n en el marco del retorno a la presencialidad de sus casas de estudios involucradas.<\/span><\/p>\n<p><b>EXPERIENCIAS EN TERRENO<\/b><\/p>\n<p><span style=\"font-weight: 400;\">Los comisionados visitaron el sector de El Rungue, en la comuna de Puchuncav\u00ed, junto con el Director General de Vinculaci\u00f3n con el Medio, Juan \u00c1lvarez, y su equipo de trabajo de las distintas unidades. El objetivo de la visita fue conocer la experiencia del proyecto \u201cUso de microcontroladores en invernaderos modulares para el estudio del comportamiento de Sarcocornia neii en zona costera contaminada en Horc\u00f3n-Puchuncav\u00ed\u201d, liderado por Ximena Espinoza, Javier Castillo y Ver\u00f3nica Meza, acad\u00e9micos\/as de la Facultad de Ingenier\u00eda UPLA, que llevan un tiempo trabajando con vecinos y vecinas del sector para combatir la contaminaci\u00f3n causada por emisiones altamente t\u00f3xicas.<\/span><\/p>\n<p><span style=\"font-weight: 400;\">En el lugar se desarrollaron tres talleres, \u201cProceso de cultivo de hierbas arom\u00e1ticas y medicinales\u201d, \u201cDeterminaci\u00f3n de variables termodin\u00e1micas en la producci\u00f3n de hierbas arom\u00e1ticas y en compost, mediante arduinos\u201d, y \u201cProducci\u00f3n de enraizante natural para la propagaci\u00f3n de Sarcocornia neii\u201d, todos estos impartidos por vecinas del sector, las que pusieron en pr\u00e1ctica lo aprendido en el desarrollo de dicho proyecto.<\/span><\/p>\n<p><span style=\"font-weight: 400;\">Juan \u00c1lvarez, Director General de Vinculaci\u00f3n con el Medio UPLA, expres\u00f3 que <em>\u201cesta es una experiencia muy poderosa, todos los colegas venidos de las universidades de la AUGM han conocido la experiencia, han intercambiado opiniones con los propios actores de la comunidad, y las acad\u00e9micas y acad\u00e9micos que est\u00e1n llevando este proyecto, lo que da cuenta de la mirada y el enfoque que tenemos nosotros en el trabajo con vinculaci\u00f3n con el medio, un v\u00ednculo acad\u00e9mico conectado con el territorio\u201d.<\/em><\/span><\/p>\n<p><span style=\"font-weight: 400;\">La \u00faltima jornada AUGM finaliz\u00f3 con la visita al Museo del Grabado (MUG) de la Universidad, espacio que re\u00fane una colecci\u00f3n de m\u00e1s de 9.500 grabados de artistas nacionales e internacionales. All\u00ed, los y las visitantes pudieron conocer las obras alojadas en una casona patrimonial desde 1880, ubicada en Cerro Alegre.<\/span><\/p>\n<p><span style=\"font-weight: 400;\">En tanto, \u00c1lvaro Rico, secretario ejecutivo de AUGM, coment\u00f3 que <em>\u201chemos tenido una experiencia inolvidable en ese encuentro con participaci\u00f3n directa de los vecinos. y, por \u00faltimo, una visita a la casa cultural de la universidad, a ver las exposiciones de grabado y el acervo en la materia se tiene, un hermos\u00edsimo edificio cuidado, reciclado, y que tambi\u00e9n muestra otra de las funciones fundamentales de la universidad, que es el v\u00ednculo de la academia con la cultura\u201d.<\/em><\/span><\/p>\n<p><span style=\"font-weight: 400;\"><em>\u201cAs\u00ed que el balance es altamente positivo. Se ha reunido un grupo humano fundamental, con un apoyo permanente de la Comisi\u00f3n, y nos vamos todos muy contentos a casa a seguir trabajando por una universidad p\u00fablica, por la educaci\u00f3n superior como un derecho humano y por el bienestar de nuestros pueblos\u201d<\/em>, sentenci\u00f3 Rico.<\/span><\/p>\n<p><span style=\"font-weight: 400;\">\u00a0<\/span><\/p>\n<p><br style=\"font-weight: 400;\" \/><br style=\"font-weight: 400;\" \/><\/p>\n<p>[\/et_pb_text][\/et_pb_column][\/et_pb_row][\/et_pb_section]<\/p>\n","protected":false},"excerpt":{"rendered":"<p>Comisionados de la Asociaci\u00f3n de Universidades Grupo Montevideo (AUGM) participaron de actividades de extensi\u00f3n y v\u00ednculo con el medio liderados por la universidad porte\u00f1a. La Comisi\u00f3n Permanente de Extensi\u00f3n Universitaria [&hellip;]<\/p>\n","protected":false},"author":12,"featured_media":4150,"comment_status":"closed","ping_status":"closed","sticky":false,"template":"","format":"standard","meta":{"_et_pb_use_builder":"on","_et_pb_old_content":"","_et_gb_content_width":"","_price":"","_stock":"","_tribe_ticket_header":"","_tribe_default_ticket_provider":"","_tribe_ticket_capacity":"","_ticket_start_date":"","_ticket_end_date":"","_tribe_ticket_show_description":"","_tribe_ticket_show_not_going":false,"_tribe_ticket_use_global_stock":"","_tribe_ticket_global_stock_level":"","_global_stock_mode":"","_global_stock_cap":"","_tribe_rsvp_for_event":"","_tribe_ticket_going_count":"","_tribe_ticket_not_going_count":"","_tribe_tickets_list":"[]","_tribe_ticket_has_attendee_info_fields":false,"footnotes":""},"categories":[4],"tags":[],"class_list":["post-17234105","post","type-post","status-publish","format-standard","has-post-thumbnail","hentry","category-noticias"],"_links":{"self":[{"href":"https:\/\/upla.cl\/vinculacion\/wp-json\/wp\/v2\/posts\/17234105","targetHints":{"allow":["GET"]}}],"collection":[{"href":"https:\/\/upla.cl\/vinculacion\/wp-json\/wp\/v2\/posts"}],"about":[{"href":"https:\/\/upla.cl\/vinculacion\/wp-json\/wp\/v2\/types\/post"}],"author":[{"embeddable":true,"href":"https:\/\/upla.cl\/vinculacion\/wp-json\/wp\/v2\/users\/12"}],"replies":[{"embeddable":true,"href":"https:\/\/upla.cl\/vinculacion\/wp-json\/wp\/v2\/comments?post=17234105"}],"version-history":[{"count":2,"href":"https:\/\/upla.cl\/vinculacion\/wp-json\/wp\/v2\/posts\/17234105\/revisions"}],"predecessor-version":[{"id":17234114,"href":"https:\/\/upla.cl\/vinculacion\/wp-json\/wp\/v2\/posts\/17234105\/revisions\/17234114"}],"wp:featuredmedia":[{"embeddable":true,"href":"https:\/\/upla.cl\/vinculacion\/wp-json\/wp\/v2\/media\/4150"}],"wp:attachment":[{"href":"https:\/\/upla.cl\/vinculacion\/wp-json\/wp\/v2\/media?parent=17234105"}],"wp:term":[{"taxonomy":"category","embeddable":true,"href":"https:\/\/upla.cl\/vinculacion\/wp-json\/wp\/v2\/categories?post=17234105"},{"taxonomy":"post_tag","embeddable":true,"href":"https:\/\/upla.cl\/vinculacion\/wp-json\/wp\/v2\/tags?post=17234105"}],"curies":[{"name":"wp","href":"https:\/\/api.w.org\/{rel}","templated":true}]}}