{"id":17234123,"date":"2022-07-19T15:04:46","date_gmt":"2022-07-19T19:04:46","guid":{"rendered":"https:\/\/upla.cl\/vinculacion\/?p=17234123"},"modified":"2026-04-10T15:11:00","modified_gmt":"2026-04-10T19:11:00","slug":"academico-de-geografia-upla-realizo-trabajo-territorial-en-colliguay-para-levantamiento-de-informacion-cartografica-de-la-zona-en-el-marco-de-un-proyecto-de-vinculo-con-el-medio","status":"publish","type":"post","link":"https:\/\/upla.cl\/vinculacion\/2022\/07\/19\/academico-de-geografia-upla-realizo-trabajo-territorial-en-colliguay-para-levantamiento-de-informacion-cartografica-de-la-zona-en-el-marco-de-un-proyecto-de-vinculo-con-el-medio\/","title":{"rendered":"Acad\u00e9mico de Geograf\u00eda UPLA realiz\u00f3 trabajo territorial en Colliguay para levantamiento de informaci\u00f3n cartogr\u00e1fica de la zona en el marco de un proyecto de v\u00ednculo con el medio"},"content":{"rendered":"<p>[et_pb_section fb_built=\u00bb1&#8243; fullwidth=\u00bbon\u00bb _builder_version=\u00bb4.27.4&#8243; _module_preset=\u00bbdefault\u00bb global_colors_info=\u00bb{}\u00bb theme_builder_area=\u00bbpost_content\u00bb][et_pb_fullwidth_header title=\u00bbAcad\u00e9mico de Geograf\u00eda UPLA realiz\u00f3 trabajo territorial en Colliguay para levantamiento de informaci\u00f3n cartogr\u00e1fica de la zona en el marco de un proyecto de v\u00ednculo con el medio\u00bb _builder_version=\u00bb4.27.5&#8243; _module_preset=\u00bbdefault\u00bb title_font=\u00bbLato|700|||||||\u00bb title_font_size=\u00bb50px\u00bb subhead_font=\u00bbLato||||||||\u00bb subhead_font_size=\u00bb30px\u00bb background_image=\u00bbhttps:\/\/upla.cl\/vinculacion\/wp-content\/uploads\/2022\/07\/DJI_0737-scaled.jpg\u00bb background_blend=\u00bbmultiply\u00bb custom_padding=\u00bb10%||10%||true|false\u00bb hover_enabled=\u00bb0&#8243; title_text_shadow_style=\u00bbpreset5&#8243; subhead_text_shadow_style=\u00bbpreset5&#8243; global_colors_info=\u00bb{}\u00bb theme_builder_area=\u00bbpost_content\u00bb title_text=\u00bbEstudiantes de curso Geomorfolog\u00eda aplicada, Geograf\u00eda UPLA.\u00bb background_position=\u00bbtop_right\u00bb background_color=\u00bb#0093ef\u00bb sticky_enabled=\u00bb0&#8243;][\/et_pb_fullwidth_header][\/et_pb_section][et_pb_section fb_built=\u00bb1&#8243; _builder_version=\u00bb4.27.4&#8243; _module_preset=\u00bbdefault\u00bb custom_margin=\u00bb||||false|false\u00bb custom_padding=\u00bb0px||0px||true|false\u00bb global_colors_info=\u00bb{}\u00bb theme_builder_area=\u00bbpost_content\u00bb][et_pb_row column_structure=\u00bb1_3,2_3&#8243; _builder_version=\u00bb4.27.4&#8243; _module_preset=\u00bbdefault\u00bb width=\u00bb90%\u00bb global_colors_info=\u00bb{}\u00bb theme_builder_area=\u00bbpost_content\u00bb][et_pb_column type=\u00bb1_3&#8243; _builder_version=\u00bb4.27.4&#8243; _module_preset=\u00bbdefault\u00bb global_colors_info=\u00bb{}\u00bb theme_builder_area=\u00bbpost_content\u00bb][et_pb_gallery gallery_ids=\u00bb4165,4166,4164&#8243; fullwidth=\u00bbon\u00bb _builder_version=\u00bb4.27.5&#8243; _module_preset=\u00bbdefault\u00bb hover_enabled=\u00bb0&#8243; global_colors_info=\u00bb{}\u00bb theme_builder_area=\u00bbpost_content\u00bb sticky_enabled=\u00bb0&#8243;][\/et_pb_gallery][\/et_pb_column][et_pb_column type=\u00bb2_3&#8243; _builder_version=\u00bb4.27.4&#8243; _module_preset=\u00bbdefault\u00bb global_colors_info=\u00bb{}\u00bb theme_builder_area=\u00bbpost_content\u00bb][et_pb_text _builder_version=\u00bb4.27.5&#8243; _module_preset=\u00bbdefault\u00bb text_font=\u00bbLato||||||||\u00bb text_font_size=\u00bb16px\u00bb hover_enabled=\u00bb0&#8243; global_colors_info=\u00bb{}\u00bb theme_builder_area=\u00bbpost_content\u00bb sticky_enabled=\u00bb0&#8243;]<\/p>\n<h4><strong>Junto con estudiantes de la carrera, y con la Municipalidad de Quilpu\u00e9, Carlos Romero busca lograr alternativas sustentables a las condiciones de degradaci\u00f3n del espacio.<\/strong><\/h4>\n<p><span style=\"font-weight: 400;\">El acad\u00e9mico de la carrera de Geograf\u00eda de la Universidad de Playa Ancha (UPLA), Carlos Romero, se encuentra desarrollando un proyecto de innovaci\u00f3n social que busca generar un mapeo de la zona de Colliguay, en la comuna de Quilpu\u00e9, lugar que presenta condiciones ecosist\u00e9micas degradadas. La iniciativa, financiada por la Direcci\u00f3n General de Vinculaci\u00f3n con el Medio (DGVM) de la UPLA, se est\u00e1 realizando con el apoyo de estudiantes del curso de Geomorfolog\u00eda aplicada.<\/span><\/p>\n<p><span style=\"font-weight: 400;\">El objetivo central es proponer obras hidr\u00e1ulicas civiles que permitan mejoras en la gesti\u00f3n de escurrimiento pluviales de las microcuencas que ser\u00e1n analizadas, para permitir la cosecha de agua y as\u00ed impactar en el ciclo hidrol\u00f3gico local, evitando el deterioro de los servicios ecosist\u00e9micos.<\/span><\/p>\n<p><span style=\"font-weight: 400;\">Adem\u00e1s, la Municipalidad de Quilpu\u00e9 participa como agente territorial de este proyecto, llamado \u201cDise\u00f1o de soluciones de base natural en \u00e1reas piloto de Colliguay como respuesta al Cambio Clim\u00e1tico\u201d, siendo un nexo entre el equipo de trabajo y los habitantes de Colliguay, quienes viven en microcuencas que hoy son estudiadas para el an\u00e1lisis espacial del equipo investigador.<\/span><\/p>\n<p><span style=\"font-weight: 400;\">Desde la Municipalidad, la Unidad de Gesti\u00f3n Ambiental Local es la contraparte que genera el nexo entre el docente, su equipo de trabajo y el territorio estudiado. <em>\u201cCon ellos levantamos informaci\u00f3n en terreno con un drone, por lo tanto generamos una muy buena informaci\u00f3n cartogr\u00e1fica base de detalle, con la cual no solo podemos no solo observar el terreno en su amplitud, sino que tambi\u00e9n contamos con una base cartogr\u00e1fica tridimensional que nos permite realizar mensuras de precisi\u00f3n en el terreno\u201d,<\/em> indic\u00f3 Romero.<\/span><\/p>\n<p><span style=\"font-weight: 400;\">Por su parte, la estudiante de Geograf\u00eda, Sof\u00eda Balbont\u00edn, expres\u00f3 que la actividad <em>\u201cfue muy importante, ya que nos sirvi\u00f3 para poder formarnos como profesionales. Adem\u00e1s de eso, nos ayuda a tener una relaci\u00f3n con la comunidad y poder ayudarla. En este caso fue la comuna de Colliguay por la escasez h\u00eddrica que tiene hoy d\u00eda, en donde nosotros podemos tener visualizaci\u00f3n de distintas realidades, paisajes y situaciones, y as\u00ed nosotros podemos dar soluciones en base a estos datos\u201d<\/em> obtenidos.<\/span><\/p>\n<p><span style=\"font-weight: 400;\">El equipo del proyecto espera entregar todos los insumos cartogr\u00e1ficos recopilados en el territorio para que la informaci\u00f3n sea \u00fatil en el dise\u00f1o de obras que permitan darle sustentabilidad h\u00eddrica al sector, y para pr\u00f3ximos estudios que surjan desde la Municipalidad. A su vez, se instalar\u00e1 una estaci\u00f3n meteorol\u00f3gica en uno de los predios, la que tendr\u00e1 un sistema de respaldo de informaci\u00f3n, con datos que se podr\u00e1n consultar mensualmente.<\/span><\/p>\n<p><br style=\"font-weight: 400;\" \/><br style=\"font-weight: 400;\" \/><\/p>\n<p>[\/et_pb_text][\/et_pb_column][\/et_pb_row][\/et_pb_section]<\/p>\n","protected":false},"excerpt":{"rendered":"<p>Junto con estudiantes de la carrera, y con la Municipalidad de Quilpu\u00e9, Carlos Romero busca lograr alternativas sustentables a las condiciones de degradaci\u00f3n del espacio. El acad\u00e9mico de la carrera [&hellip;]<\/p>\n","protected":false},"author":12,"featured_media":4166,"comment_status":"closed","ping_status":"closed","sticky":false,"template":"","format":"standard","meta":{"_et_pb_use_builder":"on","_et_pb_old_content":"","_et_gb_content_width":"","_price":"","_stock":"","_tribe_ticket_header":"","_tribe_default_ticket_provider":"","_tribe_ticket_capacity":"","_ticket_start_date":"","_ticket_end_date":"","_tribe_ticket_show_description":"","_tribe_ticket_show_not_going":false,"_tribe_ticket_use_global_stock":"","_tribe_ticket_global_stock_level":"","_global_stock_mode":"","_global_stock_cap":"","_tribe_rsvp_for_event":"","_tribe_ticket_going_count":"","_tribe_ticket_not_going_count":"","_tribe_tickets_list":"[]","_tribe_ticket_has_attendee_info_fields":false,"footnotes":""},"categories":[4],"tags":[],"class_list":["post-17234123","post","type-post","status-publish","format-standard","has-post-thumbnail","hentry","category-noticias"],"_links":{"self":[{"href":"https:\/\/upla.cl\/vinculacion\/wp-json\/wp\/v2\/posts\/17234123","targetHints":{"allow":["GET"]}}],"collection":[{"href":"https:\/\/upla.cl\/vinculacion\/wp-json\/wp\/v2\/posts"}],"about":[{"href":"https:\/\/upla.cl\/vinculacion\/wp-json\/wp\/v2\/types\/post"}],"author":[{"embeddable":true,"href":"https:\/\/upla.cl\/vinculacion\/wp-json\/wp\/v2\/users\/12"}],"replies":[{"embeddable":true,"href":"https:\/\/upla.cl\/vinculacion\/wp-json\/wp\/v2\/comments?post=17234123"}],"version-history":[{"count":2,"href":"https:\/\/upla.cl\/vinculacion\/wp-json\/wp\/v2\/posts\/17234123\/revisions"}],"predecessor-version":[{"id":17234129,"href":"https:\/\/upla.cl\/vinculacion\/wp-json\/wp\/v2\/posts\/17234123\/revisions\/17234129"}],"wp:featuredmedia":[{"embeddable":true,"href":"https:\/\/upla.cl\/vinculacion\/wp-json\/wp\/v2\/media\/4166"}],"wp:attachment":[{"href":"https:\/\/upla.cl\/vinculacion\/wp-json\/wp\/v2\/media?parent=17234123"}],"wp:term":[{"taxonomy":"category","embeddable":true,"href":"https:\/\/upla.cl\/vinculacion\/wp-json\/wp\/v2\/categories?post=17234123"},{"taxonomy":"post_tag","embeddable":true,"href":"https:\/\/upla.cl\/vinculacion\/wp-json\/wp\/v2\/tags?post=17234123"}],"curies":[{"name":"wp","href":"https:\/\/api.w.org\/{rel}","templated":true}]}}