{"id":17234163,"date":"2022-09-02T14:54:41","date_gmt":"2022-09-02T18:54:41","guid":{"rendered":"https:\/\/upla.cl\/vinculacion\/?p=17234163"},"modified":"2026-04-13T15:06:23","modified_gmt":"2026-04-13T19:06:23","slug":"trabajo-colaborativo-entre-la-upla-y-organizaciones-sociales-marco-la-jornada-inaugural-del-proyecto-sobre-fortalecimiento-de-liderazgo-comunitario","status":"publish","type":"post","link":"https:\/\/upla.cl\/vinculacion\/2022\/09\/02\/trabajo-colaborativo-entre-la-upla-y-organizaciones-sociales-marco-la-jornada-inaugural-del-proyecto-sobre-fortalecimiento-de-liderazgo-comunitario\/","title":{"rendered":"Trabajo colaborativo entre la UPLA y organizaciones sociales marc\u00f3 la jornada inaugural del proyecto sobre fortalecimiento de liderazgo comunitario"},"content":{"rendered":"<p>[et_pb_section fb_built=\u00bb1&#8243; fullwidth=\u00bbon\u00bb _builder_version=\u00bb4.27.4&#8243; _module_preset=\u00bbdefault\u00bb global_colors_info=\u00bb{}\u00bb theme_builder_area=\u00bbpost_content\u00bb][et_pb_fullwidth_header title=\u00bbTrabajo colaborativo entre la UPLA y organizaciones sociales marc\u00f3 la jornada inaugural del proyecto sobre fortalecimiento de liderazgo comunitario\u00bb _builder_version=\u00bb4.27.5&#8243; _module_preset=\u00bbdefault\u00bb title_font=\u00bbLato|700|||||||\u00bb title_font_size=\u00bb50px\u00bb subhead_font=\u00bbLato||||||||\u00bb subhead_font_size=\u00bb30px\u00bb background_image=\u00bbhttps:\/\/upla.cl\/vinculacion\/wp-content\/uploads\/2022\/09\/ADAIN-2193-1.jpeg\u00bb background_blend=\u00bbmultiply\u00bb custom_padding=\u00bb10%||10%||true|false\u00bb hover_enabled=\u00bb0&#8243; title_text_shadow_style=\u00bbpreset5&#8243; subhead_text_shadow_style=\u00bbpreset5&#8243; global_colors_info=\u00bb{}\u00bb theme_builder_area=\u00bbpost_content\u00bb title_text=\u00bbTrabajo colaborativo entre la UPLA y organizaciones sociales marc\u00f3 la jornada inaugural del proyecto sobre fortalecimiento de liderazgo comunitario\u00bb background_color=\u00bbrgba(0,89,255,0.88)\u00bb sticky_enabled=\u00bb0&#8243;][\/et_pb_fullwidth_header][\/et_pb_section][et_pb_section fb_built=\u00bb1&#8243; _builder_version=\u00bb4.27.4&#8243; _module_preset=\u00bbdefault\u00bb custom_margin=\u00bb||||false|false\u00bb custom_padding=\u00bb0px||0px||true|false\u00bb global_colors_info=\u00bb{}\u00bb theme_builder_area=\u00bbpost_content\u00bb][et_pb_row column_structure=\u00bb1_3,2_3&#8243; _builder_version=\u00bb4.27.4&#8243; _module_preset=\u00bbdefault\u00bb width=\u00bb90%\u00bb global_colors_info=\u00bb{}\u00bb theme_builder_area=\u00bbpost_content\u00bb][et_pb_column type=\u00bb1_3&#8243; _builder_version=\u00bb4.27.4&#8243; _module_preset=\u00bbdefault\u00bb global_colors_info=\u00bb{}\u00bb theme_builder_area=\u00bbpost_content\u00bb][et_pb_gallery gallery_ids=\u00bb4191,4190&#8243; fullwidth=\u00bbon\u00bb _builder_version=\u00bb4.27.5&#8243; _module_preset=\u00bbdefault\u00bb hover_enabled=\u00bb0&#8243; global_colors_info=\u00bb{}\u00bb theme_builder_area=\u00bbpost_content\u00bb sticky_enabled=\u00bb0&#8243;][\/et_pb_gallery][\/et_pb_column][et_pb_column type=\u00bb2_3&#8243; _builder_version=\u00bb4.27.4&#8243; _module_preset=\u00bbdefault\u00bb global_colors_info=\u00bb{}\u00bb theme_builder_area=\u00bbpost_content\u00bb][et_pb_text _builder_version=\u00bb4.27.5&#8243; _module_preset=\u00bbdefault\u00bb text_font=\u00bbLato||||||||\u00bb text_font_size=\u00bb16px\u00bb hover_enabled=\u00bb0&#8243; global_colors_info=\u00bb{}\u00bb theme_builder_area=\u00bbpost_content\u00bb sticky_enabled=\u00bb0&#8243;]<\/p>\n<h4><b>La iniciativa pretende realizar un trabajo conjunto con vecinos y vecinas de la Macrozona 1 de Playa Ancha, en Valpara\u00edso.<\/b><\/h4>\n<p><span style=\"font-weight: 400;\">Con el fin de impulsar el fortalecimiento de la participaci\u00f3n ciudadana en la Macrozona 1 de Playa Ancha, el proyecto \u201cCo-Razonar los territorios en Valpara\u00edso\u201d realiz\u00f3 su rito inaugural, el cual cont\u00f3 con la presencia de distintas organizaciones sociales de Valpara\u00edso, con quienes se busca trabajar colaborativamente en un Centro de Liderazgo Comunitario en el territorio, el que se pretende crear en el marco del proyecto.<\/span><\/p>\n<p><span style=\"font-weight: 400;\">El proyecto es ejecutado por el Observatorio de Participaci\u00f3n Social y Territorio, en coordinaci\u00f3n con la\u00a0 Direcci\u00f3n General de Vinculaci\u00f3n con el Medio (DGVM) y el Departamento de Estudios Territoriales y Di\u00e1logos Interculturales de la Universidad de Playa Ancha. El proyecto es financiado por el Ministerio de Educaci\u00f3n a trav\u00e9s de la l\u00ednea Aporte para Desarrollo de Actividades de Inter\u00e9s Nacional (ADAIN).<\/span><\/p>\n<p><span style=\"font-weight: 400;\">Tras la presentaci\u00f3n de los lineamientos del proyecto, las y los representantes de las diversas organizaciones sociales, junto con el equipo del proyecto, vivieron una ceremonia Diaguita, para visibilizar la impronta intercultural y plurinacional que tiene el proyecto.<\/span><\/p>\n<p><span style=\"font-weight: 400;\">Gino Grondona, coordinador del equipo encargado del proyecto, expres\u00f3 que <em>\u201ccreemos fuertemente que, en un escenario donde hay m\u00faltiples nacionalidades, las espiritualidades vienen a sumar a los proyectos de participaci\u00f3n ciudadana o comunitaria un elemento que a veces est\u00e1 ausente. Tiene que ver con este co-razonar en conjunto el proyecto y poder poner las energ\u00edas, los deseos, los prop\u00f3sitos de los participantes en com\u00fan, para efectos de impulsar esto y que tenga un buen camino y por sobre todo un buen punto de llegada\u201d.<\/em><\/span><\/p>\n<p><span style=\"font-weight: 400;\">En tanto, Diego Verdejo, secretario ejecutivo de la DGVM, sostuvo que<em> \u201cesta es una iniciativa que nos permite reverdecer nuestra relaci\u00f3n con el territorio que nos aloja. Nos permite retomar un v\u00ednculo de manera m\u00e1s robusta con el territorio de Playa Ancha. En la actividad participaron varios y varias dirigentes con quienes tenemos muy buenas relaciones, y eso igual da cuenta de que el v\u00ednculo entre la UPLA y el territorio de Playa Ancha, con nuestro cerro, se ha mantenido operativo durante ya bastantes a\u00f1os\u201d.<\/em><\/span><\/p>\n<p><span style=\"font-weight: 400;\">Previo a finalizar la actividad, las y los representantes de organizaciones sociales pudieron trabajar colaborativamente para exponer las necesidades de formaci\u00f3n que tiene cada territorio en particular. De esta manera, el equipo de \u201cCo-razonar los territorios en Valpara\u00edso\u201d espera gestionar futuras actividades enmarcadas en las necesidades planteadas por estas organizaciones.<\/span><\/p>\n<p>[\/et_pb_text][\/et_pb_column][\/et_pb_row][\/et_pb_section]<\/p>\n","protected":false},"excerpt":{"rendered":"<p>La iniciativa pretende realizar un trabajo conjunto con vecinos y vecinas de la Macrozona 1 de Playa Ancha, en Valpara\u00edso. Con el fin de impulsar el fortalecimiento de la participaci\u00f3n [&hellip;]<\/p>\n","protected":false},"author":12,"featured_media":4190,"comment_status":"closed","ping_status":"closed","sticky":false,"template":"","format":"standard","meta":{"_et_pb_use_builder":"on","_et_pb_old_content":"","_et_gb_content_width":"","_price":"","_stock":"","_tribe_ticket_header":"","_tribe_default_ticket_provider":"","_tribe_ticket_capacity":"","_ticket_start_date":"","_ticket_end_date":"","_tribe_ticket_show_description":"","_tribe_ticket_show_not_going":false,"_tribe_ticket_use_global_stock":"","_tribe_ticket_global_stock_level":"","_global_stock_mode":"","_global_stock_cap":"","_tribe_rsvp_for_event":"","_tribe_ticket_going_count":"","_tribe_ticket_not_going_count":"","_tribe_tickets_list":"[]","_tribe_ticket_has_attendee_info_fields":false,"footnotes":""},"categories":[4],"tags":[239],"class_list":["post-17234163","post","type-post","status-publish","format-standard","has-post-thumbnail","hentry","category-noticias","tag-adain-2193"],"_links":{"self":[{"href":"https:\/\/upla.cl\/vinculacion\/wp-json\/wp\/v2\/posts\/17234163","targetHints":{"allow":["GET"]}}],"collection":[{"href":"https:\/\/upla.cl\/vinculacion\/wp-json\/wp\/v2\/posts"}],"about":[{"href":"https:\/\/upla.cl\/vinculacion\/wp-json\/wp\/v2\/types\/post"}],"author":[{"embeddable":true,"href":"https:\/\/upla.cl\/vinculacion\/wp-json\/wp\/v2\/users\/12"}],"replies":[{"embeddable":true,"href":"https:\/\/upla.cl\/vinculacion\/wp-json\/wp\/v2\/comments?post=17234163"}],"version-history":[{"count":2,"href":"https:\/\/upla.cl\/vinculacion\/wp-json\/wp\/v2\/posts\/17234163\/revisions"}],"predecessor-version":[{"id":17234168,"href":"https:\/\/upla.cl\/vinculacion\/wp-json\/wp\/v2\/posts\/17234163\/revisions\/17234168"}],"wp:featuredmedia":[{"embeddable":true,"href":"https:\/\/upla.cl\/vinculacion\/wp-json\/wp\/v2\/media\/4190"}],"wp:attachment":[{"href":"https:\/\/upla.cl\/vinculacion\/wp-json\/wp\/v2\/media?parent=17234163"}],"wp:term":[{"taxonomy":"category","embeddable":true,"href":"https:\/\/upla.cl\/vinculacion\/wp-json\/wp\/v2\/categories?post=17234163"},{"taxonomy":"post_tag","embeddable":true,"href":"https:\/\/upla.cl\/vinculacion\/wp-json\/wp\/v2\/tags?post=17234163"}],"curies":[{"name":"wp","href":"https:\/\/api.w.org\/{rel}","templated":true}]}}