{"id":17234169,"date":"2022-09-05T15:07:40","date_gmt":"2022-09-05T19:07:40","guid":{"rendered":"https:\/\/upla.cl\/vinculacion\/?p=17234169"},"modified":"2026-04-13T15:12:27","modified_gmt":"2026-04-13T19:12:27","slug":"docentes-y-estudiantes-upla-se-reunieron-con-agentes-territoriales-en-conversatorio-en-torno-al-vinculo-con-los-territorios-de-la-region","status":"publish","type":"post","link":"https:\/\/upla.cl\/vinculacion\/2022\/09\/05\/docentes-y-estudiantes-upla-se-reunieron-con-agentes-territoriales-en-conversatorio-en-torno-al-vinculo-con-los-territorios-de-la-region\/","title":{"rendered":"Docentes y estudiantes UPLA se reunieron con agentes territoriales en conversatorio en torno al v\u00ednculo con los territorios de la regi\u00f3n"},"content":{"rendered":"<p>[et_pb_section fb_built=\u00bb1&#8243; fullwidth=\u00bbon\u00bb _builder_version=\u00bb4.27.4&#8243; _module_preset=\u00bbdefault\u00bb global_colors_info=\u00bb{}\u00bb theme_builder_area=\u00bbpost_content\u00bb][et_pb_fullwidth_header title=\u00bbDocentes y estudiantes UPLA se reunieron con agentes territoriales en conversatorio en torno al v\u00ednculo con los territorios de la regi\u00f3n\u00bb _builder_version=\u00bb4.27.5&#8243; _module_preset=\u00bbdefault\u00bb title_font=\u00bbLato|700|||||||\u00bb title_font_size=\u00bb50px\u00bb subhead_font=\u00bbLato||||||||\u00bb subhead_font_size=\u00bb30px\u00bb background_image=\u00bbhttps:\/\/upla.cl\/vinculacion\/wp-content\/uploads\/2022\/09\/P1010455.jpg\u00bb background_blend=\u00bbmultiply\u00bb custom_padding=\u00bb10%||10%||true|false\u00bb hover_enabled=\u00bb0&#8243; title_text_shadow_style=\u00bbpreset5&#8243; subhead_text_shadow_style=\u00bbpreset5&#8243; global_colors_info=\u00bb{}\u00bb theme_builder_area=\u00bbpost_content\u00bb title_text=\u00bbDocentes y estudiantes UPLA se reunieron con agentes territoriales en conversatorio en torno al v\u00ednculo con los territorios de la regi\u00f3n\u00bb background_color=\u00bbrgba(0,115,247,0.89)\u00bb sticky_enabled=\u00bb0&#8243;][\/et_pb_fullwidth_header][\/et_pb_section][et_pb_section fb_built=\u00bb1&#8243; _builder_version=\u00bb4.27.4&#8243; _module_preset=\u00bbdefault\u00bb custom_margin=\u00bb||||false|false\u00bb custom_padding=\u00bb0px||0px||true|false\u00bb global_colors_info=\u00bb{}\u00bb theme_builder_area=\u00bbpost_content\u00bb][et_pb_row column_structure=\u00bb1_3,2_3&#8243; _builder_version=\u00bb4.27.4&#8243; _module_preset=\u00bbdefault\u00bb width=\u00bb90%\u00bb global_colors_info=\u00bb{}\u00bb theme_builder_area=\u00bbpost_content\u00bb][et_pb_column type=\u00bb1_3&#8243; _builder_version=\u00bb4.27.4&#8243; _module_preset=\u00bbdefault\u00bb global_colors_info=\u00bb{}\u00bb theme_builder_area=\u00bbpost_content\u00bb][et_pb_gallery gallery_ids=\u00bb4200,4197,4196,4195&#8243; fullwidth=\u00bbon\u00bb _builder_version=\u00bb4.27.5&#8243; _module_preset=\u00bbdefault\u00bb hover_enabled=\u00bb0&#8243; global_colors_info=\u00bb{}\u00bb theme_builder_area=\u00bbpost_content\u00bb sticky_enabled=\u00bb0&#8243;][\/et_pb_gallery][\/et_pb_column][et_pb_column type=\u00bb2_3&#8243; _builder_version=\u00bb4.27.4&#8243; _module_preset=\u00bbdefault\u00bb global_colors_info=\u00bb{}\u00bb theme_builder_area=\u00bbpost_content\u00bb][et_pb_text _builder_version=\u00bb4.27.5&#8243; _module_preset=\u00bbdefault\u00bb text_font=\u00bbLato||||||||\u00bb text_font_size=\u00bb16px\u00bb hover_enabled=\u00bb0&#8243; global_colors_info=\u00bb{}\u00bb theme_builder_area=\u00bbpost_content\u00bb sticky_enabled=\u00bb0&#8243;]<\/p>\n<h4><b>En la instancia se presentaron iniciativas de trabajo con distintas comunidades de la regi\u00f3n de Valpara\u00edso, emanadas desde procesos acad\u00e9micos y formativos de la universidad.<\/b><\/h4>\n<p><span style=\"font-weight: 400;\">Con la participaci\u00f3n de agentes territoriales de la regi\u00f3n de Valpara\u00edso, se desarroll\u00f3 el Conversatorio <\/span><b>\u00abConstruyendo redes: Miradas desde la Vinculaci\u00f3n con el Medio y su relaci\u00f3n con los territorios\u00bb<\/b><span style=\"font-weight: 400;\">, instancia que tuvo por finalidad exponer experiencias de v\u00ednculo con las distintas comunidades de la regi\u00f3n, provenientes de acciones de docentes y estudiantes de la Universidad de Playa Ancha (UPLA), las que durante a\u00f1os han trabajado para impactar positivamente en la b\u00fasqueda de soluciones a problem\u00e1ticas de los territorios.<\/span><\/p>\n<p><span style=\"font-weight: 400;\">La actividad, organizada por la Direcci\u00f3n General de Vinculaci\u00f3n con el Medio (DGVM) de la UPLA, contempl\u00f3 la exposici\u00f3n de iniciativas de innovaci\u00f3n social realizadas entre los a\u00f1os 2019-2022, en materias como rob\u00f3tica, medio ambiente, salud, personas mayores, disidencias sexuales y comunidad LGTBIQ+, mediante proyectos liderados y ejecutados por docentes y estudiantes de la casa de estudios.<\/span><\/p>\n<p><span style=\"font-weight: 400;\">Juan \u00c1lvarez, Director General de Vinculaci\u00f3n con el Medio, explic\u00f3 que <em>\u201cla Direcci\u00f3n General de Vinculaci\u00f3n con el Medio y sus profesionales son un soporte institucional que apoya esta funci\u00f3n acad\u00e9mica. Nosotros no somos los protagonistas de la vinculaci\u00f3n con el medio. Los protagonistas son los acad\u00e9micos, las acad\u00e9micas, los y las estudiantes que despliegan todo su quehacer formativo, profesional y acad\u00e9mico en los territorios\u201d.<\/em><\/span><\/p>\n<p><span style=\"font-weight: 400;\">El conversatorio tuvo un car\u00e1cter de cuenta p\u00fablica participativa y su eje central fue el di\u00e1logo entre proyectos, dando espacio a que dirigentes\/as sociales y vecinos\/as quienes relataron su experiencia y c\u00f3mo el trabajo universitario ha impactado en territorios y comunidades como Monted\u00f3nico, Laguna Verde, Puchuncav\u00ed, entre otros, proporcionando herramientas para el desarrollo de la calidad de vida de sus habitantes.<\/span><\/p>\n<p><span style=\"font-weight: 400;\">\u201cNo solamente participamos con una mirada acad\u00e9mica, sino que nos involucramos en los problemas de la sociedad y nuestros territorios. Por lo tanto, mezclamos y combinamos los procesos acad\u00e9micos normales que tenemos aqu\u00ed en la Universidad, investigaci\u00f3n, formaci\u00f3n, las pr\u00e1cticas profesionales, con el conocimiento y la colaboraci\u00f3n en aquellos procesos y desaf\u00edos que tienen las propias comunidades, que son m\u00faltiples\u201d, sentenci\u00f3 el Director General.<\/span><\/p>\n<p>[\/et_pb_text][\/et_pb_column][\/et_pb_row][\/et_pb_section]<\/p>\n","protected":false},"excerpt":{"rendered":"<p>En la instancia se presentaron iniciativas de trabajo con distintas comunidades de la regi\u00f3n de Valpara\u00edso, emanadas desde procesos acad\u00e9micos y formativos de la universidad. Con la participaci\u00f3n de agentes [&hellip;]<\/p>\n","protected":false},"author":12,"featured_media":4197,"comment_status":"closed","ping_status":"closed","sticky":false,"template":"","format":"standard","meta":{"_et_pb_use_builder":"on","_et_pb_old_content":"","_et_gb_content_width":"","_price":"","_stock":"","_tribe_ticket_header":"","_tribe_default_ticket_provider":"","_tribe_ticket_capacity":"","_ticket_start_date":"","_ticket_end_date":"","_tribe_ticket_show_description":"","_tribe_ticket_show_not_going":false,"_tribe_ticket_use_global_stock":"","_tribe_ticket_global_stock_level":"","_global_stock_mode":"","_global_stock_cap":"","_tribe_rsvp_for_event":"","_tribe_ticket_going_count":"","_tribe_ticket_not_going_count":"","_tribe_tickets_list":"[]","_tribe_ticket_has_attendee_info_fields":false,"footnotes":""},"categories":[4],"tags":[],"class_list":["post-17234169","post","type-post","status-publish","format-standard","has-post-thumbnail","hentry","category-noticias"],"_links":{"self":[{"href":"https:\/\/upla.cl\/vinculacion\/wp-json\/wp\/v2\/posts\/17234169","targetHints":{"allow":["GET"]}}],"collection":[{"href":"https:\/\/upla.cl\/vinculacion\/wp-json\/wp\/v2\/posts"}],"about":[{"href":"https:\/\/upla.cl\/vinculacion\/wp-json\/wp\/v2\/types\/post"}],"author":[{"embeddable":true,"href":"https:\/\/upla.cl\/vinculacion\/wp-json\/wp\/v2\/users\/12"}],"replies":[{"embeddable":true,"href":"https:\/\/upla.cl\/vinculacion\/wp-json\/wp\/v2\/comments?post=17234169"}],"version-history":[{"count":2,"href":"https:\/\/upla.cl\/vinculacion\/wp-json\/wp\/v2\/posts\/17234169\/revisions"}],"predecessor-version":[{"id":17234172,"href":"https:\/\/upla.cl\/vinculacion\/wp-json\/wp\/v2\/posts\/17234169\/revisions\/17234172"}],"wp:featuredmedia":[{"embeddable":true,"href":"https:\/\/upla.cl\/vinculacion\/wp-json\/wp\/v2\/media\/4197"}],"wp:attachment":[{"href":"https:\/\/upla.cl\/vinculacion\/wp-json\/wp\/v2\/media?parent=17234169"}],"wp:term":[{"taxonomy":"category","embeddable":true,"href":"https:\/\/upla.cl\/vinculacion\/wp-json\/wp\/v2\/categories?post=17234169"},{"taxonomy":"post_tag","embeddable":true,"href":"https:\/\/upla.cl\/vinculacion\/wp-json\/wp\/v2\/tags?post=17234169"}],"curies":[{"name":"wp","href":"https:\/\/api.w.org\/{rel}","templated":true}]}}