{"id":17234173,"date":"2022-09-06T15:14:02","date_gmt":"2022-09-06T19:14:02","guid":{"rendered":"https:\/\/upla.cl\/vinculacion\/?p=17234173"},"modified":"2026-04-13T15:21:06","modified_gmt":"2026-04-13T19:21:06","slug":"academico-upla-lidera-proyecto-en-san-felipe-para-potenciar-habilidades-en-funciones-ejecutivas-de-personas-con-discapacidad-pertenecientes-a-siete-agrupaciones-de-la-zona","status":"publish","type":"post","link":"https:\/\/upla.cl\/vinculacion\/2022\/09\/06\/academico-upla-lidera-proyecto-en-san-felipe-para-potenciar-habilidades-en-funciones-ejecutivas-de-personas-con-discapacidad-pertenecientes-a-siete-agrupaciones-de-la-zona\/","title":{"rendered":"Acad\u00e9mico UPLA lidera proyecto en San Felipe para potenciar habilidades en funciones ejecutivas de personas con discapacidad, pertenecientes a siete agrupaciones de la zona"},"content":{"rendered":"<p>[et_pb_section fb_built=\u00bb1&#8243; fullwidth=\u00bbon\u00bb _builder_version=\u00bb4.27.4&#8243; _module_preset=\u00bbdefault\u00bb global_colors_info=\u00bb{}\u00bb theme_builder_area=\u00bbpost_content\u00bb][et_pb_fullwidth_header title=\u00bbAcad\u00e9mico UPLA lidera proyecto en San Felipe para potenciar habilidades en funciones ejecutivas de personas con discapacidad, pertenecientes a siete agrupaciones de la zona\u00bb _builder_version=\u00bb4.27.5&#8243; _module_preset=\u00bbdefault\u00bb title_font=\u00bbLato|700|||||||\u00bb title_font_size=\u00bb50px\u00bb subhead_font=\u00bbLato||||||||\u00bb subhead_font_size=\u00bb30px\u00bb background_image=\u00bbhttps:\/\/upla.cl\/vinculacion\/wp-content\/uploads\/2022\/09\/Proyecto-Andres-Jil.jpeg\u00bb background_blend=\u00bbmultiply\u00bb custom_padding=\u00bb10%||10%||true|false\u00bb hover_enabled=\u00bb0&#8243; title_text_shadow_style=\u00bbpreset5&#8243; subhead_text_shadow_style=\u00bbpreset5&#8243; global_colors_info=\u00bb{}\u00bb theme_builder_area=\u00bbpost_content\u00bb title_text=\u00bbAcad\u00e9mico UPLA lidera proyecto en San Felipe para potenciar habilidades en funciones ejecutivas de personas con discapacidad, pertenecientes a siete agrupaciones de la zona\u00bb sticky_enabled=\u00bb0&#8243;][\/et_pb_fullwidth_header][\/et_pb_section][et_pb_section fb_built=\u00bb1&#8243; _builder_version=\u00bb4.27.4&#8243; _module_preset=\u00bbdefault\u00bb custom_margin=\u00bb||||false|false\u00bb custom_padding=\u00bb0px||0px||true|false\u00bb global_colors_info=\u00bb{}\u00bb theme_builder_area=\u00bbpost_content\u00bb][et_pb_row column_structure=\u00bb1_3,2_3&#8243; _builder_version=\u00bb4.27.4&#8243; _module_preset=\u00bbdefault\u00bb width=\u00bb90%\u00bb global_colors_info=\u00bb{}\u00bb theme_builder_area=\u00bbpost_content\u00bb][et_pb_column type=\u00bb1_3&#8243; _builder_version=\u00bb4.27.4&#8243; _module_preset=\u00bbdefault\u00bb global_colors_info=\u00bb{}\u00bb theme_builder_area=\u00bbpost_content\u00bb][et_pb_gallery gallery_ids=\u00bb4204&#8243; fullwidth=\u00bbon\u00bb _builder_version=\u00bb4.27.5&#8243; _module_preset=\u00bbdefault\u00bb hover_enabled=\u00bb0&#8243; global_colors_info=\u00bb{}\u00bb theme_builder_area=\u00bbpost_content\u00bb sticky_enabled=\u00bb0&#8243;][\/et_pb_gallery][\/et_pb_column][et_pb_column type=\u00bb2_3&#8243; _builder_version=\u00bb4.27.4&#8243; _module_preset=\u00bbdefault\u00bb global_colors_info=\u00bb{}\u00bb theme_builder_area=\u00bbpost_content\u00bb][et_pb_text _builder_version=\u00bb4.27.5&#8243; _module_preset=\u00bbdefault\u00bb text_font=\u00bbLato||||||||\u00bb text_font_size=\u00bb16px\u00bb hover_enabled=\u00bb0&#8243; global_colors_info=\u00bb{}\u00bb theme_builder_area=\u00bbpost_content\u00bb sticky_enabled=\u00bb0&#8243;]<\/p>\n<h4><b>En la iniciativa, la Oficina de la Discapacidad de la Municipalidad de San Felipe participa verificando la pertinencia de los talleres desarrollados a la comunidad.<\/b><\/h4>\n<p><span style=\"font-weight: 400;\">\u201cFunciones ejecutivas e Inclusi\u00f3n con personas en situaci\u00f3n de discapacidad de San Felipe\u201d es el proyecto que el acad\u00e9mico Andr\u00e9s Jil, de la carrera de Pedagog\u00eda en Educaci\u00f3n Diferencial, Campus San Felipe, de la Universidad de Playa Ancha (UPLA), se encuentra liderando con la finalidad de brindar talleres de potenciaci\u00f3n de habilidades en funciones ejecutivas de personas con distintos tipos de discapacidades, como cognitivas, motoras, f\u00edsicas y psiqui\u00e1tricas, pertenecientes a 7 agrupaciones de la comuna.<\/span><\/p>\n<p><span style=\"font-weight: 400;\">La iniciativa cuenta con la participaci\u00f3n de estudiantes y tesistas UPLA, quienes ya han realizado diversas sesiones de socializaci\u00f3n, evaluaci\u00f3n e intervenci\u00f3n de funciones ejecutivas de los usuarios y usuarias. Son cerca de 15 personas por agrupaci\u00f3n las que se han visto beneficiadas con las atenciones realizadas por el equipo del proyecto, las que son verificadas por la Oficina de la Discapacidad de la Municipalidad de San Felipe, instituci\u00f3n que funciona como uno de los agentes territoriales del proyectos.<\/span><\/p>\n<p><span style=\"font-weight: 400;\"><em>\u201cEn ese sentido, los estudiantes se han ido involucrando en el contexto natural de esas agrupaciones, apoyando en diferentes \u00e1reas, pero el \u00e1rea fundamental son funciones ejecutivas. Estas funciones ejecutivas tienen que ver con actividades de la vida diaria, pero que llevan en s\u00ed un hecho m\u00e1s consciente de c\u00f3mo planificar algunos elementos, de c\u00f3mo monitorear. De elementos que tienen que ver con la memoria\u201d<\/em>, explic\u00f3 el acad\u00e9mico a cargo del proyecto.<\/span><\/p>\n<p><span style=\"font-weight: 400;\">En tanto, Constanza Montenegro, estudiante de cuarto a\u00f1o de Pedagog\u00eda en Educaci\u00f3n Diferencial, menci\u00f3n discapacidad intelectual, sostuvo que la participaci\u00f3n de estudiantes <em>\u201ces importante ya que, podr\u00eda decir, que las funciones ejecutivas son parte importante del aprendizaje de los usuarios o de los estudiantes, que se ve desde que pueden nacer hasta que ya son adultos mayores, donde tambi\u00e9n se puede trabajar en las \u00e1reas que son importantes dentro de lo que son los trastornos como son la discapacidad intelectual\u201d.<\/em><\/span><\/p>\n<p><span style=\"font-weight: 400;\">Cabe mencionar que este proyecto se enmarca dentro del apoyo que otorga la Direcci\u00f3n General de Vinculaci\u00f3n con el Medio (DGVM) de la UPLA, a trav\u00e9s de su Unidad de Innovaci\u00f3n Social (UIS), la que busca generar instancias colaborativas, mediante procesos co-construidos entre la casa de estudios, sus procesos formativos y acad\u00e9micos, con las distintas comunidades de la regi\u00f3n de Valpara\u00edso.<\/span><\/p>\n<p><span style=\"font-weight: 400;\">El equipo del proyecto planea, en un futuro, llevar la iniciativa a una etapa m\u00e1s avanzada para focalizar la atenci\u00f3n a personas con mayores carencias en el \u00e1rea, desde las intervenciones m\u00e1s sistem\u00e1ticas y multidisciplinarias, a trav\u00e9s de la participaci\u00f3n de otras carreras de la Universidad.<\/span><\/p>\n<p>[\/et_pb_text][\/et_pb_column][\/et_pb_row][\/et_pb_section]<\/p>\n","protected":false},"excerpt":{"rendered":"<p>En la iniciativa, la Oficina de la Discapacidad de la Municipalidad de San Felipe participa verificando la pertinencia de los talleres desarrollados a la comunidad. \u201cFunciones ejecutivas e Inclusi\u00f3n con [&hellip;]<\/p>\n","protected":false},"author":12,"featured_media":4204,"comment_status":"closed","ping_status":"closed","sticky":false,"template":"","format":"standard","meta":{"_et_pb_use_builder":"on","_et_pb_old_content":"","_et_gb_content_width":"","_price":"","_stock":"","_tribe_ticket_header":"","_tribe_default_ticket_provider":"","_tribe_ticket_capacity":"","_ticket_start_date":"","_ticket_end_date":"","_tribe_ticket_show_description":"","_tribe_ticket_show_not_going":false,"_tribe_ticket_use_global_stock":"","_tribe_ticket_global_stock_level":"","_global_stock_mode":"","_global_stock_cap":"","_tribe_rsvp_for_event":"","_tribe_ticket_going_count":"","_tribe_ticket_not_going_count":"","_tribe_tickets_list":"[]","_tribe_ticket_has_attendee_info_fields":false,"footnotes":""},"categories":[4],"tags":[],"class_list":["post-17234173","post","type-post","status-publish","format-standard","has-post-thumbnail","hentry","category-noticias"],"_links":{"self":[{"href":"https:\/\/upla.cl\/vinculacion\/wp-json\/wp\/v2\/posts\/17234173","targetHints":{"allow":["GET"]}}],"collection":[{"href":"https:\/\/upla.cl\/vinculacion\/wp-json\/wp\/v2\/posts"}],"about":[{"href":"https:\/\/upla.cl\/vinculacion\/wp-json\/wp\/v2\/types\/post"}],"author":[{"embeddable":true,"href":"https:\/\/upla.cl\/vinculacion\/wp-json\/wp\/v2\/users\/12"}],"replies":[{"embeddable":true,"href":"https:\/\/upla.cl\/vinculacion\/wp-json\/wp\/v2\/comments?post=17234173"}],"version-history":[{"count":2,"href":"https:\/\/upla.cl\/vinculacion\/wp-json\/wp\/v2\/posts\/17234173\/revisions"}],"predecessor-version":[{"id":17234176,"href":"https:\/\/upla.cl\/vinculacion\/wp-json\/wp\/v2\/posts\/17234173\/revisions\/17234176"}],"wp:featuredmedia":[{"embeddable":true,"href":"https:\/\/upla.cl\/vinculacion\/wp-json\/wp\/v2\/media\/4204"}],"wp:attachment":[{"href":"https:\/\/upla.cl\/vinculacion\/wp-json\/wp\/v2\/media?parent=17234173"}],"wp:term":[{"taxonomy":"category","embeddable":true,"href":"https:\/\/upla.cl\/vinculacion\/wp-json\/wp\/v2\/categories?post=17234173"},{"taxonomy":"post_tag","embeddable":true,"href":"https:\/\/upla.cl\/vinculacion\/wp-json\/wp\/v2\/tags?post=17234173"}],"curies":[{"name":"wp","href":"https:\/\/api.w.org\/{rel}","templated":true}]}}