{"id":17234188,"date":"2022-09-21T10:56:33","date_gmt":"2022-09-21T13:56:33","guid":{"rendered":"https:\/\/upla.cl\/vinculacion\/?p=17234188"},"modified":"2026-04-14T11:04:42","modified_gmt":"2026-04-14T15:04:42","slug":"con-inauguracion-de-la-sala-amiga-academicas-upla-desarrollan-proyecto-de-vinculacion-y-educacion-sobre-la-lactancia-materna","status":"publish","type":"post","link":"https:\/\/upla.cl\/vinculacion\/2022\/09\/21\/con-inauguracion-de-la-sala-amiga-academicas-upla-desarrollan-proyecto-de-vinculacion-y-educacion-sobre-la-lactancia-materna\/","title":{"rendered":"Con inauguraci\u00f3n de la \u201cSala Amiga\u201d, acad\u00e9micas UPLA desarrollan proyecto de vinculaci\u00f3n y educaci\u00f3n sobre la lactancia materna"},"content":{"rendered":"<p>[et_pb_section fb_built=\u00bb1&#8243; fullwidth=\u00bbon\u00bb _builder_version=\u00bb4.27.4&#8243; _module_preset=\u00bbdefault\u00bb global_colors_info=\u00bb{}\u00bb][et_pb_fullwidth_header title=\u00bbCon inauguraci\u00f3n de la \u201cSala Amiga\u201d, acad\u00e9micas UPLA desarrollan proyecto de vinculaci\u00f3n y educaci\u00f3n sobre la lactancia materna\u00bb _builder_version=\u00bb4.27.5&#8243; _module_preset=\u00bbdefault\u00bb title_font=\u00bbLato|700|||||||\u00bb title_font_size=\u00bb50px\u00bb subhead_font=\u00bbLato||||||||\u00bb subhead_font_size=\u00bb30px\u00bb background_image=\u00bbhttps:\/\/upla.cl\/vinculacion\/wp-content\/uploads\/2022\/09\/Equipo-proyecto-vcm-y-Seremi-salud-scaled.jpg\u00bb background_position=\u00bbtop_right\u00bb background_blend=\u00bbmultiply\u00bb custom_padding=\u00bb10%||10%||true|false\u00bb title_text_shadow_style=\u00bbpreset5&#8243; subhead_text_shadow_style=\u00bbpreset5&#8243; global_colors_info=\u00bb{}\u00bb][\/et_pb_fullwidth_header][\/et_pb_section][et_pb_section fb_built=\u00bb1&#8243; _builder_version=\u00bb4.27.4&#8243; _module_preset=\u00bbdefault\u00bb custom_margin=\u00bb||||false|false\u00bb custom_padding=\u00bb0px||0px||true|false\u00bb global_colors_info=\u00bb{}\u00bb][et_pb_row column_structure=\u00bb1_3,2_3&#8243; _builder_version=\u00bb4.27.4&#8243; _module_preset=\u00bbdefault\u00bb width=\u00bb90%\u00bb global_colors_info=\u00bb{}\u00bb][et_pb_column type=\u00bb1_3&#8243; _builder_version=\u00bb4.27.4&#8243; _module_preset=\u00bbdefault\u00bb global_colors_info=\u00bb{}\u00bb][et_pb_gallery gallery_ids=\u00bb4215,4214&#8243; fullwidth=\u00bbon\u00bb _builder_version=\u00bb4.27.5&#8243; _module_preset=\u00bbdefault\u00bb hover_enabled=\u00bb0&#8243; global_colors_info=\u00bb{}\u00bb sticky_enabled=\u00bb0&#8243;][\/et_pb_gallery][\/et_pb_column][et_pb_column type=\u00bb2_3&#8243; _builder_version=\u00bb4.27.4&#8243; _module_preset=\u00bbdefault\u00bb global_colors_info=\u00bb{}\u00bb][et_pb_text _builder_version=\u00bb4.27.5&#8243; _module_preset=\u00bbdefault\u00bb text_font=\u00bbLato||||||||\u00bb text_font_size=\u00bb16px\u00bb hover_enabled=\u00bb0&#8243; global_colors_info=\u00bb{}\u00bb sticky_enabled=\u00bb0&#8243;]<\/p>\n<p><b>Seremi de Salud Valpara\u00edso, a trav\u00e9s de su Comisi\u00f3n Regional Intersectorial de Lactancia Materna, est\u00e1 vinculada al proyecto como agente territorial.<\/b><\/p>\n<p><span style=\"font-weight: 400;\">Las acad\u00e9micas de Nutrici\u00f3n y Diet\u00e9tica UPLA, Daniela Pinilla y Camila Cofr\u00e9, est\u00e1n liderando el proyecto \u201cVinculaci\u00f3n y educaci\u00f3n de la lactancia materna en la comunidad de padres de la Facultad de Ciencias de la Salud de la Universidad de Playa Ancha (UPLA) y el territorio de Valpara\u00edso\u201d, que busca generar espacios educativos respecto a la lactancia materna en madres, padres y\/o cuidadores\/as de la comunidad universitaria.<\/span><\/p>\n<p><span style=\"font-weight: 400;\">La Comisi\u00f3n Regional Intersectorial de Lactancia Materna, dependiente de la SEREMI de Salud de Valpara\u00edso, se encuentra participando del proyecto de innovaci\u00f3n social, apoyado por la Direcci\u00f3n General de Vinculaci\u00f3n con el Medio (DGVM) de la UPLA a trav\u00e9s de su Fondo Social CreaLab 2022. De esta manera, y con el apoyo de dichas instituciones, el equipo del proyecto inaugur\u00f3 la \u201cSala Amiga de LM\u201d en la Sede Independencia UPLA, para toda la comunidad de la Facultad de Ciencias de la Salud.<\/span><\/p>\n<p><span style=\"font-weight: 400;\">Adem\u00e1s, el equipo tambi\u00e9n es conformado por acad\u00e9micas y estudiantes de la carrera de Enfermer\u00eda UPLA, y el Comit\u00e9 de Lactancia Materna UPLA, realizando distintas charlas y seminarios para orientar acerca de los cuidados, consideraciones, mitos y realidades en torno a la lactancia, como el finger feeding, los patrones de lactancia, tipos de sondas, trastornos de succi\u00f3n y degluci\u00f3n, etapas de la lactancia, lactancia materna prolongada, entre otras.<\/span><\/p>\n<p><span style=\"font-weight: 400;\">Camila Cofr\u00e9, co directora del proyecto, explic\u00f3 que el equipo <em>\u201cha pasado por un proceso de revisi\u00f3n, un proceso de compra para la implementaci\u00f3n de la sala, de habilitaci\u00f3n de un espacio, y hoy d\u00eda estamos felices de poder dar el primer pie de la sala de lactancia materna. Ahora se viene otra segunda parte para terminar de habilitar la sala, y as\u00ed las madres, ya sean las estudiantes, las docentes, funcionarias que requieran usar la sala para amamantar o extraerse leche, lo puedan hacer libremente\u201d.<\/em><\/span><\/p>\n<p><span style=\"font-weight: 400;\">Carol Moreno, encargada regional de lactancia materna y coordinadora de la Comisi\u00f3n Regional Intersectorial de Lactancia Materna de la SEREMI de Salud, sostuvo que esta<em> \u201ces una iniciativa que como SEREMI premiamos, reconocemos. Este logro de promover espacios protegidos para mujeres que est\u00e1n en etapa de amamantamiento, espec\u00edficamente funcionarias, estudiantes, y por qu\u00e9 no, abrir estos espacios a toda la comunidad. As\u00ed que, significa tanto para la SEREMI de salud como para el Ministerio, un gran logro\u00bb.<\/em><\/span><\/p>\n<p><span style=\"font-weight: 400;\">En tanto, el equipo del proyecto proyecta poder replicar sus seminarios en un formato abierto no solo a la comunidad universitaria, sino tambi\u00e9n a vecinas y vecinos de la comuna de Valpara\u00edso. Adem\u00e1s, buscar\u00e1n la instauraci\u00f3n de otras salas de lactancia en las distintas sedes y campus de la Universidad, con el fin de otorgar apoyo y un espacio seguro para madres, padres y cuidadoras\/os de toda la casa de estudios.\u00a0<\/span><\/p>\n<p><span style=\"font-weight: 400;\">M\u00e1s informaci\u00f3n sobre charlas y actividades abiertas al p\u00fablico en @lactaupla, cuenta de Instagram oficial del proyecto.<\/span><\/p>\n<p><br style=\"font-weight: 400;\" \/><br style=\"font-weight: 400;\" \/><\/p>\n<p>[\/et_pb_text][\/et_pb_column][\/et_pb_row][\/et_pb_section]<\/p>\n","protected":false},"excerpt":{"rendered":"<p>Seremi de Salud Valpara\u00edso, a trav\u00e9s de su Comisi\u00f3n Regional Intersectorial de Lactancia Materna, est\u00e1 vinculada al proyecto como agente territorial. Las acad\u00e9micas de Nutrici\u00f3n y Diet\u00e9tica UPLA, Daniela Pinilla [&hellip;]<\/p>\n","protected":false},"author":12,"featured_media":4214,"comment_status":"closed","ping_status":"closed","sticky":false,"template":"","format":"standard","meta":{"_et_pb_use_builder":"on","_et_pb_old_content":"","_et_gb_content_width":"","_price":"","_stock":"","_tribe_ticket_header":"","_tribe_default_ticket_provider":"","_tribe_ticket_capacity":"","_ticket_start_date":"","_ticket_end_date":"","_tribe_ticket_show_description":"","_tribe_ticket_show_not_going":false,"_tribe_ticket_use_global_stock":"","_tribe_ticket_global_stock_level":"","_global_stock_mode":"","_global_stock_cap":"","_tribe_rsvp_for_event":"","_tribe_ticket_going_count":"","_tribe_ticket_not_going_count":"","_tribe_tickets_list":"[]","_tribe_ticket_has_attendee_info_fields":false,"footnotes":""},"categories":[4],"tags":[144,241,135,240],"class_list":["post-17234188","post","type-post","status-publish","format-standard","has-post-thumbnail","hentry","category-noticias","tag-fondo-scl","tag-fondo-scl-2022","tag-fondo-social-crealab","tag-fondo-social-crealab-2022"],"_links":{"self":[{"href":"https:\/\/upla.cl\/vinculacion\/wp-json\/wp\/v2\/posts\/17234188","targetHints":{"allow":["GET"]}}],"collection":[{"href":"https:\/\/upla.cl\/vinculacion\/wp-json\/wp\/v2\/posts"}],"about":[{"href":"https:\/\/upla.cl\/vinculacion\/wp-json\/wp\/v2\/types\/post"}],"author":[{"embeddable":true,"href":"https:\/\/upla.cl\/vinculacion\/wp-json\/wp\/v2\/users\/12"}],"replies":[{"embeddable":true,"href":"https:\/\/upla.cl\/vinculacion\/wp-json\/wp\/v2\/comments?post=17234188"}],"version-history":[{"count":3,"href":"https:\/\/upla.cl\/vinculacion\/wp-json\/wp\/v2\/posts\/17234188\/revisions"}],"predecessor-version":[{"id":17234194,"href":"https:\/\/upla.cl\/vinculacion\/wp-json\/wp\/v2\/posts\/17234188\/revisions\/17234194"}],"wp:featuredmedia":[{"embeddable":true,"href":"https:\/\/upla.cl\/vinculacion\/wp-json\/wp\/v2\/media\/4214"}],"wp:attachment":[{"href":"https:\/\/upla.cl\/vinculacion\/wp-json\/wp\/v2\/media?parent=17234188"}],"wp:term":[{"taxonomy":"category","embeddable":true,"href":"https:\/\/upla.cl\/vinculacion\/wp-json\/wp\/v2\/categories?post=17234188"},{"taxonomy":"post_tag","embeddable":true,"href":"https:\/\/upla.cl\/vinculacion\/wp-json\/wp\/v2\/tags?post=17234188"}],"curies":[{"name":"wp","href":"https:\/\/api.w.org\/{rel}","templated":true}]}}