{"id":17234218,"date":"2022-11-18T09:25:13","date_gmt":"2022-11-18T12:25:13","guid":{"rendered":"https:\/\/upla.cl\/vinculacion\/?p=17234218"},"modified":"2026-04-15T10:07:56","modified_gmt":"2026-04-15T14:07:56","slug":"feria-de-la-ciencia-upla-se-tomo-la-plaza-civica-de-valparaiso","status":"publish","type":"post","link":"https:\/\/upla.cl\/vinculacion\/2022\/11\/18\/feria-de-la-ciencia-upla-se-tomo-la-plaza-civica-de-valparaiso\/","title":{"rendered":"Feria de la ciencia UPLA se tom\u00f3 la Plaza C\u00edvica de Valpara\u00edso"},"content":{"rendered":"<p>[et_pb_section fb_built=\u00bb1&#8243; fullwidth=\u00bbon\u00bb _builder_version=\u00bb4.27.4&#8243; _module_preset=\u00bbdefault\u00bb global_colors_info=\u00bb{}\u00bb theme_builder_area=\u00bbpost_content\u00bb][et_pb_fullwidth_header title=\u00bbFeria de la ciencia UPLA se tom\u00f3 la Plaza C\u00edvica de Valpara\u00edso\u00bb _builder_version=\u00bb4.27.5&#8243; _module_preset=\u00bbdefault\u00bb title_font=\u00bbLato|700|||||||\u00bb title_font_size=\u00bb50px\u00bb subhead_font=\u00bbLato||||||||\u00bb subhead_font_size=\u00bb30px\u00bb background_image=\u00bbhttps:\/\/upla.cl\/vinculacion\/wp-content\/uploads\/2022\/11\/MG_6998-scaled.jpg\u00bb background_blend=\u00bbmultiply\u00bb custom_padding=\u00bb10%||10%||true|false\u00bb hover_enabled=\u00bb0&#8243; title_text_shadow_style=\u00bbpreset5&#8243; subhead_text_shadow_style=\u00bbpreset5&#8243; global_colors_info=\u00bb{}\u00bb theme_builder_area=\u00bbpost_content\u00bb title_text=\u00bbMinistro de Educaci\u00f3n fotografi\u00e1ndose con las personas asistentes.\u00bb sticky_enabled=\u00bb0&#8243;][\/et_pb_fullwidth_header][\/et_pb_section][et_pb_section fb_built=\u00bb1&#8243; _builder_version=\u00bb4.27.4&#8243; _module_preset=\u00bbdefault\u00bb custom_margin=\u00bb||||false|false\u00bb custom_padding=\u00bb0px||0px||true|false\u00bb global_colors_info=\u00bb{}\u00bb theme_builder_area=\u00bbpost_content\u00bb][et_pb_row column_structure=\u00bb1_3,2_3&#8243; _builder_version=\u00bb4.27.4&#8243; _module_preset=\u00bbdefault\u00bb width=\u00bb90%\u00bb global_colors_info=\u00bb{}\u00bb theme_builder_area=\u00bbpost_content\u00bb][et_pb_column type=\u00bb1_3&#8243; _builder_version=\u00bb4.27.4&#8243; _module_preset=\u00bbdefault\u00bb global_colors_info=\u00bb{}\u00bb theme_builder_area=\u00bbpost_content\u00bb][et_pb_gallery gallery_ids=\u00bb4249,4248,4250&#8243; fullwidth=\u00bbon\u00bb _builder_version=\u00bb4.27.5&#8243; _module_preset=\u00bbdefault\u00bb hover_enabled=\u00bb0&#8243; global_colors_info=\u00bb{}\u00bb theme_builder_area=\u00bbpost_content\u00bb sticky_enabled=\u00bb0&#8243;][\/et_pb_gallery][\/et_pb_column][et_pb_column type=\u00bb2_3&#8243; _builder_version=\u00bb4.27.4&#8243; _module_preset=\u00bbdefault\u00bb global_colors_info=\u00bb{}\u00bb theme_builder_area=\u00bbpost_content\u00bb][et_pb_text _builder_version=\u00bb4.27.5&#8243; _module_preset=\u00bbdefault\u00bb text_font=\u00bbLato||||||||\u00bb text_font_size=\u00bb16px\u00bb hover_enabled=\u00bb0&#8243; global_colors_info=\u00bb{}\u00bb theme_builder_area=\u00bbpost_content\u00bb sticky_enabled=\u00bb0&#8243;]<\/p>\n<p><b>La actividad cont\u00f3 con diversos experimentos y stands informativos abiertos a las personas transe\u00fantes. Adem\u00e1s, cont\u00f3 con la sorpresiva visita del Ministro de Educaci\u00f3n, Marco Antonio Avila.\u00a0<\/b><\/p>\n<p><span style=\"font-weight: 400;\">Una nueva versi\u00f3n de la Feria de la Ciencia tuvo lugar la semana pasada en la plaza C\u00edvica de Valpara\u00edso, organizada por la Facultad de Ciencias Naturales y Exactas, en colaboraci\u00f3n con la Direcci\u00f3n General de Vinculaci\u00f3n con el Medio (DGVM). La instancia cont\u00f3 con diversos stands informativos y experimentos de las distintas disciplinas cient\u00edficas, abiertos al p\u00fablico transe\u00fante de la ciudad puerto.<\/span><\/p>\n<p><span style=\"font-weight: 400;\">La feria, que retom\u00f3 el formato presencial tras la pandemia, cont\u00f3 con la participaci\u00f3n de las carreras de Geograf\u00eda, Pedagog\u00eda en Biolog\u00eda, Pedagog\u00eda en F\u00edsica, Pedagog\u00eda en Qu\u00edmica y Pedagog\u00eda en Matem\u00e1ticas.<\/span><\/p>\n<p><span style=\"font-weight: 400;\">Reinaldo Salazar Espinoza, director del Departamento de Matem\u00e1tica, F\u00edsica y Computaci\u00f3n y coordinador de la feria, explic\u00f3 que el llamado de la actividad es <\/span><i><span style=\"font-weight: 400;\">\u201ca incentivar, los padres a los hijos, a que estudien pedagog\u00edas en ciencias, porque la pedagog\u00eda en ciencias es una de las carreras m\u00e1s estables\u201d.<\/span><\/i><\/p>\n<p><span style=\"font-weight: 400;\">La actividad tambi\u00e9n cont\u00f3 con la exposici\u00f3n del proyecto \u201caprendiendo ciencia con experiencia\u201d, dirigido por Mauricio Valenzuela Harrington, acad\u00e9mico de la facultad de ciencia y director del Laboratorio de Neurociencias de Universidad de Playa Ancha (UPLA), en conjunto de estudiantes del colegio Pedro Montt de Valpara\u00edso.\u00a0<\/span><\/p>\n<p><span style=\"font-weight: 400;\">El acad\u00e9mico explic\u00f3 que el proyecto fue aplicado en estudiantes de ense\u00f1anza b\u00e1sica, con el objetivo de <\/span><i><span style=\"font-weight: 400;\">\u201cque los estudiantes sientan la ciencia cercana, familiar, entretenida, din\u00e1mica y a trav\u00e9s de una serie de experimentos que fuimos dise\u00f1ando y montando. Pudieron ellos, entonces, ir aprendiendo\u201d.<\/span><\/i><\/p>\n<p><span style=\"font-weight: 400;\">Adem\u00e1s, agreg\u00f3 que \u201c<\/span><i><span style=\"font-weight: 400;\">mucho de los procesos que ocurren dentro de la universidad no se divulgan, entonces cuando la gente est\u00e9 pasando ahora, como me toc\u00f3 con una persona, que empez\u00f3 a hacer preguntas y yo aprovech\u00e9 inmediatamente de explicarle las caracter\u00edsticas del proyecto y tomar a un alumno para que fuese \u00e9l el nexo y no un acad\u00e9mico ni un estudiante en formaci\u00f3n, si no que sea un estudiante de colegio. \u00c9l pudo interactuar y uno va viendo c\u00f3mo el estudiante se empodera de estos roles formativos de manera muy temprana, entonces fue una experiencia bonita\u201d.\u00a0<\/span><\/i><\/p>\n<p><span style=\"font-weight: 400;\">La actividad tambi\u00e9n cont\u00f3 con la participaci\u00f3n del rector de la universidad, Carlos Gonz\u00e1les Morales, qui\u00e9n destac\u00f3 el sentido de la actividad: <\/span><i><span style=\"font-weight: 400;\">\u201ces una iniciativa muy positiva y, adem\u00e1s, ubicado en el centro de la ciudad, en el espacio c\u00edvico, en donde la ciudadan\u00eda puede venir, participar, los estudiantes, pero cualquier persona. Y entender y comprender lo que es la ciencia. Y en nuestra facultad, que se cultiva desde hace muchos a\u00f1os. Nuestra universidad lleva 74 a\u00f1os en la regi\u00f3n, siempre fortaleciendo las pedagog\u00edas en el \u00e1rea cient\u00edfica, con un esfuerzo tremendo, pero con carreras de calidad. As\u00ed que estamos m\u00e1s que contentos\u201d.<\/span><\/i><\/p>\n<p><b>Visita ministerial\u00a0<\/b><\/p>\n<p><span style=\"font-weight: 400;\">A la feria tambi\u00e9n lleg\u00f3 de forma sorpresiva el Ministro de Educaci\u00f3n, Marco Antonio \u00c1vila, qui\u00e9n se encontraba en la ciudad para sostener una reuni\u00f3n con el Gobernador de Valpara\u00edso, Rodrigo Mundaca. En su pas\u00f3 por la jornada, visit\u00f3 los diferentes stands para luego fotografiarse con las personas asistentes, destacando el momento en sus redes sociales.<\/span><\/p>\n<p>[\/et_pb_text][\/et_pb_column][\/et_pb_row][\/et_pb_section]<\/p>\n","protected":false},"excerpt":{"rendered":"<p>La actividad cont\u00f3 con diversos experimentos y stands informativos abiertos a las personas transe\u00fantes. Adem\u00e1s, cont\u00f3 con la sorpresiva visita del Ministro de Educaci\u00f3n, Marco Antonio Avila.\u00a0 Una nueva versi\u00f3n [&hellip;]<\/p>\n","protected":false},"author":12,"featured_media":4250,"comment_status":"closed","ping_status":"closed","sticky":false,"template":"","format":"standard","meta":{"_et_pb_use_builder":"on","_et_pb_old_content":"","_et_gb_content_width":"","_price":"","_stock":"","_tribe_ticket_header":"","_tribe_default_ticket_provider":"","_tribe_ticket_capacity":"","_ticket_start_date":"","_ticket_end_date":"","_tribe_ticket_show_description":"","_tribe_ticket_show_not_going":false,"_tribe_ticket_use_global_stock":"","_tribe_ticket_global_stock_level":"","_global_stock_mode":"","_global_stock_cap":"","_tribe_rsvp_for_event":"","_tribe_ticket_going_count":"","_tribe_ticket_not_going_count":"","_tribe_tickets_list":"[]","_tribe_ticket_has_attendee_info_fields":false,"footnotes":""},"categories":[4],"tags":[],"class_list":["post-17234218","post","type-post","status-publish","format-standard","has-post-thumbnail","hentry","category-noticias"],"_links":{"self":[{"href":"https:\/\/upla.cl\/vinculacion\/wp-json\/wp\/v2\/posts\/17234218","targetHints":{"allow":["GET"]}}],"collection":[{"href":"https:\/\/upla.cl\/vinculacion\/wp-json\/wp\/v2\/posts"}],"about":[{"href":"https:\/\/upla.cl\/vinculacion\/wp-json\/wp\/v2\/types\/post"}],"author":[{"embeddable":true,"href":"https:\/\/upla.cl\/vinculacion\/wp-json\/wp\/v2\/users\/12"}],"replies":[{"embeddable":true,"href":"https:\/\/upla.cl\/vinculacion\/wp-json\/wp\/v2\/comments?post=17234218"}],"version-history":[{"count":2,"href":"https:\/\/upla.cl\/vinculacion\/wp-json\/wp\/v2\/posts\/17234218\/revisions"}],"predecessor-version":[{"id":17234226,"href":"https:\/\/upla.cl\/vinculacion\/wp-json\/wp\/v2\/posts\/17234218\/revisions\/17234226"}],"wp:featuredmedia":[{"embeddable":true,"href":"https:\/\/upla.cl\/vinculacion\/wp-json\/wp\/v2\/media\/4250"}],"wp:attachment":[{"href":"https:\/\/upla.cl\/vinculacion\/wp-json\/wp\/v2\/media?parent=17234218"}],"wp:term":[{"taxonomy":"category","embeddable":true,"href":"https:\/\/upla.cl\/vinculacion\/wp-json\/wp\/v2\/categories?post=17234218"},{"taxonomy":"post_tag","embeddable":true,"href":"https:\/\/upla.cl\/vinculacion\/wp-json\/wp\/v2\/tags?post=17234218"}],"curies":[{"name":"wp","href":"https:\/\/api.w.org\/{rel}","templated":true}]}}