{"id":17234227,"date":"2022-11-22T14:21:59","date_gmt":"2022-11-22T17:21:59","guid":{"rendered":"https:\/\/upla.cl\/vinculacion\/?p=17234227"},"modified":"2026-04-15T15:03:50","modified_gmt":"2026-04-15T19:03:50","slug":"upla-celebro-la-xv-version-de-la-gala-de-danza-2022","status":"publish","type":"post","link":"https:\/\/upla.cl\/vinculacion\/2022\/11\/22\/upla-celebro-la-xv-version-de-la-gala-de-danza-2022\/","title":{"rendered":"UPLA celebr\u00f3 la XV versi\u00f3n de la Gala de Danza 2022"},"content":{"rendered":"<p>[et_pb_section fb_built=\u00bb1&#8243; fullwidth=\u00bbon\u00bb _builder_version=\u00bb4.27.4&#8243; _module_preset=\u00bbdefault\u00bb global_colors_info=\u00bb{}\u00bb theme_builder_area=\u00bbpost_content\u00bb][et_pb_fullwidth_header title=\u00bbUPLA celebr\u00f3 la XV versi\u00f3n de la Gala de Danza 2022&#8243; _builder_version=\u00bb4.27.5&#8243; _module_preset=\u00bbdefault\u00bb title_font=\u00bbLato|700|||||||\u00bb title_font_size=\u00bb50px\u00bb subhead_font=\u00bbLato||||||||\u00bb subhead_font_size=\u00bb30px\u00bb background_image=\u00bbhttps:\/\/upla.cl\/vinculacion\/wp-content\/uploads\/2022\/11\/MG_6865-scaled.jpg\u00bb background_blend=\u00bbmultiply\u00bb custom_padding=\u00bb10%||10%||true|false\u00bb hover_enabled=\u00bb0&#8243; title_text_shadow_style=\u00bbpreset5&#8243; subhead_text_shadow_style=\u00bbpreset5&#8243; global_colors_info=\u00bb{}\u00bb theme_builder_area=\u00bbpost_content\u00bb title_text=\u00bbUPLA celebr\u00f3 la XV versi\u00f3n de la Gala de Danza 2022&#8243; sticky_enabled=\u00bb0&#8243; background_color=\u00bb#008bef\u00bb][\/et_pb_fullwidth_header][\/et_pb_section][et_pb_section fb_built=\u00bb1&#8243; _builder_version=\u00bb4.27.4&#8243; _module_preset=\u00bbdefault\u00bb custom_margin=\u00bb||||false|false\u00bb custom_padding=\u00bb0px||0px||true|false\u00bb global_colors_info=\u00bb{}\u00bb theme_builder_area=\u00bbpost_content\u00bb][et_pb_row column_structure=\u00bb1_3,2_3&#8243; _builder_version=\u00bb4.27.4&#8243; _module_preset=\u00bbdefault\u00bb width=\u00bb90%\u00bb global_colors_info=\u00bb{}\u00bb theme_builder_area=\u00bbpost_content\u00bb][et_pb_column type=\u00bb1_3&#8243; _builder_version=\u00bb4.27.4&#8243; _module_preset=\u00bbdefault\u00bb global_colors_info=\u00bb{}\u00bb theme_builder_area=\u00bbpost_content\u00bb][et_pb_gallery gallery_ids=\u00bb4265,4258,4262,4261,4264,4263,4260&#8243; fullwidth=\u00bbon\u00bb _builder_version=\u00bb4.27.5&#8243; _module_preset=\u00bbdefault\u00bb hover_enabled=\u00bb0&#8243; global_colors_info=\u00bb{}\u00bb theme_builder_area=\u00bbpost_content\u00bb sticky_enabled=\u00bb0&#8243;][\/et_pb_gallery][\/et_pb_column][et_pb_column type=\u00bb2_3&#8243; _builder_version=\u00bb4.27.4&#8243; _module_preset=\u00bbdefault\u00bb global_colors_info=\u00bb{}\u00bb theme_builder_area=\u00bbpost_content\u00bb][et_pb_text _builder_version=\u00bb4.27.5&#8243; _module_preset=\u00bbdefault\u00bb text_font=\u00bbLato||||||||\u00bb text_font_size=\u00bb16px\u00bb hover_enabled=\u00bb0&#8243; global_colors_info=\u00bb{}\u00bb theme_builder_area=\u00bbpost_content\u00bb sticky_enabled=\u00bb0&#8243;]<\/p>\n<p><b>La gala retom\u00f3 la presencialidad tras la pandemia con una variet\u00e9 de danza y bailes folcl\u00f3ricos, en marco de los 60 a\u00f1os de la carrera de Pedagog\u00eda de Educaci\u00f3n f\u00edsica.<\/b><\/p>\n<p><span style=\"font-weight: 400;\">Con gran entusiasmo la comunidad universitaria de la Universidad de Playa Ancha (UPLA) celebr\u00f3 la XV versi\u00f3n de la gala de danza 2022, organizada por estudiantes de Tecnolog\u00eda en Deporte y Recreaci\u00f3n (TDR), en colaboraci\u00f3n con la carrera de Pedagog\u00eda en Educaci\u00f3n F\u00edsica (EFI), conmemorando los 60 a\u00f1os que cumple EFI siendo impartida en la universidad.\u00a0<\/span><\/p>\n<p><span style=\"font-weight: 400;\">La jornada art\u00edstica cont\u00f3 con la presentaci\u00f3n de elencos compuestos por estudiantes y acad\u00e9micos de la Facultad de Ciencias de la Actividad F\u00edsica y del Deporte, y tambi\u00e9n por agrupaciones invitadas, como la compa\u00f1\u00eda de danza Ehryn Ch\u00e1vez de Salamanca y el grupo folcl\u00f3rico Munkun Ayel\u00e9n.<\/span><\/p>\n<p><span style=\"font-weight: 400;\">Ehryn Ch\u00e1vez, profesora de la Compa\u00f1\u00eda de Danza Ehryn Ch\u00e1vez de Salamanca, coment\u00f3 respecto a la participaci\u00f3n de su elenco que \u201c<\/span><i><span style=\"font-weight: 400;\">para m\u00ed es muy emocionante, porque da como el fruto lo que uno trabaj\u00f3 durante los a\u00f1os ac\u00e1. Y nada, es m\u00e1s que nada eso; volver a tu lugar donde te formaste, y que tus mismos alumnos puedan ser part\u00edcipes de \u00e9sto es como grandioso todo eso<\/span><\/i><span style=\"font-weight: 400;\">\u201d.<\/span><\/p>\n<p><span style=\"font-weight: 400;\">C\u00e9sar Oliva Aravena, decano de la Facultad de Ciencias de la Actividad F\u00edsica y del Deporte, coment\u00f3 sobre la actividad que \u201c<\/span><i><span style=\"font-weight: 400;\">la participaci\u00f3n de nuestros alumnos, como de otras instituciones de ense\u00f1anza superior de la regi\u00f3n, como ex alumnos de nuestra universidad que est\u00e1n trabajando en Salamanca y que han participado con su elenco refleja la necesidad, y refleja la integraci\u00f2n que se tiene en la universidad, y en espec\u00edfico, en esta facultad\u201d.<\/span><\/i><\/p>\n<p><span style=\"font-weight: 400;\">Al evento tambi\u00e9n asistieron estudiantes del liceo Eduardo de la Barra, quienes fueron invitados a trav\u00e9s del profesor de educaci\u00f3n f\u00edsica y ex alumno, Bryan Harding.\u00a0 Al respecto, el profesor valor\u00f3 la invitaci\u00f3n a la instancia \u201c<\/span><i><span style=\"font-weight: 400;\">sobre todo que los chiquillos conozcan la universidad, lo que la universidad entrega. De hecho les gust\u00f3 la infraestructura del gimnasio \u201coh profe es m\u00e1s grande que el gimnasio del liceo\u201d, o sea obviamente. Aqu\u00ed se preparan los docentes. Entonces que ellos vengan y conozcan la universidad, justo en este mes que terminamos la unidad de folklore y danza. Est\u00e1n s\u00faper contentos de la instancia que se les brind\u00f3, que la universidad les abriera las puertas. Yo creo que es algo beneficioso tanto para ellos como para la universidad\u201d<\/span><\/i><span style=\"font-weight: 400;\">.<\/span><\/p>\n<p><span style=\"font-weight: 400;\">La actividad, realizada en el Gimnasio de Casa Central, present\u00f3 una variet\u00e9 de danza y representaciones de bailes folcl\u00f3ricos de distintas zonas del pa\u00eds. siendo recibidos con una gran ovaci\u00f3n de parte del p\u00fablico, entregando a la jornada una gran cuota de alegr\u00eda.\u00a0<\/span><\/p>\n<p><span style=\"font-weight: 400;\">Ursula Ferrada Gatica, funcionaria de la secci\u00f3n de adquisiciones y profesora del grupo Munkun Ayel\u00e9n, explic\u00f3 que la presentaci\u00f3n del grupo fue<\/span><i><span style=\"font-weight: 400;\"> \u201cuna proyecci\u00f3n del folclor. No es una danza como el ballet. Si no que entiendan lo que est\u00e1n bailando, que se baila m\u00e1s a la tierra. Como se baila en cada territorio. Esta \u00faltima presentaci\u00f3n de norte es sacado desde el carnaval de Socoroma, que es una parte que hacen en el carnaval de Socoroma. Que todas las festividades llevan una danza de inicio y una danza de t\u00e9rmino. Pero generalmente respetando las ra\u00edces y la cultura de cada territorio chileno\u201d.<\/span><\/i><\/p>\n<p><span style=\"font-weight: 400;\">Claudia Cano, acad\u00e9mica del laboratorio HUB-Ambiental e integrante del grupo folcl\u00f3rico, coment\u00f3 que<em> \u201cquer\u00edamos luego volver a bailar, a presentarnos. As\u00ed que ha sido bien emocionante volver nuevamente\u201d.\u00a0<\/em><\/span><\/p>\n<p><span style=\"font-weight: 400;\">La actividad concluy\u00f3 con un reconocimiento a los elencos participantes, quienes tambi\u00e9n fueron despedidos con gran energ\u00eda del p\u00fablico que concurri\u00f3 a esta instancia.\u00a0<\/span><\/p>\n<p>[\/et_pb_text][\/et_pb_column][\/et_pb_row][\/et_pb_section]<\/p>\n","protected":false},"excerpt":{"rendered":"<p>La gala retom\u00f3 la presencialidad tras la pandemia con una variet\u00e9 de danza y bailes folcl\u00f3ricos, en marco de los 60 a\u00f1os de la carrera de Pedagog\u00eda de Educaci\u00f3n f\u00edsica. [&hellip;]<\/p>\n","protected":false},"author":12,"featured_media":4261,"comment_status":"closed","ping_status":"closed","sticky":false,"template":"","format":"standard","meta":{"_et_pb_use_builder":"on","_et_pb_old_content":"","_et_gb_content_width":"","_price":"","_stock":"","_tribe_ticket_header":"","_tribe_default_ticket_provider":"","_tribe_ticket_capacity":"","_ticket_start_date":"","_ticket_end_date":"","_tribe_ticket_show_description":"","_tribe_ticket_show_not_going":false,"_tribe_ticket_use_global_stock":"","_tribe_ticket_global_stock_level":"","_global_stock_mode":"","_global_stock_cap":"","_tribe_rsvp_for_event":"","_tribe_ticket_going_count":"","_tribe_ticket_not_going_count":"","_tribe_tickets_list":"[]","_tribe_ticket_has_attendee_info_fields":false,"footnotes":""},"categories":[4],"tags":[],"class_list":["post-17234227","post","type-post","status-publish","format-standard","has-post-thumbnail","hentry","category-noticias"],"_links":{"self":[{"href":"https:\/\/upla.cl\/vinculacion\/wp-json\/wp\/v2\/posts\/17234227","targetHints":{"allow":["GET"]}}],"collection":[{"href":"https:\/\/upla.cl\/vinculacion\/wp-json\/wp\/v2\/posts"}],"about":[{"href":"https:\/\/upla.cl\/vinculacion\/wp-json\/wp\/v2\/types\/post"}],"author":[{"embeddable":true,"href":"https:\/\/upla.cl\/vinculacion\/wp-json\/wp\/v2\/users\/12"}],"replies":[{"embeddable":true,"href":"https:\/\/upla.cl\/vinculacion\/wp-json\/wp\/v2\/comments?post=17234227"}],"version-history":[{"count":2,"href":"https:\/\/upla.cl\/vinculacion\/wp-json\/wp\/v2\/posts\/17234227\/revisions"}],"predecessor-version":[{"id":17234230,"href":"https:\/\/upla.cl\/vinculacion\/wp-json\/wp\/v2\/posts\/17234227\/revisions\/17234230"}],"wp:featuredmedia":[{"embeddable":true,"href":"https:\/\/upla.cl\/vinculacion\/wp-json\/wp\/v2\/media\/4261"}],"wp:attachment":[{"href":"https:\/\/upla.cl\/vinculacion\/wp-json\/wp\/v2\/media?parent=17234227"}],"wp:term":[{"taxonomy":"category","embeddable":true,"href":"https:\/\/upla.cl\/vinculacion\/wp-json\/wp\/v2\/categories?post=17234227"},{"taxonomy":"post_tag","embeddable":true,"href":"https:\/\/upla.cl\/vinculacion\/wp-json\/wp\/v2\/tags?post=17234227"}],"curies":[{"name":"wp","href":"https:\/\/api.w.org\/{rel}","templated":true}]}}