{"id":17234231,"date":"2022-11-24T15:27:25","date_gmt":"2022-11-24T18:27:25","guid":{"rendered":"https:\/\/upla.cl\/vinculacion\/?p=17234231"},"modified":"2026-04-15T15:54:11","modified_gmt":"2026-04-15T19:54:11","slug":"fundacion-todas-juegan-firmo-convenio-de-colaboracion-con-universidad-de-playa-ancha","status":"publish","type":"post","link":"https:\/\/upla.cl\/vinculacion\/2022\/11\/24\/fundacion-todas-juegan-firmo-convenio-de-colaboracion-con-universidad-de-playa-ancha\/","title":{"rendered":"Fundaci\u00f3n Todas Juegan firm\u00f3 convenio de colaboraci\u00f3n con Universidad de Playa Ancha"},"content":{"rendered":"<p>[et_pb_section fb_built=\u00bb1&#8243; fullwidth=\u00bbon\u00bb _builder_version=\u00bb4.27.4&#8243; _module_preset=\u00bbdefault\u00bb global_colors_info=\u00bb{}\u00bb][et_pb_fullwidth_header title=\u00bbFundaci\u00f3n Todas Juegan firm\u00f3 convenio de colaboraci\u00f3n con Universidad de Playa Ancha\u00bb _builder_version=\u00bb4.27.5&#8243; _module_preset=\u00bbdefault\u00bb title_font=\u00bbLato|700|||||||\u00bb title_font_size=\u00bb50px\u00bb subhead_font=\u00bbLato||||||||\u00bb subhead_font_size=\u00bb30px\u00bb background_image=\u00bbhttps:\/\/upla.cl\/vinculacion\/wp-content\/uploads\/2022\/11\/IMG-20221114-WA0022.jpg\u00bb background_position=\u00bbtop_right\u00bb background_vertical_offset=\u00bb34%\u00bb background_blend=\u00bbmultiply\u00bb custom_padding=\u00bb10%||10%||true|false\u00bb title_text_shadow_style=\u00bbpreset5&#8243; subhead_text_shadow_style=\u00bbpreset5&#8243; global_colors_info=\u00bb{}\u00bb][\/et_pb_fullwidth_header][\/et_pb_section][et_pb_section fb_built=\u00bb1&#8243; _builder_version=\u00bb4.27.4&#8243; _module_preset=\u00bbdefault\u00bb custom_margin=\u00bb||||false|false\u00bb custom_padding=\u00bb0px||0px||true|false\u00bb global_colors_info=\u00bb{}\u00bb][et_pb_row column_structure=\u00bb1_3,2_3&#8243; _builder_version=\u00bb4.27.4&#8243; _module_preset=\u00bbdefault\u00bb width=\u00bb90%\u00bb global_colors_info=\u00bb{}\u00bb][et_pb_column type=\u00bb1_3&#8243; _builder_version=\u00bb4.27.4&#8243; _module_preset=\u00bbdefault\u00bb global_colors_info=\u00bb{}\u00bb][et_pb_gallery gallery_ids=\u00bb4275,4282,4276,4277,4285,4278,4284,4283,4279&#8243; fullwidth=\u00bbon\u00bb _builder_version=\u00bb4.27.5&#8243; _module_preset=\u00bbdefault\u00bb hover_enabled=\u00bb0&#8243; global_colors_info=\u00bb{}\u00bb sticky_enabled=\u00bb0&#8243;][\/et_pb_gallery][\/et_pb_column][et_pb_column type=\u00bb2_3&#8243; _builder_version=\u00bb4.27.4&#8243; _module_preset=\u00bbdefault\u00bb global_colors_info=\u00bb{}\u00bb][et_pb_text _builder_version=\u00bb4.27.5&#8243; _module_preset=\u00bbdefault\u00bb text_font=\u00bbLato||||||||\u00bb text_font_size=\u00bb16px\u00bb hover_enabled=\u00bb0&#8243; global_colors_info=\u00bb{}\u00bb sticky_enabled=\u00bb0&#8243;]<\/p>\n<p><b>El acuerdo busca potenciar la salud f\u00edsica y mental de las mujeres de la UPLA como tambi\u00e9n el quehacer de la fundaci\u00f3n en la regi\u00f3n de Valpara\u00edso.<\/b><\/p>\n<p><span style=\"font-weight: 400;\">Un acuerdo de colaboraci\u00f3n fue suscrito entre la Universidad de Playa Ancha (UPLA) y la<\/span><a href=\"https:\/\/fundaciontodasjuegan.com\/inicio\" target=\"_blank\" rel=\"noopener\"> <span style=\"font-weight: 400;\">Fundaci\u00f3n Todas Juegan<\/span><\/a><span style=\"font-weight: 400;\"> de Vi\u00f1a del Mar, con el objetivo de potenciar y fortalecer la salud f\u00edsica, mental y el bienestar de las estudiantes, acad\u00e9micas y funcionarias de la casa de estudio, como tambi\u00e9n de las mujeres de Valpara\u00edso.\u00a0<\/span><\/p>\n<p><span style=\"font-weight: 400;\">En una ceremonia realizada en el gimnasio de casa central, el convenio fue suscrito por la prorrectora de la Universidad, Catalina Rojas Mart\u00ednez, y la presidenta de la Fundaci\u00f3n, Constanza Paillacar Pacheco.<\/span><\/p>\n<p><span style=\"font-weight: 400;\">Al respecto, la prorrectora valor\u00f3 el acuerdo: <\/span><i><span style=\"font-weight: 400;\">\u201cel deporte para la Universidad es un \u00e1rea important\u00edsima, dado a la formaci\u00f3n integral del individuo. Es una forma de tener cuerpo sano, mente sana, cierto. La salud mental es una de las principales preocupaciones hoy en d\u00eda a nivel pa\u00eds. Y por lo tanto, con mayor raz\u00f3n a nuestro nivel\u201d.<\/span><\/i><\/p>\n<p><span style=\"font-weight: 400;\">Uno de los puntos claves del convenio es el trabajo junto a la<\/span><a href=\"https:\/\/www.upla.cl\/desarrolloestudiantil\/deportes-y-recreacion\/#:~:text=La%20Direcci%C3%B3n%20de%20Deportes%20y%20Recreaci%C3%B3n%20es%20una%20organizaci%C3%B3n%20comprometida,educacional%20y%20sociedad%20en%20general.\"> <span style=\"font-weight: 400;\">Direcci\u00f3n de Deportes y Recreaci\u00f3n<\/span><\/a><span style=\"font-weight: 400;\"> (DIDER), que implica el uso de los espacios deportivos de la universidad para abrir una instancia de recreaci\u00f3n y formaci\u00f3n deportiva a las mujeres de la UPLA, sin importar su historia en el deporte o su desempe\u00f1o en la cancha.\u00a0<\/span><\/p>\n<p><span style=\"font-weight: 400;\">Daniela Calder\u00f3n, directora ejecutiva de Todas Juegan, explic\u00f3 que el convenio apunta a <\/span><i><span style=\"font-weight: 400;\">\u201cabrir espacios tanto para estudiantes como funcionarias, eso ha sido como la parte b\u00e1sica. Como la necesidad que ten\u00edamos nosotros era que llegara m\u00e1s gente y poder ofrecer un espacio que es muy profesional, muy bueno, de mucha calidad para que mujeres de las universidades puedan participar en nuestros entrenamientos\u201d.<\/span><\/i><\/p>\n<p><span style=\"font-weight: 400;\">Adem\u00e1s, la directora ejecutiva agreg\u00f3 que \u201c<\/span><i><span style=\"font-weight: 400;\">En el caso de nosotras tu ves a chicas que comenzaron muy tarde en el deporte. Empezaron sobre los treinta a\u00f1os a jugar f\u00fatbol o hay chicas que comenzaron sobre los veinte. No tuvieron una historia pero aqu\u00ed se les da el espacio. Entonces eso tambi\u00e9n nosotros queremos para el grupo tambi\u00e9n de estudiantes y funcionarias que no han tenido ese espacio en su historia\u201d.\u00a0<\/span><\/i><\/p>\n<p><a href=\"https:\/\/www.instagram.com\/todasjueganfundacion\/\" target=\"_blank\" rel=\"noopener\"><span style=\"font-weight: 400;\">Todas Juegan<\/span><\/a><span style=\"font-weight: 400;\"> es una fundaci\u00f3n de Vi\u00f1a del Mar dedicada a propiciar espacios deportivos en torno al f\u00fatbol para mujeres y personas que se identifican con el g\u00e9nero femenino, apoyando la recreaci\u00f3n y actividad f\u00edsica con el objetivo de mejorar el bienestar de mujeres de la quinta regi\u00f3n.\u00a0<\/span><\/p>\n<p><span style=\"font-weight: 400;\">Javier Vald\u00e9s, fundador de la Fundaci\u00f3n, declar\u00f3 que <\/span><i><span style=\"font-weight: 400;\">\u201cTodav\u00eda hay muy pocas mujeres que practican. Practican solo las que tienen m\u00e1s habilidad y es precisamente all\u00ed donde la fundaci\u00f3n tiene un rol determinante; es tratar de permear todos los espacios de la sociedad de las mujeres para que ellas participen independiente de la habilidad que tengan, de la edad que tengan, el espacio que ocupen, el trabajo que tengan o la labor que desarrollen\u201d.\u00a0\u00a0<\/span><\/i><\/p>\n<p><span style=\"font-weight: 400;\">Tras la firma, el encuentro entre instituciones culmin\u00f3 con un partido amistoso entre las jugadoras del equipo de Futsal femenino UPLA y las integrantes de Todas Juegan. Catalina Tapia, estudiante de Pedagog\u00eda en Castellano y capitana del equipo, coment\u00f3 respecto a la instancia que \u00abcada d\u00eda es mucho m\u00e1s visible el f\u00fatbol femenino y con el apoyo que se da en todos los lugares, aqu\u00ed en la Universidad, como en otros lugares locales, creo que es s\u00faper importante\u00bb.<\/span><\/p>\n<p><span style=\"font-weight: 400;\">Suscrito el convenio, las partes iniciar\u00e1n un proceso de coordinaci\u00f3n y creaci\u00f3n de protocolos espec\u00edficos para emprender acciones concretas en ambas instituciones, con el fin de apoyar sus quehaceres y su misi\u00f3n en la regi\u00f3n de Valpara\u00edso.<\/span><\/p>\n<p>[\/et_pb_text][\/et_pb_column][\/et_pb_row][\/et_pb_section]<\/p>\n","protected":false},"excerpt":{"rendered":"<p>El acuerdo busca potenciar la salud f\u00edsica y mental de las mujeres de la UPLA como tambi\u00e9n el quehacer de la fundaci\u00f3n en la regi\u00f3n de Valpara\u00edso. Un acuerdo de [&hellip;]<\/p>\n","protected":false},"author":12,"featured_media":4277,"comment_status":"closed","ping_status":"closed","sticky":false,"template":"","format":"standard","meta":{"_et_pb_use_builder":"on","_et_pb_old_content":"","_et_gb_content_width":"","_price":"","_stock":"","_tribe_ticket_header":"","_tribe_default_ticket_provider":"","_tribe_ticket_capacity":"","_ticket_start_date":"","_ticket_end_date":"","_tribe_ticket_show_description":"","_tribe_ticket_show_not_going":false,"_tribe_ticket_use_global_stock":"","_tribe_ticket_global_stock_level":"","_global_stock_mode":"","_global_stock_cap":"","_tribe_rsvp_for_event":"","_tribe_ticket_going_count":"","_tribe_ticket_not_going_count":"","_tribe_tickets_list":"[]","_tribe_ticket_has_attendee_info_fields":false,"footnotes":""},"categories":[4],"tags":[110,182],"class_list":["post-17234231","post","type-post","status-publish","format-standard","has-post-thumbnail","hentry","category-noticias","tag-convenios","tag-urie"],"_links":{"self":[{"href":"https:\/\/upla.cl\/vinculacion\/wp-json\/wp\/v2\/posts\/17234231","targetHints":{"allow":["GET"]}}],"collection":[{"href":"https:\/\/upla.cl\/vinculacion\/wp-json\/wp\/v2\/posts"}],"about":[{"href":"https:\/\/upla.cl\/vinculacion\/wp-json\/wp\/v2\/types\/post"}],"author":[{"embeddable":true,"href":"https:\/\/upla.cl\/vinculacion\/wp-json\/wp\/v2\/users\/12"}],"replies":[{"embeddable":true,"href":"https:\/\/upla.cl\/vinculacion\/wp-json\/wp\/v2\/comments?post=17234231"}],"version-history":[{"count":3,"href":"https:\/\/upla.cl\/vinculacion\/wp-json\/wp\/v2\/posts\/17234231\/revisions"}],"predecessor-version":[{"id":17234237,"href":"https:\/\/upla.cl\/vinculacion\/wp-json\/wp\/v2\/posts\/17234231\/revisions\/17234237"}],"wp:featuredmedia":[{"embeddable":true,"href":"https:\/\/upla.cl\/vinculacion\/wp-json\/wp\/v2\/media\/4277"}],"wp:attachment":[{"href":"https:\/\/upla.cl\/vinculacion\/wp-json\/wp\/v2\/media?parent=17234231"}],"wp:term":[{"taxonomy":"category","embeddable":true,"href":"https:\/\/upla.cl\/vinculacion\/wp-json\/wp\/v2\/categories?post=17234231"},{"taxonomy":"post_tag","embeddable":true,"href":"https:\/\/upla.cl\/vinculacion\/wp-json\/wp\/v2\/tags?post=17234231"}],"curies":[{"name":"wp","href":"https:\/\/api.w.org\/{rel}","templated":true}]}}