{"id":17234238,"date":"2022-11-27T15:57:03","date_gmt":"2022-11-27T18:57:03","guid":{"rendered":"https:\/\/upla.cl\/vinculacion\/?p=17234238"},"modified":"2026-04-15T16:42:03","modified_gmt":"2026-04-15T20:42:03","slug":"exitosa-jornada-de-cierre-de-la-xi-version-del-festival-de-teatro-humberto-duvauchelle","status":"publish","type":"post","link":"https:\/\/upla.cl\/vinculacion\/2022\/11\/27\/exitosa-jornada-de-cierre-de-la-xi-version-del-festival-de-teatro-humberto-duvauchelle\/","title":{"rendered":"Exitosa jornada de cierre de la XI versi\u00f3n del Festival de teatro Humberto Duvauchelle"},"content":{"rendered":"<p>[et_pb_section fb_built=\u00bb1&#8243; fullwidth=\u00bbon\u00bb _builder_version=\u00bb4.27.4&#8243; _module_preset=\u00bbdefault\u00bb global_colors_info=\u00bb{}\u00bb][et_pb_fullwidth_header title=\u00bbExitosa jornada de cierre de la XI versi\u00f3n del Festival de teatro Humberto Duvauchelle\u00bb _builder_version=\u00bb4.27.5&#8243; _module_preset=\u00bbdefault\u00bb title_font=\u00bbLato|700|||||||\u00bb title_font_size=\u00bb50px\u00bb subhead_font=\u00bbLato||||||||\u00bb subhead_font_size=\u00bb30px\u00bb background_image=\u00bbhttps:\/\/upla.cl\/vinculacion\/wp-content\/uploads\/2022\/11\/20221113_185701-scaled.jpg\u00bb background_blend=\u00bbmultiply\u00bb custom_padding=\u00bb10%||10%||true|false\u00bb title_text_shadow_style=\u00bbpreset5&#8243; subhead_text_shadow_style=\u00bbpreset5&#8243; global_colors_info=\u00bb{}\u00bb][\/et_pb_fullwidth_header][\/et_pb_section][et_pb_section fb_built=\u00bb1&#8243; _builder_version=\u00bb4.27.4&#8243; _module_preset=\u00bbdefault\u00bb custom_margin=\u00bb||||false|false\u00bb custom_padding=\u00bb0px||0px||true|false\u00bb global_colors_info=\u00bb{}\u00bb][et_pb_row column_structure=\u00bb1_3,2_3&#8243; _builder_version=\u00bb4.27.4&#8243; _module_preset=\u00bbdefault\u00bb width=\u00bb90%\u00bb global_colors_info=\u00bb{}\u00bb][et_pb_column type=\u00bb1_3&#8243; _builder_version=\u00bb4.27.4&#8243; _module_preset=\u00bbdefault\u00bb global_colors_info=\u00bb{}\u00bb][et_pb_gallery gallery_ids=\u00bb4301,4302,4308,4307,4304,4303,4300,4299,4298,4297,4295&#8243; fullwidth=\u00bbon\u00bb _builder_version=\u00bb4.27.5&#8243; _module_preset=\u00bbdefault\u00bb hover_enabled=\u00bb0&#8243; global_colors_info=\u00bb{}\u00bb sticky_enabled=\u00bb0&#8243;][\/et_pb_gallery][\/et_pb_column][et_pb_column type=\u00bb2_3&#8243; _builder_version=\u00bb4.27.4&#8243; _module_preset=\u00bbdefault\u00bb global_colors_info=\u00bb{}\u00bb][et_pb_text _builder_version=\u00bb4.27.5&#8243; _module_preset=\u00bbdefault\u00bb text_font=\u00bbLato||||||||\u00bb text_font_size=\u00bb16px\u00bb hover_enabled=\u00bb0&#8243; global_colors_info=\u00bb{}\u00bb sticky_enabled=\u00bb0&#8243;]<\/p>\n<p><b>El festival convoc\u00f3 a nueve compa\u00f1\u00edas y colectivas compuestas por estudiantes de tres escuelas de teatro de Valpara\u00edso quienes presentaron obras in\u00e9ditas para concursar en los tres d\u00edas que dur\u00f3 el evento en la Sala de Arte Esc\u00e9nico de la UPLA.<\/b><\/p>\n<p><span style=\"font-weight: 400;\">Una exitosa jornada de cierre tuvo la XI versi\u00f3n del<\/span><a href=\"https:\/\/www.instagram.com\/festivalhumbertod\/\" target=\"_blank\" rel=\"noopener\"> <span style=\"font-weight: 400;\">Festival Humberto Duvauchelle<\/span><\/a><span style=\"font-weight: 400;\"> de teatro en peque\u00f1o formato, organizado por estudiantes de \u00faltimo a\u00f1o de la carrera de teatro de la Universidad de Playa Ancha (UPLA) y que convoc\u00f3 a creadores y creadoras de tres escuelas teatrales de Valpara\u00edso.\u00a0<\/span><\/p>\n<p><span style=\"font-weight: 400;\">Durante tres d\u00edas (11, 12 y 13 de noviembre) las distintas obras se presentaron para concursar en la<\/span><a href=\"http:\/\/salateatroupla.cl\/\"> <span style=\"font-weight: 400;\">Sala de Arte Esc\u00e9nico<\/span><\/a><span style=\"font-weight: 400;\"> (SAE) de la UPLA donde el p\u00fablico pudo disfrutar de las puestas en escena y votar por sus preferidas.\u00a0<\/span><\/p>\n<p><span style=\"font-weight: 400;\">Adem\u00e1s, el festival cont\u00f3 con un jurado compuesto por los actores y docentes, Constanza Segovia, Cristina Alcaide y Andr\u00e9s Hern\u00e1ndez, quienes deliberaron para elegir las compa\u00f1\u00edas ganadoras en seis categor\u00edas: mejor int\u00e9rprete, mejor dise\u00f1o integral, mejor direcci\u00f3n, mejor dramaturgia, y mejor montaje. Adem\u00e1s, el premio del p\u00fablico, que eligi\u00f3 una obra ganadora cada d\u00eda.\u00a0\u00a0<\/span><\/p>\n<p><span style=\"font-weight: 400;\">Sebastian L\u00f3pez Santander, estudiante de teatro UPLA e integrante de la organizaci\u00f3n del evento, coment\u00f3 respecto al objetivo de la instancia que <\/span><i><span style=\"font-weight: 400;\">\u201dbusca ser un portavoz de la renovaci\u00f3n teatral y, fundamentalmente, que estudiantes de las distintas carreras de teatro aprendan y vivan el oficio\u201d.<\/span><\/i><\/p>\n<p>[\/et_pb_text][\/et_pb_column][\/et_pb_row][et_pb_row _builder_version=\u00bb4.27.5&#8243; _module_preset=\u00bbdefault\u00bb column_structure=\u00bb2_3,1_3&#8243; width=\u00bb90%\u00bb hover_enabled=\u00bb0&#8243; sticky_enabled=\u00bb0&#8243; custom_padding=\u00bb0px|||||\u00bb][et_pb_column _builder_version=\u00bb4.27.5&#8243; _module_preset=\u00bbdefault\u00bb type=\u00bb2_3&#8243;][et_pb_text _builder_version=\u00bb4.27.5&#8243; _module_preset=\u00bbdefault\u00bb text_font_size=\u00bb16px\u00bb hover_enabled=\u00bb0&#8243; sticky_enabled=\u00bb0&#8243; text_font=\u00bbLato||||||||\u00bb]<\/p>\n<p><b>La cartelera<\/b><\/p>\n<p><span style=\"font-weight: 400;\">El festival cont\u00f3 con la participaci\u00f3n de nueve compa\u00f1\u00edas y colectivas de escuelas de teatro de Valpara\u00edso, que concursaron con sus creaciones en esta nueva versi\u00f3n del festival, caracterizado por las obras en peque\u00f1o formato, es decir, de treinta minutos de duraci\u00f3n. La cartelera de esta versi\u00f3n estuvo compuesta por:\u00a0<\/span><\/p>\n<p><span style=\"font-weight: 400;\">11 de noviembre<\/span><\/p>\n<ul>\n<li><i><span style=\"font-weight: 400;\">\u201cPunto de Encuentro\u201d<\/span><\/i><span style=\"font-weight: 400;\">, por Compa\u00f1\u00eda Teatro F\u00e9nix.<\/span><\/li>\n<li><i><span style=\"font-weight: 400;\">\u00abAl Interior\u201d<\/span><\/i><span style=\"font-weight: 400;\">, por Compa\u00f1\u00eda Cuerpo y Alma.<\/span><\/li>\n<li><i><span style=\"font-weight: 400;\">\u201cSiempre me voy a enamorar de quien de m\u00ed no se enamora\u201d<\/span><\/i><span style=\"font-weight: 400;\">, por Compa\u00f1\u00eda Tres Tristes.<\/span><\/li>\n<\/ul>\n<p><span style=\"font-weight: 400;\">12 de noviembre<\/span><\/p>\n<ul>\n<li><i><span style=\"font-weight: 400;\">\u201cNo, sin K\u00e9tchup\u201d<\/span><\/i><span style=\"font-weight: 400;\">, por Colectivo Vol\u00e1tiles.<\/span><\/li>\n<li><i><span style=\"font-weight: 400;\">\u201cRetazos\u201d<\/span><\/i><span style=\"font-weight: 400;\">, por Compa\u00f1\u00eda Relieve.<\/span><\/li>\n<li><i><span style=\"font-weight: 400;\">\u201cContacto estrecho\u201d<\/span><\/i><span style=\"font-weight: 400;\">, por Compa\u00f1\u00eda Los Choros del Canasto.<\/span><\/li>\n<\/ul>\n<p><span style=\"font-weight: 400;\">13 de noviembre<\/span><\/p>\n<ul>\n<li><i><span style=\"font-weight: 400;\">\u201cUna ni\u00f1a con aspecto de mujer\u201d<\/span><\/i><span style=\"font-weight: 400;\">, por Compa\u00f1\u00eda Ojos Abiertos.<\/span><\/li>\n<li><i><span style=\"font-weight: 400;\">\u201cBote\u201d<\/span><\/i><span style=\"font-weight: 400;\">, por Compa\u00f1\u00eca en Pa\u00f1os Menores.<\/span><\/li>\n<li><i><span style=\"font-weight: 400;\">\u201cCuando los animales salvajes est\u00e9n reunidos en tropas\u201d<\/span><\/i><span style=\"font-weight: 400;\">, por Colectivo Cuerpo Celeste.<\/span><\/li>\n<\/ul>\n<p><span style=\"font-weight: 400;\">Yordano Pinilla, estudiante UPLA, director y dramaturgo de \u201c<\/span><i><span style=\"font-weight: 400;\">Bote<\/span><\/i><span style=\"font-weight: 400;\">\u201d, valor\u00f3 la realizaci\u00f3n de este festival <\/span><i><span style=\"font-weight: 400;\">\u201ces bac\u00e1n poder fomentar el teatro porte\u00f1o, es bac\u00e1n poder venir al teatro y que se llenen, las tres funciones no pudo entrar m\u00e1s gente as\u00ed hasta reventar entonces, eso realmente me pone contento y que siga\u201d.<\/span><\/i><\/p>\n<p><b>Ganadores del festival<\/b><\/p>\n<p><span style=\"font-weight: 400;\">El \u00faltimo d\u00eda de este festival fue la jornada m\u00e1s larga, ya que despu\u00e9s de las presentaciones el jurado deliber\u00f3 para elegir las compa\u00f1\u00edas ganadoras de este a\u00f1o. Tras una larga espera, el jurado, compuesto por los tres docentes y el p\u00fablico, dio a conocer a las y los ganadores de esta XI versi\u00f3n del festival.\u00a0<\/span><\/p>\n<p><span style=\"font-weight: 400;\">En la categor\u00eda mejor montaje, la ganadora fue Colectivo Vol\u00e1tiles con \u201c<\/span><i><span style=\"font-weight: 400;\">No, sin K\u00e9tchup<\/span><\/i><span style=\"font-weight: 400;\">\u201d.<\/span><\/p>\n<p><span style=\"font-weight: 400;\">En la categor\u00eda de mejor interpretaci\u00f3n, la ganadora fue M. Ignacia Nu\u00f1ez, de Compa\u00f1\u00eda Los Choros del Canasto con \u201c<\/span><i><span style=\"font-weight: 400;\">Contacto estrecho\u201d<\/span><\/i><span style=\"font-weight: 400;\">.<\/span><\/p>\n<p><span style=\"font-weight: 400;\">En la categor\u00eda de mejor dramaturgia hubieron dos ganadores: Valentina Meza de Colectivo Vol\u00e1tiles con \u201c<\/span><i><span style=\"font-weight: 400;\">No, sin K\u00e9tchup<\/span><\/i><span style=\"font-weight: 400;\">\u201d, y Guillermo Santander de Compa\u00f1\u00eda Los Choros del Canasto con \u201c<\/span><i><span style=\"font-weight: 400;\">Contacto estrecho<\/span><\/i><span style=\"font-weight: 400;\">\u201d.<\/span><\/p>\n<p><span style=\"font-weight: 400;\">En la categor\u00eda de mejor direcci\u00f3n la ganadora fue Dafna Delgado por \u201c<\/span><i><span style=\"font-weight: 400;\">Al Interior<\/span><\/i><span style=\"font-weight: 400;\">\u201d, de Compa\u00f1ia Cuerpo y Alma.<\/span><\/p>\n<p><span style=\"font-weight: 400;\">Y en la categor\u00eda de mejor dise\u00f1o integral no hubo compa\u00f1\u00edas ganadoras, lo que desat\u00f3 algunos abucheos en el p\u00fablico al recibir el anuncio.\u00a0<\/span><\/p>\n<p><span style=\"font-weight: 400;\">Por parte del p\u00fablico, las obras ganadoras por d\u00eda fueron \u00ab<\/span><i><span style=\"font-weight: 400;\">Al interior<\/span><\/i><span style=\"font-weight: 400;\">\u00ab, \u00ab<\/span><i><span style=\"font-weight: 400;\">No, sin ketchup<\/span><\/i><span style=\"font-weight: 400;\">\u00bb y \u00ab<\/span><i><span style=\"font-weight: 400;\">Cu\u00e1ndo los animales salvajes est\u00e9n reunidos en tropas<\/span><\/i><span style=\"font-weight: 400;\">\u00ab, de las cuales destac\u00f3 la obra del Colectivo Vol\u00e1tiles con 44 votos.\u00a0<\/span><\/p>\n<p><span style=\"font-weight: 400;\">El premio de esta versi\u00f3n del festival es un hito para en su historia, ya que retoma la presencialidad tras la pandemia y, por primera vez, las obras ganadoras saldr\u00e1n de la sala UPLA para iniciar una gira por teatros y colegios de Cartagena, Valpara\u00edso, Vi\u00f1a del Mar, Quilpu\u00e9 y Casablanca.\u00a0<\/span><\/p>\n<p><i><span style=\"font-weight: 400;\">\u201cOjal\u00e1 marcar un precedente porque este festival de teatro tambi\u00e9n es muy importante, porque es el primero generado en Valpara\u00edso por alumnos de teatro, es la onceava versi\u00f3n, o sea, se hace hace once a\u00f1os, y el profe Humberto Duvauchelle sigue siendo uno de los profesores de teatro m\u00e1s importantes de Chile<\/span><\/i><span style=\"font-weight: 400;\">\u201d destac\u00f3 Romina del Solar Stevenson, gestora cultural de la Direcci\u00f3n General de Vinculaci\u00f3n con el Medio (DGVM), respecto a la importancia de esta versi\u00f3n.\u00a0<\/span><\/p>\n<p><br style=\"font-weight: 400;\" \/><br style=\"font-weight: 400;\" \/><\/p>\n<p>[\/et_pb_text][\/et_pb_column][et_pb_column _builder_version=\u00bb4.27.5&#8243; _module_preset=\u00bbdefault\u00bb type=\u00bb1_3&#8243;][et_pb_gallery _builder_version=\u00bb4.27.5&#8243; _module_preset=\u00bbdefault\u00bb fullwidth=\u00bbon\u00bb gallery_ids=\u00bb4294,4293,4292,4291&#8243; hover_enabled=\u00bb0&#8243; sticky_enabled=\u00bb0&#8243;][\/et_pb_gallery][\/et_pb_column][\/et_pb_row][\/et_pb_section]<\/p>\n","protected":false},"excerpt":{"rendered":"<p>El festival convoc\u00f3 a nueve compa\u00f1\u00edas y colectivas compuestas por estudiantes de tres escuelas de teatro de Valpara\u00edso quienes presentaron obras in\u00e9ditas para concursar en los tres d\u00edas que dur\u00f3 [&hellip;]<\/p>\n","protected":false},"author":12,"featured_media":4302,"comment_status":"closed","ping_status":"closed","sticky":false,"template":"","format":"standard","meta":{"_et_pb_use_builder":"on","_et_pb_old_content":"","_et_gb_content_width":"","_price":"","_stock":"","_tribe_ticket_header":"","_tribe_default_ticket_provider":"","_tribe_ticket_capacity":"","_ticket_start_date":"","_ticket_end_date":"","_tribe_ticket_show_description":"","_tribe_ticket_show_not_going":false,"_tribe_ticket_use_global_stock":"","_tribe_ticket_global_stock_level":"","_global_stock_mode":"","_global_stock_cap":"","_tribe_rsvp_for_event":"","_tribe_ticket_going_count":"","_tribe_ticket_not_going_count":"","_tribe_tickets_list":"[]","_tribe_ticket_has_attendee_info_fields":false,"footnotes":""},"categories":[4],"tags":[242,243],"class_list":["post-17234238","post","type-post","status-publish","format-standard","has-post-thumbnail","hentry","category-noticias","tag-sae","tag-sala-arte-escenico"],"_links":{"self":[{"href":"https:\/\/upla.cl\/vinculacion\/wp-json\/wp\/v2\/posts\/17234238","targetHints":{"allow":["GET"]}}],"collection":[{"href":"https:\/\/upla.cl\/vinculacion\/wp-json\/wp\/v2\/posts"}],"about":[{"href":"https:\/\/upla.cl\/vinculacion\/wp-json\/wp\/v2\/types\/post"}],"author":[{"embeddable":true,"href":"https:\/\/upla.cl\/vinculacion\/wp-json\/wp\/v2\/users\/12"}],"replies":[{"embeddable":true,"href":"https:\/\/upla.cl\/vinculacion\/wp-json\/wp\/v2\/comments?post=17234238"}],"version-history":[{"count":3,"href":"https:\/\/upla.cl\/vinculacion\/wp-json\/wp\/v2\/posts\/17234238\/revisions"}],"predecessor-version":[{"id":17234244,"href":"https:\/\/upla.cl\/vinculacion\/wp-json\/wp\/v2\/posts\/17234238\/revisions\/17234244"}],"wp:featuredmedia":[{"embeddable":true,"href":"https:\/\/upla.cl\/vinculacion\/wp-json\/wp\/v2\/media\/4302"}],"wp:attachment":[{"href":"https:\/\/upla.cl\/vinculacion\/wp-json\/wp\/v2\/media?parent=17234238"}],"wp:term":[{"taxonomy":"category","embeddable":true,"href":"https:\/\/upla.cl\/vinculacion\/wp-json\/wp\/v2\/categories?post=17234238"},{"taxonomy":"post_tag","embeddable":true,"href":"https:\/\/upla.cl\/vinculacion\/wp-json\/wp\/v2\/tags?post=17234238"}],"curies":[{"name":"wp","href":"https:\/\/api.w.org\/{rel}","templated":true}]}}