{"id":17234246,"date":"2022-11-28T11:10:11","date_gmt":"2022-11-28T14:10:11","guid":{"rendered":"https:\/\/upla.cl\/vinculacion\/?p=17234246"},"modified":"2026-04-16T11:27:52","modified_gmt":"2026-04-16T15:27:52","slug":"carolina-goic-presento-su-libro-en-la-upla-ley-nacional-del-cancer-una-historia-de-participacion-ciudadana","status":"publish","type":"post","link":"https:\/\/upla.cl\/vinculacion\/2022\/11\/28\/carolina-goic-presento-su-libro-en-la-upla-ley-nacional-del-cancer-una-historia-de-participacion-ciudadana\/","title":{"rendered":"Carolina Goic present\u00f3 su libro en la UPLA: \u201cLey Nacional del C\u00e1ncer. Una historia de participaci\u00f3n ciudadana\u201d"},"content":{"rendered":"<p>[et_pb_section fb_built=\u00bb1&#8243; fullwidth=\u00bbon\u00bb _builder_version=\u00bb4.27.4&#8243; _module_preset=\u00bbdefault\u00bb global_colors_info=\u00bb{}\u00bb theme_builder_area=\u00bbpost_content\u00bb][et_pb_fullwidth_header title=\u00bbCarolina Goic present\u00f3 su libro en la UPLA: \u201cLey Nacional del C\u00e1ncer. Una historia de participaci\u00f3n ciudadana\u201d\u00bb _builder_version=\u00bb4.27.5&#8243; _module_preset=\u00bbdefault\u00bb title_font=\u00bbLato|700|||||||\u00bb title_font_size=\u00bb50px\u00bb subhead_font=\u00bbLato||||||||\u00bb subhead_font_size=\u00bb30px\u00bb background_image=\u00bbhttps:\/\/upla.cl\/vinculacion\/wp-content\/uploads\/2022\/11\/14-scaled.jpg\u00bb background_blend=\u00bbmultiply\u00bb custom_padding=\u00bb10%||10%||true|false\u00bb hover_enabled=\u00bb0&#8243; title_text_shadow_style=\u00bbpreset5&#8243; subhead_text_shadow_style=\u00bbpreset5&#8243; global_colors_info=\u00bb{}\u00bb theme_builder_area=\u00bbpost_content\u00bb title_text=\u00bbCarolina Goic present\u00f3 su libro en la UPLA: \u201cLey Nacional del C\u00e1ncer. Una historia de participaci\u00f3n ciudadana\u201d\u00bb sticky_enabled=\u00bb0&#8243;][\/et_pb_fullwidth_header][\/et_pb_section][et_pb_section fb_built=\u00bb1&#8243; _builder_version=\u00bb4.27.4&#8243; _module_preset=\u00bbdefault\u00bb custom_margin=\u00bb||||false|false\u00bb custom_padding=\u00bb0px||0px||true|false\u00bb global_colors_info=\u00bb{}\u00bb theme_builder_area=\u00bbpost_content\u00bb][et_pb_row column_structure=\u00bb1_3,2_3&#8243; _builder_version=\u00bb4.27.4&#8243; _module_preset=\u00bbdefault\u00bb width=\u00bb90%\u00bb global_colors_info=\u00bb{}\u00bb theme_builder_area=\u00bbpost_content\u00bb][et_pb_column type=\u00bb1_3&#8243; _builder_version=\u00bb4.27.4&#8243; _module_preset=\u00bbdefault\u00bb global_colors_info=\u00bb{}\u00bb theme_builder_area=\u00bbpost_content\u00bb][et_pb_gallery gallery_ids=\u00bb4334,4338,4337,4336,4344,4335,4340,4371&#8243; fullwidth=\u00bbon\u00bb _builder_version=\u00bb4.27.5&#8243; _module_preset=\u00bbdefault\u00bb hover_enabled=\u00bb0&#8243; global_colors_info=\u00bb{}\u00bb theme_builder_area=\u00bbpost_content\u00bb sticky_enabled=\u00bb0&#8243;][\/et_pb_gallery][\/et_pb_column][et_pb_column type=\u00bb2_3&#8243; _builder_version=\u00bb4.27.4&#8243; _module_preset=\u00bbdefault\u00bb global_colors_info=\u00bb{}\u00bb theme_builder_area=\u00bbpost_content\u00bb][et_pb_text _builder_version=\u00bb4.27.5&#8243; _module_preset=\u00bbdefault\u00bb text_font=\u00bbLato||||||||\u00bb text_font_size=\u00bb16px\u00bb hover_enabled=\u00bb0&#8243; global_colors_info=\u00bb{}\u00bb theme_builder_area=\u00bbpost_content\u00bb sticky_enabled=\u00bb0&#8243;]<\/p>\n<p><b>La presentaci\u00f3n del libro se realiz\u00f3 en el auditorio de la Facultad de Ciencias de la Salud de la Universidad de Playa Ancha donde la ex senadora expuso sobre el car\u00e1cter ciudadano de la ley y la necesidad de acelerar su implementaci\u00f3n.<\/b><\/p>\n<p><span style=\"font-weight: 400;\">\u201cEl C\u00e1ncer es hoy la primera causa de muerte en Chile\u201d sentencia el libro de la ex senadora Carolina Goic,<\/span><a href=\"https:\/\/carolinagoic.cl\/wp-content\/uploads\/2022\/06\/LLC_250422.pdf\" target=\"_blank\" rel=\"noopener\"> <span style=\"font-weight: 400;\">\u201cLey Nacional del C\u00e1ncer. Una historia de participaci\u00f3n ciudadana\u201d<\/span><\/a><span style=\"font-weight: 400;\">, dedicado a todas las personas que participaron en la construcci\u00f3n de la iniciativa y que registra este proceso ciudadano a nivel nacional.<\/span><\/p>\n<p><i><span style=\"font-weight: 400;\">\u201cLa ley nacional del c\u00e1ncer, de la cual nos sentimos muy orgullosos como pa\u00eds, lo que busca es enfrentar la principal causa de muerte en Chile. Todos vivimos una experiencia cercana con c\u00e1ncer: 1 de cada 4 certificados de defunci\u00f3n en nuestro pa\u00eds hoy d\u00eda dicen c\u00e1ncer. Y creemos que, tenemos que difundir esta experiencia virtuosa que nos permite de alguna manera organizarnos, sentarnos todos a la mesa para ver c\u00f3mo aportamos a enfrentar esta enfermedad\u201d, <\/span><\/i><span style=\"font-weight: 400;\">afirm\u00f3 la ex parlamentaria.<\/span><\/p>\n<p><span style=\"font-weight: 400;\">En el libro se relatan los antecedentes y procesos que permitieron la gestaci\u00f3n de la Ley del C\u00e1ncer, como tambi\u00e9n los datos relevantes que permiten entender la importancia de esta legislaci\u00f3n en la lucha contra esta enfermedad y la inequidad con la que viven las y los pacientes oncol\u00f3gicos.<\/span><\/p>\n<p>[\/et_pb_text][\/et_pb_column][\/et_pb_row][et_pb_row _builder_version=\u00bb4.27.5&#8243; _module_preset=\u00bbdefault\u00bb column_structure=\u00bb2_3,1_3&#8243; theme_builder_area=\u00bbpost_content\u00bb width=\u00bb90%\u00bb hover_enabled=\u00bb0&#8243; sticky_enabled=\u00bb0&#8243; custom_padding=\u00bb5px|||||\u00bb][et_pb_column _builder_version=\u00bb4.27.5&#8243; _module_preset=\u00bbdefault\u00bb type=\u00bb2_3&#8243; theme_builder_area=\u00bbpost_content\u00bb][et_pb_text _builder_version=\u00bb4.27.5&#8243; _module_preset=\u00bbdefault\u00bb theme_builder_area=\u00bbpost_content\u00bb text_font_size=\u00bb16px\u00bb hover_enabled=\u00bb0&#8243; sticky_enabled=\u00bb0&#8243;]<\/p>\n<p><b>Implementaci\u00f3n de la ley<\/b><\/p>\n<p><span style=\"font-weight: 400;\">La<\/span><a href=\"https:\/\/www.bcn.cl\/leychile\/navegar?idNorma=1149004\" target=\"_blank\" rel=\"noopener\"> <span style=\"font-weight: 400;\">Ley Nacional del C\u00e1ncer<\/span><\/a><span style=\"font-weight: 400;\"> es una iniciativa impulsada por la ex senadora Carolina Goic, que fue promulgada en 2020 en el gobierno del ex presidente Sebasti\u00e1n Pi\u00f1era. En concreto, la ley busca establecer un marco normativo para la planificaci\u00f3n, desarrollo y ejecuci\u00f3n de pol\u00edticas p\u00fablicas destinadas a prevenir el aumento de la incidencia del c\u00e1ncer, el adecuado tratamiento integral y la recuperaci\u00f3n de las personas diagnosticadas con dicha enfermedad.<\/span><\/p>\n<p><span style=\"font-weight: 400;\">Tras la pandemia, la implementaci\u00f3n de la ley qued\u00f3 en pausa en el congreso, quedando pendiente puntos neur\u00e1lgicos de la legislaci\u00f3n como el Fondo Nacional del C\u00e1ncer y el Registro Nacional del C\u00e1ncer.\u00a0<\/span><\/p>\n<p><span style=\"font-weight: 400;\">\u201cLa ley tiene distintas etapas de implementaci\u00f3n, hay cosas que se han hecho como la creaci\u00f3n de la Comisi\u00f3n Nacional del C\u00e1ncer, sin embargo, hay algo que tiene urgencia, que es la implementaci\u00f3n del registro que es una pieza base para toda la planificaci\u00f3n, para la evaluaci\u00f3n, para hacer seguimiento y que todav\u00eda no se ha hecho\u201d, explic\u00f3 Carolina Goic.<\/span><\/p>\n<p><b>Sobre el C\u00e1ncer en Chile<\/b><\/p>\n<p><b>\u00a0<\/b><span style=\"font-weight: 400;\">En 2019, los tumores (malignos y benignos) fueron las principales causas de muertes en el pa\u00eds, registrando 28.492 fallecimientos asociadas a esta enfermedad, seg\u00fan cifras del<\/span><a href=\"https:\/\/leydelcancer.minsal.cl\/documentos\/Marco-general-del-Plan-Nacional-de-Cancer-2022-2027.pdf\" target=\"_blank\" rel=\"noopener\"> <span style=\"font-weight: 400;\">Plan Nacional de C\u00e1ncer 2022-2027<\/span><\/a><span style=\"font-weight: 400;\">. Actualmente, el c\u00e1ncer sigue estando en primer lugar, volvi\u00e9ndose urgente los avances en esta materia.<\/span><\/p>\n<p><span style=\"font-weight: 400;\">\u201cLa situaci\u00f3n del c\u00e1ncer en la regi\u00f3n y en Chile es dram\u00e1tica la verdad, tenemos una brecha, una lista de espera que es muy grande. Nosotros manejamos una lista de espera en la regi\u00f3n de aproximadamente 400 a 450 pacientes que est\u00e1n en espera de vernos a nosotros, una atenci\u00f3n de un onc\u00f3logo m\u00e9dico y partir un tratamiento sist\u00e9mico\u201d, explic\u00f3 el doctor onc\u00f3logo del Hospital Carlos Van Buren, Daniel Canteros.<\/span><\/p>\n<p><span style=\"font-weight: 400;\">El evento concluy\u00f3 con las palabras de la Seremi de Gobierno de la regi\u00f3n de Valpara\u00edso, Mar\u00eda Fernanda Moraga, qui\u00e9n destac\u00f3 los alcance de esta legislaci\u00f3n: <\/span><i><span style=\"font-weight: 400;\">\u201centender que la salud es un tema de seguridad social que no debe depender de los bolsillos, de cuan grande sea tu billetera, sino que debe ser un derecho consagrado y para eso el estado debe asegurar los mecanismos para avanzar en esa direcci\u00f3n, y as\u00ed tambi\u00e9n lo entiende el libro que hoy d\u00eda vamos a lanzar en la UPLA\u201d.<\/span><\/i><\/p>\n<p><br style=\"font-weight: 400;\" \/><br style=\"font-weight: 400;\" \/><\/p>\n<p>[\/et_pb_text][\/et_pb_column][et_pb_column _builder_version=\u00bb4.27.5&#8243; _module_preset=\u00bbdefault\u00bb type=\u00bb1_3&#8243; theme_builder_area=\u00bbpost_content\u00bb][et_pb_gallery _builder_version=\u00bb4.27.5&#8243; _module_preset=\u00bbdefault\u00bb theme_builder_area=\u00bbpost_content\u00bb fullwidth=\u00bbon\u00bb gallery_ids=\u00bb4368,4365,4367,4369,4370,4317,4318,4322,4357,4358,4362,4364&#8243; hover_enabled=\u00bb0&#8243; sticky_enabled=\u00bb0&#8243;][\/et_pb_gallery][et_pb_video src=\u00bbhttps:\/\/youtu.be\/1npgcvZNkQg\u00bb _builder_version=\u00bb4.27.5&#8243; _module_preset=\u00bbdefault\u00bb theme_builder_area=\u00bbpost_content\u00bb hover_enabled=\u00bb0&#8243; sticky_enabled=\u00bb0&#8243;][\/et_pb_video][\/et_pb_column][\/et_pb_row][\/et_pb_section]<\/p>\n","protected":false},"excerpt":{"rendered":"<p>La presentaci\u00f3n del libro se realiz\u00f3 en el auditorio de la Facultad de Ciencias de la Salud de la Universidad de Playa Ancha donde la ex senadora expuso sobre el [&hellip;]<\/p>\n","protected":false},"author":12,"featured_media":4362,"comment_status":"closed","ping_status":"closed","sticky":false,"template":"","format":"standard","meta":{"_et_pb_use_builder":"on","_et_pb_old_content":"","_et_gb_content_width":"","_price":"","_stock":"","_tribe_ticket_header":"","_tribe_default_ticket_provider":"","_tribe_ticket_capacity":"","_ticket_start_date":"","_ticket_end_date":"","_tribe_ticket_show_description":"","_tribe_ticket_show_not_going":false,"_tribe_ticket_use_global_stock":"","_tribe_ticket_global_stock_level":"","_global_stock_mode":"","_global_stock_cap":"","_tribe_rsvp_for_event":"","_tribe_ticket_going_count":"","_tribe_ticket_not_going_count":"","_tribe_tickets_list":"[]","_tribe_ticket_has_attendee_info_fields":false,"footnotes":""},"categories":[4],"tags":[],"class_list":["post-17234246","post","type-post","status-publish","format-standard","has-post-thumbnail","hentry","category-noticias"],"_links":{"self":[{"href":"https:\/\/upla.cl\/vinculacion\/wp-json\/wp\/v2\/posts\/17234246","targetHints":{"allow":["GET"]}}],"collection":[{"href":"https:\/\/upla.cl\/vinculacion\/wp-json\/wp\/v2\/posts"}],"about":[{"href":"https:\/\/upla.cl\/vinculacion\/wp-json\/wp\/v2\/types\/post"}],"author":[{"embeddable":true,"href":"https:\/\/upla.cl\/vinculacion\/wp-json\/wp\/v2\/users\/12"}],"replies":[{"embeddable":true,"href":"https:\/\/upla.cl\/vinculacion\/wp-json\/wp\/v2\/comments?post=17234246"}],"version-history":[{"count":2,"href":"https:\/\/upla.cl\/vinculacion\/wp-json\/wp\/v2\/posts\/17234246\/revisions"}],"predecessor-version":[{"id":17234281,"href":"https:\/\/upla.cl\/vinculacion\/wp-json\/wp\/v2\/posts\/17234246\/revisions\/17234281"}],"wp:featuredmedia":[{"embeddable":true,"href":"https:\/\/upla.cl\/vinculacion\/wp-json\/wp\/v2\/media\/4362"}],"wp:attachment":[{"href":"https:\/\/upla.cl\/vinculacion\/wp-json\/wp\/v2\/media?parent=17234246"}],"wp:term":[{"taxonomy":"category","embeddable":true,"href":"https:\/\/upla.cl\/vinculacion\/wp-json\/wp\/v2\/categories?post=17234246"},{"taxonomy":"post_tag","embeddable":true,"href":"https:\/\/upla.cl\/vinculacion\/wp-json\/wp\/v2\/tags?post=17234246"}],"curies":[{"name":"wp","href":"https:\/\/api.w.org\/{rel}","templated":true}]}}