{"id":17234507,"date":"2023-08-08T08:40:26","date_gmt":"2023-08-08T12:40:26","guid":{"rendered":"https:\/\/upla.cl\/vinculacion\/?p=17234507"},"modified":"2026-04-21T08:49:23","modified_gmt":"2026-04-21T12:49:23","slug":"proyectos-de-innovacion-social-de-la-upla-se-reunieron-con-agentes-territoriales-para-oficializar-acciones-de-vinculo-con-comunidades-locales","status":"publish","type":"post","link":"https:\/\/upla.cl\/vinculacion\/2023\/08\/08\/proyectos-de-innovacion-social-de-la-upla-se-reunieron-con-agentes-territoriales-para-oficializar-acciones-de-vinculo-con-comunidades-locales\/","title":{"rendered":"Proyectos de innovaci\u00f3n social de la UPLA se reunieron con agentes territoriales para oficializar acciones de v\u00ednculo con comunidades locales"},"content":{"rendered":"<p>[et_pb_section fb_built=\u00bb1&#8243; fullwidth=\u00bbon\u00bb _builder_version=\u00bb4.27.4&#8243; _module_preset=\u00bbdefault\u00bb global_colors_info=\u00bb{}\u00bb][et_pb_fullwidth_header title=\u00bbProyectos de innovaci\u00f3n social de la UPLA se reunieron con agentes territoriales para oficializar acciones de v\u00ednculo con comunidades locales\u00bb _builder_version=\u00bb4.27.5&#8243; _module_preset=\u00bbdefault\u00bb title_font=\u00bbLato|700|||||||\u00bb title_font_size=\u00bb50px\u00bb subhead_font=\u00bbLato||||||||\u00bb subhead_font_size=\u00bb30px\u00bb background_color=\u00bbrgba(0,123,247,0.83)\u00bb background_image=\u00bbhttps:\/\/upla.cl\/vinculacion\/wp-content\/uploads\/2023\/08\/20230803_115009-scaled.jpg\u00bb background_position=\u00bbtop_right\u00bb background_horizontal_offset=\u00bb2%\u00bb background_vertical_offset=\u00bb57%\u00bb background_blend=\u00bbmultiply\u00bb custom_padding=\u00bb10%||10%||true|false\u00bb title_text_shadow_style=\u00bbpreset5&#8243; subhead_text_shadow_style=\u00bbpreset5&#8243; global_colors_info=\u00bb{}\u00bb][\/et_pb_fullwidth_header][\/et_pb_section][et_pb_section fb_built=\u00bb1&#8243; _builder_version=\u00bb4.27.4&#8243; _module_preset=\u00bbdefault\u00bb custom_margin=\u00bb||||false|false\u00bb custom_padding=\u00bb0px||0px||true|false\u00bb global_colors_info=\u00bb{}\u00bb][et_pb_row column_structure=\u00bb1_3,2_3&#8243; _builder_version=\u00bb4.27.4&#8243; _module_preset=\u00bbdefault\u00bb width=\u00bb90%\u00bb global_colors_info=\u00bb{}\u00bb][et_pb_column type=\u00bb1_3&#8243; _builder_version=\u00bb4.27.4&#8243; _module_preset=\u00bbdefault\u00bb global_colors_info=\u00bb{}\u00bb][et_pb_gallery gallery_ids=\u00bb5483,5484,5485,5486&#8243; fullwidth=\u00bbon\u00bb _builder_version=\u00bb4.27.5&#8243; _module_preset=\u00bbdefault\u00bb hover_enabled=\u00bb0&#8243; global_colors_info=\u00bb{}\u00bb sticky_enabled=\u00bb0&#8243;][\/et_pb_gallery][\/et_pb_column][et_pb_column type=\u00bb2_3&#8243; _builder_version=\u00bb4.27.4&#8243; _module_preset=\u00bbdefault\u00bb global_colors_info=\u00bb{}\u00bb][et_pb_text _builder_version=\u00bb4.27.5&#8243; _module_preset=\u00bbdefault\u00bb text_font=\u00bbLato||||||||\u00bb text_font_size=\u00bb16px\u00bb hover_enabled=\u00bb0&#8243; global_colors_info=\u00bb{}\u00bb sticky_enabled=\u00bb0&#8243;]<\/p>\n<h4><strong>La acci\u00f3n convoc\u00f3 a 34 personas para reflexionar sobre el rol de la universidad en los territorios, desde el intercambio de saberes y experiencias.<\/strong><\/h4>\n<p><span style=\"font-weight: 400;\">La Unidad de Innovaci\u00f3n Social (UIS), perteneciente a la Direcci\u00f3n General de Vinculaci\u00f3n con el Medio (DGVM) de la Universidad de Playa Ancha (UPLA), llev\u00f3 a cabo la Jornada de Bienvenida de los proyectos que adjudicaron el Fondo Social CreaLab, en su versi\u00f3n 2023. El prop\u00f3sito de este encuentro fue juntar a los 13 proyectos ganadores del concurso para realizar un trabajo colaborativo en el marco de las significancias del trabajo territorial que comenzar\u00e1n a realizar en distintas comunas y localidades de la regi\u00f3n de Valpara\u00edso.<\/span><\/p>\n<p><span style=\"font-weight: 400;\">La instancia junt\u00f3 a 34 acad\u00e9micos\/as, estudiantes y egresados\/as de la UPLA con agentes territoriales de distintas comunidades, para as\u00ed conocer las necesidades de los territorios y sus habitantes y crear soluciones pertinentes en el desarrollo de las 13 iniciativas que tendr\u00e1 una duraci\u00f3n de 9 meses.<\/span><\/p>\n<p><span style=\"font-weight: 400;\">Adem\u00e1s, la UIS present\u00f3 a las unidades que conforman la Direcci\u00f3n, Unidad de An\u00e1lisis y Registro (UAR), Unidad de Relaciones Institucionales (URI) y Unidad de Coordinaci\u00f3n de Seguimiento al Egresado y la Egresada (UCSE), quienes tambi\u00e9n tendr\u00e1n un rol importante en el desarrollo de los proyectos, consistente en el nexo con ex alumnos\/as, la coordinaci\u00f3n de acciones en el marco de proyectos de colaboraci\u00f3n, y el registro de las acciones en las dos plataformas con las que cuenta la DGVM, Sinte VcM y Simone.<\/span><\/p>\n<p><span style=\"font-weight: 400;\">En tanto, Francisco Figueroa, coordinador de la carrera de Pedagog\u00eda en Historia y Geograf\u00eda del Campus San Felipe, es director del proyecto \u201cCentro de Documentaci\u00f3n del Valle de Aconcagua\u201d, en el que buscan enlazar el trabajo territorial con los procesos formativos de la carrera.<em> \u201cLo interesante de estas iniciativas es que han sido siempre en conjunto con nuestros estudiantes. Es decir, nosotros lo consideramos como una parte fundamental de la formaci\u00f3n de ellos como futuros profesores y actores locales\u201d,<\/em> sostuvo.<\/span><\/p>\n<p><b>Reflexi\u00f3n en grupo<\/b><\/p>\n<p><span style=\"font-weight: 400;\">El equipo de la Unidad de Innovaci\u00f3n Social realiz\u00f3 una actividad rompehielo previo al trabajo en grupo, los que se conformaron al azar para que los y las integrantes de los equipos de proyectos pudiesen conocerse entre s\u00ed y visualizar posibles formas conjuntas de trabajo en los territorios desde la interdisciplinariedad.<\/span><\/p>\n<p><span style=\"font-weight: 400;\">As\u00ed, los equipos tuvieron que crear un relato en el marco de cuatro preguntas movilizadoras para reflexionar sobre el rol que juega la universidad como articulador de experiencias y espacios de intercambio de saberes, en el v\u00ednculo con las comunidades de la sociedad.<\/span><\/p>\n<p><span style=\"font-weight: 400;\">Gabriela Contreras Escudero, coordinadora de la Unidad de Innovaci\u00f3n Social, concluy\u00f3 que <em>\u201cel sentimiento con el que quedamos al finalizar la jornada es el de satisfacci\u00f3n, porque logramos cumplir con los objetivos que nos hab\u00edamos propuesto. El principal era poder generar este espacio de reflexi\u00f3n para los equipos de los proyectos y sus agentes territoriales. Pudimos ver que lograron compartir sus distintas visiones, que tambi\u00e9n son parte de las distintas disciplinas a las que pertenecen las y los acad\u00e9micos, y las y los acad\u00e9micos y egresados de los proyectos, pero tambi\u00e9n las experiencias de sus distintos agentes territoriales\u201d.<\/em><\/span><\/p>\n<p>[\/et_pb_text][\/et_pb_column][\/et_pb_row][\/et_pb_section]<\/p>\n","protected":false},"excerpt":{"rendered":"<p>La acci\u00f3n convoc\u00f3 a 34 personas para reflexionar sobre el rol de la universidad en los territorios, desde el intercambio de saberes y experiencias. La Unidad de Innovaci\u00f3n Social (UIS), [&hellip;]<\/p>\n","protected":false},"author":12,"featured_media":5486,"comment_status":"closed","ping_status":"closed","sticky":false,"template":"","format":"standard","meta":{"_et_pb_use_builder":"on","_et_pb_old_content":"","_et_gb_content_width":"","_price":"","_stock":"","_tribe_ticket_header":"","_tribe_default_ticket_provider":"","_tribe_ticket_capacity":"","_ticket_start_date":"","_ticket_end_date":"","_tribe_ticket_show_description":"","_tribe_ticket_show_not_going":false,"_tribe_ticket_use_global_stock":"","_tribe_ticket_global_stock_level":"","_global_stock_mode":"","_global_stock_cap":"","_tribe_rsvp_for_event":"","_tribe_ticket_going_count":"","_tribe_ticket_not_going_count":"","_tribe_tickets_list":"[]","_tribe_ticket_has_attendee_info_fields":false,"footnotes":""},"categories":[4,52,174],"tags":[245],"class_list":["post-17234507","post","type-post","status-publish","format-standard","has-post-thumbnail","hentry","category-noticias","category-proyectos-scl-2023","category-unidad-de-vinculacion-academica-y-desarrollo-territorial","tag-proyectos-social-crealab-2023"],"_links":{"self":[{"href":"https:\/\/upla.cl\/vinculacion\/wp-json\/wp\/v2\/posts\/17234507","targetHints":{"allow":["GET"]}}],"collection":[{"href":"https:\/\/upla.cl\/vinculacion\/wp-json\/wp\/v2\/posts"}],"about":[{"href":"https:\/\/upla.cl\/vinculacion\/wp-json\/wp\/v2\/types\/post"}],"author":[{"embeddable":true,"href":"https:\/\/upla.cl\/vinculacion\/wp-json\/wp\/v2\/users\/12"}],"replies":[{"embeddable":true,"href":"https:\/\/upla.cl\/vinculacion\/wp-json\/wp\/v2\/comments?post=17234507"}],"version-history":[{"count":3,"href":"https:\/\/upla.cl\/vinculacion\/wp-json\/wp\/v2\/posts\/17234507\/revisions"}],"predecessor-version":[{"id":17234512,"href":"https:\/\/upla.cl\/vinculacion\/wp-json\/wp\/v2\/posts\/17234507\/revisions\/17234512"}],"wp:featuredmedia":[{"embeddable":true,"href":"https:\/\/upla.cl\/vinculacion\/wp-json\/wp\/v2\/media\/5486"}],"wp:attachment":[{"href":"https:\/\/upla.cl\/vinculacion\/wp-json\/wp\/v2\/media?parent=17234507"}],"wp:term":[{"taxonomy":"category","embeddable":true,"href":"https:\/\/upla.cl\/vinculacion\/wp-json\/wp\/v2\/categories?post=17234507"},{"taxonomy":"post_tag","embeddable":true,"href":"https:\/\/upla.cl\/vinculacion\/wp-json\/wp\/v2\/tags?post=17234507"}],"curies":[{"name":"wp","href":"https:\/\/api.w.org\/{rel}","templated":true}]}}