{"id":17234529,"date":"2024-12-11T08:45:04","date_gmt":"2024-12-11T11:45:04","guid":{"rendered":"https:\/\/upla.cl\/vinculacion\/?p=17234529"},"modified":"2026-04-23T08:56:50","modified_gmt":"2026-04-23T12:56:50","slug":"upla-y-confusam-v-region-firmaron-convenio-de-colaboracion","status":"publish","type":"post","link":"https:\/\/upla.cl\/vinculacion\/2024\/12\/11\/upla-y-confusam-v-region-firmaron-convenio-de-colaboracion\/","title":{"rendered":"UPLA y CONFUSAM V Regi\u00f3n firmaron convenio de colaboraci\u00f3n"},"content":{"rendered":"<p>[et_pb_section fb_built=\u00bb1&#8243; fullwidth=\u00bbon\u00bb _builder_version=\u00bb4.27.4&#8243; _module_preset=\u00bbdefault\u00bb global_colors_info=\u00bb{}\u00bb theme_builder_area=\u00bbpost_content\u00bb][et_pb_fullwidth_header title=\u00bbUPLA y CONFUSAM V Regi\u00f3n firmaron convenio de colaboraci\u00f3n\u00bb _builder_version=\u00bb4.27.5&#8243; _module_preset=\u00bbdefault\u00bb title_font=\u00bbLato|700|||||||\u00bb title_font_size=\u00bb50px\u00bb subhead_font=\u00bbLato||||||||\u00bb subhead_font_size=\u00bb30px\u00bb background_image=\u00bbhttps:\/\/upla.cl\/vinculacion\/wp-content\/uploads\/2024\/12\/Firma-1.jpg\u00bb background_blend=\u00bbmultiply\u00bb custom_padding=\u00bb10%||10%||true|false\u00bb hover_enabled=\u00bb0&#8243; title_text_shadow_style=\u00bbpreset5&#8243; subhead_text_shadow_style=\u00bbpreset5&#8243; global_colors_info=\u00bb{}\u00bb theme_builder_area=\u00bbpost_content\u00bb title_text=\u00bbFirma convenio UPLA y CONFUSAM\u00bb background_position=\u00bbtop_right\u00bb background_vertical_offset=\u00bb13%\u00bb sticky_enabled=\u00bb0&#8243;][\/et_pb_fullwidth_header][\/et_pb_section][et_pb_section fb_built=\u00bb1&#8243; _builder_version=\u00bb4.27.4&#8243; _module_preset=\u00bbdefault\u00bb custom_margin=\u00bb||||false|false\u00bb custom_padding=\u00bb0px||0px||true|false\u00bb global_colors_info=\u00bb{}\u00bb theme_builder_area=\u00bbpost_content\u00bb][et_pb_row column_structure=\u00bb1_3,2_3&#8243; _builder_version=\u00bb4.27.4&#8243; _module_preset=\u00bbdefault\u00bb width=\u00bb90%\u00bb global_colors_info=\u00bb{}\u00bb theme_builder_area=\u00bbpost_content\u00bb][et_pb_column type=\u00bb1_3&#8243; _builder_version=\u00bb4.27.4&#8243; _module_preset=\u00bbdefault\u00bb global_colors_info=\u00bb{}\u00bb theme_builder_area=\u00bbpost_content\u00bb][et_pb_gallery gallery_ids=\u00bb8037,8036&#8243; fullwidth=\u00bbon\u00bb _builder_version=\u00bb4.27.5&#8243; _module_preset=\u00bbdefault\u00bb hover_enabled=\u00bb0&#8243; global_colors_info=\u00bb{}\u00bb theme_builder_area=\u00bbpost_content\u00bb sticky_enabled=\u00bb0&#8243;][\/et_pb_gallery][\/et_pb_column][et_pb_column type=\u00bb2_3&#8243; _builder_version=\u00bb4.27.4&#8243; _module_preset=\u00bbdefault\u00bb global_colors_info=\u00bb{}\u00bb theme_builder_area=\u00bbpost_content\u00bb][et_pb_text _builder_version=\u00bb4.27.5&#8243; _module_preset=\u00bbdefault\u00bb text_font=\u00bbLato||||||||\u00bb text_font_size=\u00bb16px\u00bb hover_enabled=\u00bb0&#8243; global_colors_info=\u00bb{}\u00bb theme_builder_area=\u00bbpost_content\u00bb sticky_enabled=\u00bb0&#8243;]<\/p>\n<h4><b>El acuerdo busca impulsar tareas y objetivos tendientes a fortalecer mutuamente a ambas instituciones.<\/b><\/h4>\n<p><span style=\"font-weight: 400;\">En la Sala Luis Carre\u00f1o de la Universidad de Playa Ancha en Valpara\u00edso se celebr\u00f3 la firma de un convenio de colaboraci\u00f3n entre la <\/span><b>UPLA<\/b><span style=\"font-weight: 400;\"> y la <\/span><b>Confederaci\u00f3n Nacional de Funcionarios y Funcionarias de la Salud Municipal (CONFUSAM) V Regi\u00f3n.<\/b><\/p>\n<p><span style=\"font-weight: 400;\">Acompa\u00f1ados por la <\/span><b>Unidad de Relaciones Institucionales (URI) de la Direcci\u00f3n General de Vinculaci\u00f3n con el Medio (DGVM)<\/b><span style=\"font-weight: 400;\">, el <\/span><b>rector de la Universidad, Carlos Gonz\u00e1lez Morales<\/b><span style=\"font-weight: 400;\">, y el <\/span><b>presidente de la CONFUSAM V Regi\u00f3n, Fabricio Gonz\u00e1lez Berr\u00edos<\/b><span style=\"font-weight: 400;\">, fueron los responsables de concretar este anhelado acuerdo a trav\u00e9s del cual se busca impulsar tareas y objetivos tendientes a fortalecer mutuamente a ambas instituciones.<\/span><\/p>\n<p><span style=\"font-weight: 400;\">Para ello, se consideran acciones como vinculaci\u00f3n acad\u00e9mica a trav\u00e9s de investigaciones, pr\u00e1cticas profesionales, asistencia t\u00e9cnica, charlas, talleres, seminarios y comunicaci\u00f3n estrat\u00e9gica, entre otras, con \u00e9nfasis en disciplinas de las ciencias sociales, de la educaci\u00f3n, naturales y exactas, art\u00edsticas y del \u00e1rea de la salud.<\/span><\/p>\n<p><span style=\"font-weight: 400;\">Al respecto, el <\/span><b>rector Carlos Gonz\u00e1lez<\/b><span style=\"font-weight: 400;\"> destac\u00f3 que <em>\u201ccon la CONFUSAM hemos tenido una relaci\u00f3n armoniosa desde el momento en que asumimos esta gobernanza, donde hemos desarrollado actividades colectivas y conjuntas, trabajando por ejemplo en algunos desaf\u00edos prioritarios que ellos ten\u00edan -como es la comunicaci\u00f3n efectiva, donde hicimos un curso muy integrado en nuestra Universidad-, y vamos a seguir avanzando en esa l\u00ednea\u201d.<\/em><\/span><\/p>\n<p><span style=\"font-weight: 400;\">Por su parte, <\/span><b>Fabricio Gonz\u00e1lez Berr\u00edos, presidente de la CONFUSAM V Regi\u00f3n<\/b><span style=\"font-weight: 400;\">, se\u00f1al\u00f3 que <em>\u201cestamos muy contentos por firmar este convenio de colaboraci\u00f3n con la UPLA, puesto que esto favorece a ambas organizaciones\u201d.<\/em><\/span><\/p>\n<p><span style=\"font-weight: 400;\">En ese sentido, el dirigente, quien tambi\u00e9n es <\/span><b>representante legal de la FERFUSAM (Federaci\u00f3n Regional de Funcionarios Municipales de Salud) V Regi\u00f3n<\/b><span style=\"font-weight: 400;\">, enfatiz\u00f3 en que <em>\u201cvamos a poder integrar nuestro rol sindical y dirigencial en la Universidad, y vamos a tener posibilidades de atraer nuevas ideas de capacitaci\u00f3n a los centros de salud, para que las funcionarias y funcionarios que son de la salud primaria puedan tambi\u00e9n acceder de forma m\u00e1s expedita a la Universidad, a trav\u00e9s de cursos y diplomados, entre otras iniciativas\u201d.<\/em><\/span><\/p>\n<p>[\/et_pb_text][\/et_pb_column][\/et_pb_row][\/et_pb_section]<\/p>\n","protected":false},"excerpt":{"rendered":"<p>El acuerdo busca impulsar tareas y objetivos tendientes a fortalecer mutuamente a ambas instituciones. En la Sala Luis Carre\u00f1o de la Universidad de Playa Ancha en Valpara\u00edso se celebr\u00f3 la [&hellip;]<\/p>\n","protected":false},"author":12,"featured_media":8036,"comment_status":"closed","ping_status":"closed","sticky":false,"template":"","format":"standard","meta":{"_et_pb_use_builder":"on","_et_pb_old_content":"","_et_gb_content_width":"","_price":"","_stock":"","_tribe_ticket_header":"","_tribe_default_ticket_provider":"","_tribe_ticket_capacity":"","_ticket_start_date":"","_ticket_end_date":"","_tribe_ticket_show_description":"","_tribe_ticket_show_not_going":false,"_tribe_ticket_use_global_stock":"","_tribe_ticket_global_stock_level":"","_global_stock_mode":"","_global_stock_cap":"","_tribe_rsvp_for_event":"","_tribe_ticket_going_count":"","_tribe_ticket_not_going_count":"","_tribe_tickets_list":"[]","_tribe_ticket_has_attendee_info_fields":false,"footnotes":""},"categories":[4,181],"tags":[110,182],"class_list":["post-17234529","post","type-post","status-publish","format-standard","has-post-thumbnail","hentry","category-noticias","category-unidad-de-relaciones-institucionales-y-extension-universitaria","tag-convenios","tag-urie"],"_links":{"self":[{"href":"https:\/\/upla.cl\/vinculacion\/wp-json\/wp\/v2\/posts\/17234529","targetHints":{"allow":["GET"]}}],"collection":[{"href":"https:\/\/upla.cl\/vinculacion\/wp-json\/wp\/v2\/posts"}],"about":[{"href":"https:\/\/upla.cl\/vinculacion\/wp-json\/wp\/v2\/types\/post"}],"author":[{"embeddable":true,"href":"https:\/\/upla.cl\/vinculacion\/wp-json\/wp\/v2\/users\/12"}],"replies":[{"embeddable":true,"href":"https:\/\/upla.cl\/vinculacion\/wp-json\/wp\/v2\/comments?post=17234529"}],"version-history":[{"count":2,"href":"https:\/\/upla.cl\/vinculacion\/wp-json\/wp\/v2\/posts\/17234529\/revisions"}],"predecessor-version":[{"id":17234532,"href":"https:\/\/upla.cl\/vinculacion\/wp-json\/wp\/v2\/posts\/17234529\/revisions\/17234532"}],"wp:featuredmedia":[{"embeddable":true,"href":"https:\/\/upla.cl\/vinculacion\/wp-json\/wp\/v2\/media\/8036"}],"wp:attachment":[{"href":"https:\/\/upla.cl\/vinculacion\/wp-json\/wp\/v2\/media?parent=17234529"}],"wp:term":[{"taxonomy":"category","embeddable":true,"href":"https:\/\/upla.cl\/vinculacion\/wp-json\/wp\/v2\/categories?post=17234529"},{"taxonomy":"post_tag","embeddable":true,"href":"https:\/\/upla.cl\/vinculacion\/wp-json\/wp\/v2\/tags?post=17234529"}],"curies":[{"name":"wp","href":"https:\/\/api.w.org\/{rel}","templated":true}]}}