{"id":17234541,"date":"2024-12-10T12:45:15","date_gmt":"2024-12-10T15:45:15","guid":{"rendered":"https:\/\/upla.cl\/vinculacion\/?p=17234541"},"modified":"2026-04-28T13:19:22","modified_gmt":"2026-04-28T17:19:22","slug":"equipo-de-direccion-de-vinculacion-con-el-medio-conocio-resultados-de-asesoria-tecnica-desarrollada-en-facultades-upla","status":"publish","type":"post","link":"https:\/\/upla.cl\/vinculacion\/2024\/12\/10\/equipo-de-direccion-de-vinculacion-con-el-medio-conocio-resultados-de-asesoria-tecnica-desarrollada-en-facultades-upla\/","title":{"rendered":"Equipo de Direcci\u00f3n de Vinculaci\u00f3n con el Medio conoci\u00f3 resultados de asesor\u00eda t\u00e9cnica desarrollada en facultades UPLA"},"content":{"rendered":"<p>[et_pb_section fb_built=\u00bb1&#8243; fullwidth=\u00bbon\u00bb _builder_version=\u00bb4.27.4&#8243; _module_preset=\u00bbdefault\u00bb global_colors_info=\u00bb{}\u00bb][et_pb_fullwidth_header title=\u00bbEquipo de Direcci\u00f3n de Vinculaci\u00f3n con el Medio conoci\u00f3 resultados de asesor\u00eda t\u00e9cnica desarrollada en facultades UPLA\u00bb _builder_version=\u00bb4.27.5&#8243; _module_preset=\u00bbdefault\u00bb title_font=\u00bbLato|700|||||||\u00bb title_font_size=\u00bb50px\u00bb subhead_font=\u00bbLato||||||||\u00bb subhead_font_size=\u00bb30px\u00bb background_image=\u00bbhttps:\/\/upla.cl\/vinculacion\/wp-content\/uploads\/2024\/12\/OB-1.jpg\u00bb background_blend=\u00bbmultiply\u00bb custom_padding=\u00bb10%||10%||true|false\u00bb title_text_shadow_style=\u00bbpreset5&#8243; subhead_text_shadow_style=\u00bbpreset5&#8243; global_colors_info=\u00bb{}\u00bb][\/et_pb_fullwidth_header][\/et_pb_section][et_pb_section fb_built=\u00bb1&#8243; _builder_version=\u00bb4.27.4&#8243; _module_preset=\u00bbdefault\u00bb custom_margin=\u00bb||||false|false\u00bb custom_padding=\u00bb0px||0px||true|false\u00bb global_colors_info=\u00bb{}\u00bb][et_pb_row column_structure=\u00bb1_3,2_3&#8243; _builder_version=\u00bb4.27.4&#8243; _module_preset=\u00bbdefault\u00bb width=\u00bb90%\u00bb global_colors_info=\u00bb{}\u00bb][et_pb_column type=\u00bb1_3&#8243; _builder_version=\u00bb4.27.4&#8243; _module_preset=\u00bbdefault\u00bb global_colors_info=\u00bb{}\u00bb][et_pb_gallery gallery_ids=\u00bb7985,7984,7980,7987&#8243; fullwidth=\u00bbon\u00bb _builder_version=\u00bb4.27.5&#8243; _module_preset=\u00bbdefault\u00bb global_colors_info=\u00bb{}\u00bb][\/et_pb_gallery][\/et_pb_column][et_pb_column type=\u00bb2_3&#8243; _builder_version=\u00bb4.27.4&#8243; _module_preset=\u00bbdefault\u00bb global_colors_info=\u00bb{}\u00bb][et_pb_text _builder_version=\u00bb4.27.5&#8243; _module_preset=\u00bbdefault\u00bb text_font=\u00bbLato||||||||\u00bb text_font_size=\u00bb16px\u00bb global_colors_info=\u00bb{}\u00bb]<\/p>\n<h4><b>Durante 8 meses, el experto en VcM, Osvaldo Bernales, se reuni\u00f3 con acad\u00e9micos y acad\u00e9micas para abordar la identificaci\u00f3n de agentes territoriales y tem\u00e1ticas clave en la vinculaci\u00f3n con el medio de la Universidad.<\/b><\/h4>\n<p>Con la bienvenida del <b>rector Carlos Gonz\u00e1lez Morales<\/b> y de la <b>prorrectora Catalina Rojas Mart\u00ednez<\/b>, en el Sal\u00f3n Pac\u00edfico de la UPLA en Valpara\u00edso se llev\u00f3 a cabo la jornada en donde el equipo de la <b>Direcci\u00f3n General de Vinculaci\u00f3n con el Medio (DGVM)<\/b> conoci\u00f3 los resultados obtenidos en la <b>\u201cAsesor\u00eda para la identificaci\u00f3n de agentes territoriales y tem\u00e1ticas clave en la vinculaci\u00f3n con el medio de la Universidad de Playa Ancha\u201d<\/b>, realizada por el <b>experto en gesti\u00f3n de la VcM y sistemas de relacionamiento comunitario, el profesor Osvaldo Bernales Rivas.<\/b><\/p>\n<p>Cabe mencionar que la asesor\u00eda de Bernales se lleva a cabo como parte de la ejecuci\u00f3n del Fondo de Fortalecimiento de Universidades Estatales (2021), que en este caso tiene como objetivo una modernizaci\u00f3n y aseguramiento de la calidad de procesos y resultados de la UPLA (UPA 21991<\/p>\n<p>[\/et_pb_text][\/et_pb_column][\/et_pb_row][et_pb_row column_structure=\u00bb3_5,2_5&#8243; _builder_version=\u00bb4.27.5&#8243; _module_preset=\u00bbdefault\u00bb width=\u00bb90%\u00bb global_colors_info=\u00bb{}\u00bb custom_padding=\u00bb0px|||||\u00bb][et_pb_column type=\u00bb3_5&#8243; _builder_version=\u00bb4.27.5&#8243; _module_preset=\u00bbdefault\u00bb global_colors_info=\u00bb{}\u00bb][et_pb_text _builder_version=\u00bb4.27.5&#8243; _module_preset=\u00bbdefault\u00bb text_font_size=\u00bb16px\u00bb global_colors_info=\u00bb{}\u00bb]<\/p>\n<p>Como facilitador de este proceso, entre los meses de marzo y octubre de este a\u00f1o el profesor Bernales realiz\u00f3 una serie de talleres con acad\u00e9micos y acad\u00e9micas en cada una de las facultades de la Universidad en Valpara\u00edso y en el campus San Felipe, donde se levant\u00f3 informaci\u00f3n centrada en la identificaci\u00f3n de actores territoriales y tem\u00e1ticas disciplinares relevantes para cada una de estas unidades de la casa de estudios.<\/p>\n<p>Tras ello, el experto elabor\u00f3 un informe dividido en cuatro portafolios, cuyas tem\u00e1ticas abordan lo siguiente: el alineamiento estrat\u00e9gico de la Pol\u00edtica de Vinculaci\u00f3n con el Medio de la UPLA con los tres instrumentos institucionales vigentes (Plan Estrat\u00e9gico, Modelo Educativo y Pol\u00edtica de Calidad); el Sistema de Relacionamiento Territorial (SRT) de la Universidad, y la identificaci\u00f3n de Actores Territoriales Relevantes (ATR) y Tem\u00e1ticas Disciplinares Relevantes (TDR); el rol de las unidades de la DGVM; y el buen uso de la informaci\u00f3n a partir del trabajo de registro y de indicadores de gesti\u00f3n.<\/p>\n<p>En ese sentido, <b>Osvaldo Bernales<\/b> explic\u00f3 que <em>\u201cuna asistencia t\u00e9cnica de esta naturaleza, que tiene que ver con identificar actores territoriales y tem\u00e1ticas disciplinares relevantes, desde la perspectiva y el trabajo de las facultades, subraya la importancia de quienes tienen que facilitar e intermediar este proceso, ser un puente entre lo que hacen las facultades y las necesidades que hay en el territorio de la Regi\u00f3n de Valpara\u00edso. Y eso tiene que ver con la Direcci\u00f3n General de Vinculaci\u00f3n con el Medio de la UPLA y todas sus unidades. Entonces, creo que el trabajo de hoy fue fruct\u00edfero, en el sentido de que hicimos una bajada de los principales resultados de los cuatro portafolios, del alineamiento estrat\u00e9gico, de la coordinaci\u00f3n, de los roles y de la necesidad de mirar esto con una perspectiva de aseguramiento de la calidad, pero sobre todo relevar la importancia que tiene el compromiso que asume la Universidad de Playa Ancha con la comunidad regional\u201d.<\/em><\/p>\n<p>La metodolog\u00eda implementada en la jornada en que la DGVM conoci\u00f3 los resultados de la asesor\u00eda llevada a cabo por Bernales, incluy\u00f3 la realizaci\u00f3n de mesas de trabajo por unidad, donde sus integrantes, a partir del diagn\u00f3stico obtenido en los encuentros del experto con las facultades de la Universidad, debieron proponer acciones a implementar en la agenda de vinculaci\u00f3n con el medio para el a\u00f1o 2025.<\/p>\n<p><b>\u201cESTE ESPACIO DE TRABAJO PERMITI\u00d3 FORTALECER LA CONEXI\u00d3N ENTRE LAS UNIDADES\u201d<\/b><\/p>\n<p>Al respecto, la <b>directora de la Direcci\u00f3n General de Vinculaci\u00f3n con el Medio, Fabiola Vilugr\u00f3n Aravena<\/b>, destac\u00f3 que<em> \u201ceste espacio de trabajo y reflexi\u00f3n del equipo DGVM permiti\u00f3 fortalecer la conexi\u00f3n entre las diferentes unidades, relevar las funciones de cada coordinaci\u00f3n para el logro de los prop\u00f3sitos institucionales en VcM y repensar la relaci\u00f3n con los actores para responder a las necesidades del territorio, as\u00ed como a la sostenibilidad de las iniciativas\u201d.<\/em><\/p>\n<p>En esa misma l\u00ednea, el <b>profesor Bernales<\/b> a\u00f1adi\u00f3 que <em>\u201ccreo que hoy dimos un paso concreto, porque desde el diagn\u00f3stico que recogimos en cada una de las facultades en los cuatro temas, era necesario que desde la Direcci\u00f3n de Vinculaci\u00f3n con el Medio -cruzado con la Pol\u00edtica Institucional de Vinculaci\u00f3n con el Medio y con los planes operativos- pudi\u00e9semos identificar acciones concretas para mejorar lo que se\u00f1alaron las facultades, en el sentido de ir consolidando una agenda de acciones para el 2025 que nos permita tener evidencias de que vamos en el camino correcto\u201d.<\/em><\/p>\n<p>Lo anterior -como complement\u00f3 el experto-<em> \u201ctiene que ver con mayor dotaci\u00f3n de actividades de car\u00e1cter bidireccional, sin perder de vista la importancia del prop\u00f3sito que tienen estas actividades, pero sobre todo con la capacidad que tiene hoy el equipo de la Direcci\u00f3n y las unidades que est\u00e1n liderando procesos claves, porque creo que tienen todas las herramientas para poder avanzar en el fortalecimiento del \u00e1rea\u201d.<\/em><\/p>\n<p>[\/et_pb_text][\/et_pb_column][et_pb_column type=\u00bb2_5&#8243; _builder_version=\u00bb4.27.5&#8243; _module_preset=\u00bbdefault\u00bb global_colors_info=\u00bb{}\u00bb][et_pb_gallery _builder_version=\u00bb4.27.5&#8243; _module_preset=\u00bbdefault\u00bb fullwidth=\u00bbon\u00bb gallery_ids=\u00bb7989,7991,7992,7993&#8243; hover_enabled=\u00bb0&#8243; sticky_enabled=\u00bb0&#8243;][\/et_pb_gallery][\/et_pb_column][\/et_pb_row][\/et_pb_section]<\/p>\n","protected":false},"excerpt":{"rendered":"<p>Durante 8 meses, el experto en VcM, Osvaldo Bernales, se reuni\u00f3 con acad\u00e9micos y acad\u00e9micas para abordar la identificaci\u00f3n de agentes territoriales y tem\u00e1ticas clave en la vinculaci\u00f3n con el [&hellip;]<\/p>\n","protected":false},"author":12,"featured_media":7989,"comment_status":"closed","ping_status":"closed","sticky":false,"template":"","format":"standard","meta":{"_et_pb_use_builder":"on","_et_pb_old_content":"","_et_gb_content_width":"","_price":"","_stock":"","_tribe_ticket_header":"","_tribe_default_ticket_provider":"","_tribe_ticket_capacity":"","_ticket_start_date":"","_ticket_end_date":"","_tribe_ticket_show_description":"","_tribe_ticket_show_not_going":false,"_tribe_ticket_use_global_stock":"","_tribe_ticket_global_stock_level":"","_global_stock_mode":"","_global_stock_cap":"","_tribe_rsvp_for_event":"","_tribe_ticket_going_count":"","_tribe_ticket_not_going_count":"","_tribe_tickets_list":"[]","_tribe_ticket_has_attendee_info_fields":false,"footnotes":""},"categories":[4],"tags":[],"class_list":["post-17234541","post","type-post","status-publish","format-standard","has-post-thumbnail","hentry","category-noticias"],"_links":{"self":[{"href":"https:\/\/upla.cl\/vinculacion\/wp-json\/wp\/v2\/posts\/17234541","targetHints":{"allow":["GET"]}}],"collection":[{"href":"https:\/\/upla.cl\/vinculacion\/wp-json\/wp\/v2\/posts"}],"about":[{"href":"https:\/\/upla.cl\/vinculacion\/wp-json\/wp\/v2\/types\/post"}],"author":[{"embeddable":true,"href":"https:\/\/upla.cl\/vinculacion\/wp-json\/wp\/v2\/users\/12"}],"replies":[{"embeddable":true,"href":"https:\/\/upla.cl\/vinculacion\/wp-json\/wp\/v2\/comments?post=17234541"}],"version-history":[{"count":7,"href":"https:\/\/upla.cl\/vinculacion\/wp-json\/wp\/v2\/posts\/17234541\/revisions"}],"predecessor-version":[{"id":17234606,"href":"https:\/\/upla.cl\/vinculacion\/wp-json\/wp\/v2\/posts\/17234541\/revisions\/17234606"}],"wp:featuredmedia":[{"embeddable":true,"href":"https:\/\/upla.cl\/vinculacion\/wp-json\/wp\/v2\/media\/7989"}],"wp:attachment":[{"href":"https:\/\/upla.cl\/vinculacion\/wp-json\/wp\/v2\/media?parent=17234541"}],"wp:term":[{"taxonomy":"category","embeddable":true,"href":"https:\/\/upla.cl\/vinculacion\/wp-json\/wp\/v2\/categories?post=17234541"},{"taxonomy":"post_tag","embeddable":true,"href":"https:\/\/upla.cl\/vinculacion\/wp-json\/wp\/v2\/tags?post=17234541"}],"curies":[{"name":"wp","href":"https:\/\/api.w.org\/{rel}","templated":true}]}}