{"id":17234607,"date":"2024-12-08T15:53:48","date_gmt":"2024-12-08T18:53:48","guid":{"rendered":"https:\/\/upla.cl\/vinculacion\/?p=17234607"},"modified":"2026-04-28T16:13:23","modified_gmt":"2026-04-28T20:13:23","slug":"proyecto-upa-2393-cerro-exitosamente-el-ciclo-de-talleres-de-fortalecimiento-de-identidad-en-la-escuela-marcela-paz-de-vina-del-mar","status":"publish","type":"post","link":"https:\/\/upla.cl\/vinculacion\/2024\/12\/08\/proyecto-upa-2393-cerro-exitosamente-el-ciclo-de-talleres-de-fortalecimiento-de-identidad-en-la-escuela-marcela-paz-de-vina-del-mar\/","title":{"rendered":"Proyecto UPA 2393 cerr\u00f3 exitosamente el ciclo de talleres de fortalecimiento de identidad en la Escuela Marcela Paz de Vi\u00f1a del Mar"},"content":{"rendered":"<p>[et_pb_section fb_built=\u00bb1&#8243; fullwidth=\u00bbon\u00bb _builder_version=\u00bb4.27.4&#8243; _module_preset=\u00bbdefault\u00bb global_colors_info=\u00bb{}\u00bb theme_builder_area=\u00bbpost_content\u00bb][et_pb_fullwidth_header title=\u00bbProyecto UPA 2393 cerr\u00f3 exitosamente el ciclo de talleres de fortalecimiento de identidad en la Escuela Marcela Paz de Vi\u00f1a del Mar\u00bb _builder_version=\u00bb4.27.5&#8243; _module_preset=\u00bbdefault\u00bb title_font=\u00bbLato|700|||||||\u00bb title_font_size=\u00bb50px\u00bb subhead_font=\u00bbLato||||||||\u00bb subhead_font_size=\u00bb30px\u00bb background_image=\u00bbhttps:\/\/upla.cl\/vinculacion\/wp-content\/uploads\/2025\/03\/foto-3-2393.png\u00bb background_blend=\u00bbmultiply\u00bb custom_padding=\u00bb10%||10%||true|false\u00bb hover_enabled=\u00bb0&#8243; title_text_shadow_style=\u00bbpreset5&#8243; subhead_text_shadow_style=\u00bbpreset5&#8243; global_colors_info=\u00bb{}\u00bb theme_builder_area=\u00bbpost_content\u00bb title_text=\u00bbProyecto UPA 2393 cerr\u00f3 exitosamente el ciclo de talleres de fortalecimiento de identidad en la Escuela Marcela Paz de Vi\u00f1a del Mar\u00bb background_color=\u00bb#0083ff\u00bb sticky_enabled=\u00bb0&#8243;][\/et_pb_fullwidth_header][\/et_pb_section][et_pb_section fb_built=\u00bb1&#8243; _builder_version=\u00bb4.27.4&#8243; _module_preset=\u00bbdefault\u00bb custom_margin=\u00bb||||false|false\u00bb custom_padding=\u00bb0px||0px||true|false\u00bb global_colors_info=\u00bb{}\u00bb theme_builder_area=\u00bbpost_content\u00bb][et_pb_row column_structure=\u00bb1_3,2_3&#8243; _builder_version=\u00bb4.27.4&#8243; _module_preset=\u00bbdefault\u00bb width=\u00bb90%\u00bb global_colors_info=\u00bb{}\u00bb theme_builder_area=\u00bbpost_content\u00bb][et_pb_column type=\u00bb1_3&#8243; _builder_version=\u00bb4.27.4&#8243; _module_preset=\u00bbdefault\u00bb global_colors_info=\u00bb{}\u00bb theme_builder_area=\u00bbpost_content\u00bb][et_pb_gallery gallery_ids=\u00bb8528,8529&#8243; fullwidth=\u00bbon\u00bb _builder_version=\u00bb4.27.5&#8243; _module_preset=\u00bbdefault\u00bb hover_enabled=\u00bb0&#8243; global_colors_info=\u00bb{}\u00bb theme_builder_area=\u00bbpost_content\u00bb sticky_enabled=\u00bb0&#8243;][\/et_pb_gallery][\/et_pb_column][et_pb_column type=\u00bb2_3&#8243; _builder_version=\u00bb4.27.4&#8243; _module_preset=\u00bbdefault\u00bb global_colors_info=\u00bb{}\u00bb theme_builder_area=\u00bbpost_content\u00bb][et_pb_text _builder_version=\u00bb4.27.5&#8243; _module_preset=\u00bbdefault\u00bb text_font=\u00bbLato||||||||\u00bb text_font_size=\u00bb16px\u00bb hover_enabled=\u00bb0&#8243; global_colors_info=\u00bb{}\u00bb theme_builder_area=\u00bbpost_content\u00bb sticky_enabled=\u00bb0&#8243;]<\/p>\n<p>El viernes 06 de diciembre, en la Escuela Marcela Paz de Vi\u00f1a del Mar, se llev\u00f3 a cabo el cierre del ciclo de talleres de fortalecimiento de la Identidad de estudiantes de sexto a\u00f1o b\u00e1sico con su escuela, en el marco del proyecto ADAIN 2393 \u201c<b><i>Contribuci\u00f3n al bienestar emocional de ni\u00f1os, ni\u00f1as y adolescentes de escuelas, colegios y liceos de las comunas de Valpara\u00edso, Quilpu\u00e9, Vi\u00f1a del Mar y Casablanca, a trav\u00e9s de la implementaci\u00f3n de un plan de extensi\u00f3n de arte, cultura y patrimonio<\/i><\/b><i>\u201d.<\/i><\/p>\n<p>A partir de un diagn\u00f3stico previo, desde donde se desprende la necesidad de llevar adelante un proceso participativo y transformacional tendiente a fortalecer la identidad de los estudiantes con su Escuela, se llev\u00f3 a cabo un ciclo de talleres cuyos resultados dan cuenta que ni\u00f1as y ni\u00f1os se encuentran avanzando hacia una relaci\u00f3n fortalecida con su grupo curso y su Escuela, haci\u00e9ndose cargo de la formulaci\u00f3n de propuestas concretas.\u00a0<\/p>\n<p>[\/et_pb_text][\/et_pb_column][\/et_pb_row][et_pb_row _builder_version=\u00bb4.27.5&#8243; _module_preset=\u00bbdefault\u00bb column_structure=\u00bb3_5,2_5&#8243; theme_builder_area=\u00bbpost_content\u00bb width=\u00bb90%\u00bb hover_enabled=\u00bb0&#8243; sticky_enabled=\u00bb0&#8243; custom_padding=\u00bb1px|||||\u00bb][et_pb_column _builder_version=\u00bb4.27.5&#8243; _module_preset=\u00bbdefault\u00bb type=\u00bb3_5&#8243; theme_builder_area=\u00bbpost_content\u00bb][et_pb_text _builder_version=\u00bb4.27.5&#8243; _module_preset=\u00bbdefault\u00bb theme_builder_area=\u00bbpost_content\u00bb text_font_size=\u00bb16px\u00bb hover_enabled=\u00bb0&#8243; sticky_enabled=\u00bb0&#8243;]<\/p>\n<p>La actividad, estuvo a cargo del acad\u00e9mico de la Facultad de Arte, <b>Marco Mu\u00f1oz del Campo<\/b>, quien cuenta con una importante experiencia en la implementaci\u00f3n de metodolog\u00edas participativas en procesos de transformaci\u00f3n social, y de la coach Mariela Gonz\u00e1lez Donoso, egresada de la Universidad de Playa Ancha, especialista en Educaci\u00f3n Emocional y Bienestar Integral, habilitada para la aplicaci\u00f3n de la metodolog\u00eda Coaching x Valores de @zinquo. Asimismo, cont\u00f3 con la participaci\u00f3n de las estudiantes Paula Fuentes Lazcano, Sof\u00eda Carvajal Sep\u00falveda y Carla Torres Tapia de la carrera de Pedagog\u00eda en Artes Pl\u00e1sticas, y de Catalina D\u00edaz Vargas y Diego Cabrera Araya, ambos estudiantes de la carrera de Dibujante Proyectista. Todos ellos desempe\u00f1aron el importante rol de facilitador\/a desde su experiencia en estrategias pedag\u00f3gicas (PED ARTES) y en la formulaci\u00f3n de proyectos (DIPRO), respectivamente.<\/p>\n<p>Durante el proceso, los y las alumnas tuvieron la oportunidad de jugar, reflexionar y proponer acciones que les permitieran fortalecer la forma de relacionarse como grupo curso y como comunidad. En el camino fue posible observar transformaciones desde una percepci\u00f3n negativa de la Escuela hacia por parte de algunos de ellos a un enfoque optimista y proactivo que les permiti\u00f3, desde una actitud prospectiva, proponer acciones tendientes a llevar adelante un proceso transformacional con el fin de cambiar su visi\u00f3n, a favor de una relaci\u00f3n que promueva la sana convivencia y un sentimiento de afecto por cada una de las personas que conforma la comunidad escolar y por el lugar que construyen y comparten d\u00eda a d\u00eda.<\/p>\n<p>Las propuestas fueron expresadas en dibujos cuyo contenido sugiere, entre otros proyectos, la creaci\u00f3n del \u2018D\u00eda de la Familia\u2019 para toda la Escuela y el \u2018D\u00eda de la Amistad\u2019 para el grupo curso. Asimismo, la creaci\u00f3n de \u2018Pic Nic Escolar\u2019 dentro de la sala de clases y fuera de la Escuela o \u2018Salidas Extra Escolares\u2019 a museos, estadios y otros lugares para compartir actividades que se programan y se desarrollan fuera de la comunidad escolar.<\/p>\n<p><b>Para Sof\u00eda Carvajal <\/b><i>\u201cLa experiencia fue muy enriquecedora, empezando porque soy docente en formaci\u00f3n, por lo tanto, la interacci\u00f3n con los ni\u00f1os y ni\u00f1as no me es ajena, pero, me parece interesante que sea m\u00e1s all\u00e1 de las asignaturas del colegio, conocerlos como peque\u00f1as personas que se est\u00e1n desarrollando y creando sus personalidades, verlos hablar de cosas complejas como los valores, las opiniones que tienen sobre esto, y como a pesar de su edad, tienen mucho que decir y que ense\u00f1arnos. Fue un gusto trabajar con este equipo y poder adecuarnos a los estudiantes para llevar a cabo el proyecto\u201d.<\/i><\/p>\n<p><b>Diego Cabrera<\/b> se\u00f1ala que<i> \u201cLuego de la participaci\u00f3n en este proyecto, puedo destacar la capacidad de cambio que tienen los ni\u00f1os y lo vulnerables que pueden llegar a ser en condiciones donde no se les presta el apoyo necesario. Me quedo con aquella palabra que los integrantes del grupo valoraron al final de la \u00faltima sesi\u00f3n, \u2018amistad\u2019, dando cuenta de su necesidad de pertenecer a un grupo donde se sientan amparados, entendidos y, lo m\u00e1s importante, respetados\u201d.<\/i><\/p>\n<p>Para <b>Mariela Gonz\u00e1lez<\/b> participar de esta actividad fue experiencia muy satisfactoria. <i>\u201cTrabajar con valores fue una excelente oportunidad para invitar a los y las estudiantes a mirar la relaci\u00f3n con su Escuela de manera l\u00fadica y reflexiva. La metodolog\u00eda de @Zinquo tiene como principal objetivo, crear espacios amables y din\u00e1micos para que por medio de un m\u00e9todo pr\u00e1ctico, experiencial, divertido y sencillo los ni\u00f1os y ni\u00f1as en este caso, lograran conectar con los valores que necesitan para sentirse m\u00e1s cerca de su Escuela y hacerse responsables de proponer acciones concretas que tiendan a ello. Este trabajo nos permiti\u00f3 darnos cuenta la importancia de escuchar a los y las estudiantes, ya que tienen mucho que decir, y en lo personal me quedo con la certeza de que el coaching, las emociones y los valores pueden ser un gran aporte en el proceso educativo\u201d.\u00a0<\/i><\/p>\n<p>Finalmente, Marco Mu\u00f1oz indic\u00f3 que, en los pr\u00f3ximos d\u00edas, enviar\u00e1n a la direcci\u00f3n de la Escuela, un informe con los desaf\u00edos que fue posible identificar durante el proceso, a objeto de superar las debilidades identificadas en el diagn\u00f3stico, y las acciones y propuestas que a juicio de ni\u00f1as y ni\u00f1os permitir\u00edan superarlas. <i>\u201cLo m\u00e1s valioso es que, a trav\u00e9s de la metodolog\u00eda aplicada, estas propuestas surgen de una experiencia educativa donde ni\u00f1as y ni\u00f1os son protagonistas de un proceso transformacional individual y colectivo, cuyo germen es propuesto de manera horizontal por ellas y ellos y no desde la relaci\u00f3n vertical que predomina en la educaci\u00f3n formal, muchas veces causante del distanciamiento que se pretende resolver\u201d.<\/i><\/p>\n<p>[\/et_pb_text][\/et_pb_column][et_pb_column _builder_version=\u00bb4.27.5&#8243; _module_preset=\u00bbdefault\u00bb type=\u00bb2_5&#8243; theme_builder_area=\u00bbpost_content\u00bb][et_pb_gallery _builder_version=\u00bb4.27.5&#8243; _module_preset=\u00bbdefault\u00bb theme_builder_area=\u00bbpost_content\u00bb fullwidth=\u00bbon\u00bb gallery_ids=\u00bb8526,8527&#8243; hover_enabled=\u00bb0&#8243; sticky_enabled=\u00bb0&#8243;][\/et_pb_gallery][\/et_pb_column][\/et_pb_row][\/et_pb_section]<\/p>\n","protected":false},"excerpt":{"rendered":"<p>El viernes 06 de diciembre, en la Escuela Marcela Paz de Vi\u00f1a del Mar, se llev\u00f3 a cabo el cierre del ciclo de talleres de fortalecimiento de la Identidad de [&hellip;]<\/p>\n","protected":false},"author":12,"featured_media":8527,"comment_status":"closed","ping_status":"closed","sticky":false,"template":"","format":"standard","meta":{"_et_pb_use_builder":"on","_et_pb_old_content":"","_et_gb_content_width":"","_price":"","_stock":"","_tribe_ticket_header":"","_tribe_default_ticket_provider":"","_tribe_ticket_capacity":"","_ticket_start_date":"","_ticket_end_date":"","_tribe_ticket_show_description":"","_tribe_ticket_show_not_going":false,"_tribe_ticket_use_global_stock":"","_tribe_ticket_global_stock_level":"","_global_stock_mode":"","_global_stock_cap":"","_tribe_rsvp_for_event":"","_tribe_ticket_going_count":"","_tribe_ticket_not_going_count":"","_tribe_tickets_list":"[]","_tribe_ticket_has_attendee_info_fields":false,"footnotes":""},"categories":[4],"tags":[180,246],"class_list":["post-17234607","post","type-post","status-publish","format-standard","has-post-thumbnail","hentry","category-noticias","tag-proyecto-upa-2393","tag-upa-2393"],"_links":{"self":[{"href":"https:\/\/upla.cl\/vinculacion\/wp-json\/wp\/v2\/posts\/17234607","targetHints":{"allow":["GET"]}}],"collection":[{"href":"https:\/\/upla.cl\/vinculacion\/wp-json\/wp\/v2\/posts"}],"about":[{"href":"https:\/\/upla.cl\/vinculacion\/wp-json\/wp\/v2\/types\/post"}],"author":[{"embeddable":true,"href":"https:\/\/upla.cl\/vinculacion\/wp-json\/wp\/v2\/users\/12"}],"replies":[{"embeddable":true,"href":"https:\/\/upla.cl\/vinculacion\/wp-json\/wp\/v2\/comments?post=17234607"}],"version-history":[{"count":3,"href":"https:\/\/upla.cl\/vinculacion\/wp-json\/wp\/v2\/posts\/17234607\/revisions"}],"predecessor-version":[{"id":17234611,"href":"https:\/\/upla.cl\/vinculacion\/wp-json\/wp\/v2\/posts\/17234607\/revisions\/17234611"}],"wp:featuredmedia":[{"embeddable":true,"href":"https:\/\/upla.cl\/vinculacion\/wp-json\/wp\/v2\/media\/8527"}],"wp:attachment":[{"href":"https:\/\/upla.cl\/vinculacion\/wp-json\/wp\/v2\/media?parent=17234607"}],"wp:term":[{"taxonomy":"category","embeddable":true,"href":"https:\/\/upla.cl\/vinculacion\/wp-json\/wp\/v2\/categories?post=17234607"},{"taxonomy":"post_tag","embeddable":true,"href":"https:\/\/upla.cl\/vinculacion\/wp-json\/wp\/v2\/tags?post=17234607"}],"curies":[{"name":"wp","href":"https:\/\/api.w.org\/{rel}","templated":true}]}}