{"id":17234612,"date":"2024-12-08T16:20:35","date_gmt":"2024-12-08T19:20:35","guid":{"rendered":"https:\/\/upla.cl\/vinculacion\/?p=17234612"},"modified":"2026-04-28T16:42:14","modified_gmt":"2026-04-28T20:42:14","slug":"uvce-invita-a-estudiantes-y-egresados-as-upla-a-seminario-de-apresto-laboral","status":"publish","type":"post","link":"https:\/\/upla.cl\/vinculacion\/2024\/12\/08\/uvce-invita-a-estudiantes-y-egresados-as-upla-a-seminario-de-apresto-laboral\/","title":{"rendered":"UVCE invita a estudiantes y egresados\/as UPLA a seminario de apresto laboral"},"content":{"rendered":"<p>[et_pb_section fb_built=\u00bb1&#8243; fullwidth=\u00bbon\u00bb _builder_version=\u00bb4.27.4&#8243; _module_preset=\u00bbdefault\u00bb global_colors_info=\u00bb{}\u00bb][et_pb_fullwidth_header title=\u00bbUVCE invita a estudiantes y egresados\/as UPLA a seminario de apresto laboral\u00bb _builder_version=\u00bb4.27.5&#8243; _module_preset=\u00bbdefault\u00bb title_font=\u00bbLato|700|||||||\u00bb title_font_size=\u00bb50px\u00bb subhead_font=\u00bbLato||||||||\u00bb subhead_font_size=\u00bb30px\u00bb background_image=\u00bbhttps:\/\/upla.cl\/vinculacion\/wp-content\/uploads\/2024\/12\/grafica-post-RRSS-apresto-laboral-1-scaled.jpg\u00bb background_position=\u00bbtop_right\u00bb background_vertical_offset=\u00bb33%\u00bb background_blend=\u00bbmultiply\u00bb custom_padding=\u00bb10%||10%||true|false\u00bb title_text_shadow_style=\u00bbpreset5&#8243; subhead_text_shadow_style=\u00bbpreset5&#8243; global_colors_info=\u00bb{}\u00bb][\/et_pb_fullwidth_header][\/et_pb_section][et_pb_section fb_built=\u00bb1&#8243; _builder_version=\u00bb4.27.4&#8243; _module_preset=\u00bbdefault\u00bb custom_margin=\u00bb||||false|false\u00bb custom_padding=\u00bb0px||0px||true|false\u00bb global_colors_info=\u00bb{}\u00bb][et_pb_row column_structure=\u00bb1_3,2_3&#8243; _builder_version=\u00bb4.27.4&#8243; _module_preset=\u00bbdefault\u00bb width=\u00bb90%\u00bb global_colors_info=\u00bb{}\u00bb][et_pb_column type=\u00bb1_3&#8243; _builder_version=\u00bb4.27.4&#8243; _module_preset=\u00bbdefault\u00bb global_colors_info=\u00bb{}\u00bb][et_pb_gallery gallery_ids=\u00bb7963,7965,7966&#8243; fullwidth=\u00bbon\u00bb _builder_version=\u00bb4.27.5&#8243; _module_preset=\u00bbdefault\u00bb hover_enabled=\u00bb0&#8243; global_colors_info=\u00bb{}\u00bb sticky_enabled=\u00bb0&#8243;][\/et_pb_gallery][\/et_pb_column][et_pb_column type=\u00bb2_3&#8243; _builder_version=\u00bb4.27.4&#8243; _module_preset=\u00bbdefault\u00bb global_colors_info=\u00bb{}\u00bb][et_pb_text _builder_version=\u00bb4.27.5&#8243; _module_preset=\u00bbdefault\u00bb text_font=\u00bbLato||||||||\u00bb text_font_size=\u00bb16px\u00bb hover_enabled=\u00bb0&#8243; global_colors_info=\u00bb{}\u00bb sticky_enabled=\u00bb0&#8243;]<\/p>\n<h4><b>La jornada busca proporcionar herramientas para gestionar la ansiedad y mejorar el desempe\u00f1o en entrevistas laborales.<\/b><\/h4>\n<p>Facilitar la <b>inserci\u00f3n efectiva<\/b> <b>al<\/b> <b>mundo del trabajo <\/b>y el manejo de situaciones estresantes en el \u00e1mbito profesional es el prop\u00f3sito del <b>Seminario de Apresto Laboral<\/b> que est\u00e1 organizando la Unidad de V\u00ednculos con la Comunidad Egresada y Empleadores (UVCE) para el pr\u00f3ximo lunes 16 de diciembre.<\/p>\n<p>Dirigido principalmente a estudiantes universitarios y egresados\/as, el seminario contar\u00e1 con dos charlas de apresto laboral enfocadas en entregar herramientas para gestionar la ansiedad y aspectos claves de la preparaci\u00f3n y comunicaci\u00f3n efectiva durante las entrevistas, incluyendo t\u00e9cnicas de respiraci\u00f3n, control de la postura, y estrategias de empoderamiento personal y profesional.<\/p>\n<p>Durante la tarde, la jornada se enfocar\u00e1 en la simulaci\u00f3n de entrevistas laborales, en donde las personas participantes podr\u00e1n practicar estas situaciones con empleadores reales, mejorando la comunicaci\u00f3n efectiva, la presentaci\u00f3n profesional y la gesti\u00f3n de respuestas eficaces a preguntas frecuentes en procesos de reclutamiento.<\/p>\n<p>Cabe destacar que esta segunda parte tiene cupos limitados y solo podr\u00e1n asistir quienes se hayan inscrito previamente y recibido el correo de confirmaci\u00f3n. Los estudiantes que participen en la primera parte seminario podr\u00e1n optar por ocho horas sello y un certificado de participaci\u00f3n.<\/p>\n<p>Alexandra Ceballos Vel\u00e1squez, psic\u00f3loga y profesional UVCE que realiza las asesor\u00edas personalizadas, coment\u00f3 que uno de los aspectos que trabaja con egresados\/as tiene relaci\u00f3n al manejo de la ansiedad, el estr\u00e9s y la falta de habilidades blandas.<\/p>\n<p><i>\u201cEstos espacios de simulaci\u00f3n y preparaci\u00f3n no solo permiten reconocer y fortalecer las habilidades blandas del egresado\/a, sino que tambi\u00e9n, permiten visualizar diferentes escenarios de entrevista, lo que facilita identificar las situaciones que pueden generar estr\u00e9s y ansiedad. De esta manera, logramos sentir m\u00e1s control sobre la situaci\u00f3n desconocida, lo que disminuye la incertidumbre\u201d, sostuvo la psic\u00f3loga.<\/i><\/p>\n<p>Este evento contar\u00e1 con la participaci\u00f3n de la Oficina Municipal de Inclusi\u00f3n Laboral (OMIL) Valpara\u00edso, el programa Talento Local (<a href=\"http:\/\/talentolocal.cl\" target=\"_blank\" rel=\"noopener\">talentolocal.cl<\/a>), el Servicio Local de Educaci\u00f3n P\u00fablica (SLEP) de Valpara\u00edso, y el Centro de Di\u00e1lisis Asodial; instituciones que estar\u00e1n apoyando en la simulaci\u00f3n de entrevistas con retroalimentaciones a los participantes.\u00a0<\/p>\n<p>Daniela Casanueva Vald\u00e9s, coordinadora UVCE, explic\u00f3 que este seminario representa un hito de cierre para el trabajo de la subunidad de Acompa\u00f1amiento para la Inserci\u00f3n Laboral y tambi\u00e9n el inicio de colaboraciones con instituciones p\u00fablicas y privadas, \u201c<i>las cuales nos ofrecen valiosa retroalimentaci\u00f3n sobre las demandas actuales del mercado laboral\u201d<\/i>.<\/p>\n<p><i>\u201cEl trabajo con los participantes comenz\u00f3 hace unos meses con nuestra participaci\u00f3n en la feria laboral organizada por ASIVA. Desde entonces, hemos iniciado el contacto con diversas instituciones p\u00fablicas y privadas para comprender las necesidades del mercado laboral e identificar estrategias que permitan desarrollar un trabajo colaborativo y de beneficio mutuo\u201d<\/i>, concluy\u00f3 la coordinadora.<\/p>\n<p>[\/et_pb_text][\/et_pb_column][\/et_pb_row][\/et_pb_section]<\/p>\n","protected":false},"excerpt":{"rendered":"<p>La jornada busca proporcionar herramientas para gestionar la ansiedad y mejorar el desempe\u00f1o en entrevistas laborales. Facilitar la inserci\u00f3n efectiva al mundo del trabajo y el manejo de situaciones estresantes [&hellip;]<\/p>\n","protected":false},"author":12,"featured_media":7963,"comment_status":"closed","ping_status":"closed","sticky":false,"template":"","format":"standard","meta":{"_et_pb_use_builder":"on","_et_pb_old_content":"","_et_gb_content_width":"","_price":"","_stock":"","_tribe_ticket_header":"","_tribe_default_ticket_provider":"","_tribe_ticket_capacity":"","_ticket_start_date":"","_ticket_end_date":"","_tribe_ticket_show_description":"","_tribe_ticket_show_not_going":false,"_tribe_ticket_use_global_stock":"","_tribe_ticket_global_stock_level":"","_global_stock_mode":"","_global_stock_cap":"","_tribe_rsvp_for_event":"","_tribe_ticket_going_count":"","_tribe_ticket_not_going_count":"","_tribe_tickets_list":"[]","_tribe_ticket_has_attendee_info_fields":false,"footnotes":""},"categories":[4,172],"tags":[46,159],"class_list":["post-17234612","post","type-post","status-publish","format-standard","has-post-thumbnail","hentry","category-noticias","category-unidad-de-vinculos-con-la-comunidad-egresada-y-empleadores","tag-egresados","tag-uvce"],"_links":{"self":[{"href":"https:\/\/upla.cl\/vinculacion\/wp-json\/wp\/v2\/posts\/17234612","targetHints":{"allow":["GET"]}}],"collection":[{"href":"https:\/\/upla.cl\/vinculacion\/wp-json\/wp\/v2\/posts"}],"about":[{"href":"https:\/\/upla.cl\/vinculacion\/wp-json\/wp\/v2\/types\/post"}],"author":[{"embeddable":true,"href":"https:\/\/upla.cl\/vinculacion\/wp-json\/wp\/v2\/users\/12"}],"replies":[{"embeddable":true,"href":"https:\/\/upla.cl\/vinculacion\/wp-json\/wp\/v2\/comments?post=17234612"}],"version-history":[{"count":3,"href":"https:\/\/upla.cl\/vinculacion\/wp-json\/wp\/v2\/posts\/17234612\/revisions"}],"predecessor-version":[{"id":17234617,"href":"https:\/\/upla.cl\/vinculacion\/wp-json\/wp\/v2\/posts\/17234612\/revisions\/17234617"}],"wp:featuredmedia":[{"embeddable":true,"href":"https:\/\/upla.cl\/vinculacion\/wp-json\/wp\/v2\/media\/7963"}],"wp:attachment":[{"href":"https:\/\/upla.cl\/vinculacion\/wp-json\/wp\/v2\/media?parent=17234612"}],"wp:term":[{"taxonomy":"category","embeddable":true,"href":"https:\/\/upla.cl\/vinculacion\/wp-json\/wp\/v2\/categories?post=17234612"},{"taxonomy":"post_tag","embeddable":true,"href":"https:\/\/upla.cl\/vinculacion\/wp-json\/wp\/v2\/tags?post=17234612"}],"curies":[{"name":"wp","href":"https:\/\/api.w.org\/{rel}","templated":true}]}}