{"id":17234618,"date":"2024-12-03T16:46:55","date_gmt":"2024-12-03T19:46:55","guid":{"rendered":"https:\/\/upla.cl\/vinculacion\/?p=17234618"},"modified":"2026-04-28T17:11:54","modified_gmt":"2026-04-28T21:11:54","slug":"upla-y-junaeb-tarapaca-realizan-seminario-sobre-abordaje-de-conflictos-para-comunidades-educativas","status":"publish","type":"post","link":"https:\/\/upla.cl\/vinculacion\/2024\/12\/03\/upla-y-junaeb-tarapaca-realizan-seminario-sobre-abordaje-de-conflictos-para-comunidades-educativas\/","title":{"rendered":"UPLA y JUNAEB Tarapac\u00e1 realizan seminario sobre abordaje de conflictos para comunidades educativas"},"content":{"rendered":"<p>[et_pb_section fb_built=\u00bb1&#8243; fullwidth=\u00bbon\u00bb _builder_version=\u00bb4.27.4&#8243; _module_preset=\u00bbdefault\u00bb global_colors_info=\u00bb{}\u00bb][et_pb_fullwidth_header title=\u00bbUPLA y JUNAEB Tarapac\u00e1 realizan seminario sobre abordaje de conflictos para comunidades educativas\u00bb _builder_version=\u00bb4.27.5&#8243; _module_preset=\u00bbdefault\u00bb title_font=\u00bbLato|700|||||||\u00bb title_font_size=\u00bb50px\u00bb subhead_font=\u00bbLato||||||||\u00bb subhead_font_size=\u00bb30px\u00bb background_image=\u00bbhttps:\/\/upla.cl\/vinculacion\/wp-content\/uploads\/2024\/12\/Mesadetrabajo3-scaled.jpg\u00bb background_blend=\u00bbmultiply\u00bb custom_padding=\u00bb10%||10%||true|false\u00bb title_text_shadow_style=\u00bbpreset5&#8243; subhead_text_shadow_style=\u00bbpreset5&#8243; global_colors_info=\u00bb{}\u00bb][\/et_pb_fullwidth_header][\/et_pb_section][et_pb_section fb_built=\u00bb1&#8243; _builder_version=\u00bb4.27.4&#8243; _module_preset=\u00bbdefault\u00bb custom_margin=\u00bb||||false|false\u00bb custom_padding=\u00bb0px||0px||true|false\u00bb global_colors_info=\u00bb{}\u00bb][et_pb_row column_structure=\u00bb1_3,2_3&#8243; _builder_version=\u00bb4.27.4&#8243; _module_preset=\u00bbdefault\u00bb width=\u00bb90%\u00bb global_colors_info=\u00bb{}\u00bb][et_pb_column type=\u00bb1_3&#8243; _builder_version=\u00bb4.27.4&#8243; _module_preset=\u00bbdefault\u00bb global_colors_info=\u00bb{}\u00bb][et_pb_gallery gallery_ids=\u00bb7927,7928,7926,7925,7924,7923&#8243; fullwidth=\u00bbon\u00bb _builder_version=\u00bb4.27.5&#8243; _module_preset=\u00bbdefault\u00bb global_colors_info=\u00bb{}\u00bb][\/et_pb_gallery][\/et_pb_column][et_pb_column type=\u00bb2_3&#8243; _builder_version=\u00bb4.27.4&#8243; _module_preset=\u00bbdefault\u00bb global_colors_info=\u00bb{}\u00bb][et_pb_text _builder_version=\u00bb4.27.5&#8243; _module_preset=\u00bbdefault\u00bb text_font=\u00bbLato||||||||\u00bb text_font_size=\u00bb16px\u00bb global_colors_info=\u00bb{}\u00bb]<\/p>\n<h4><strong>La jornada fue la segunda edici\u00f3n del seminario \u201cBienestar emocional en las comunidades educativas\u201d realizado por la UPLA en Iquique para la red colaboradora de JUNAEB.<\/strong><\/h4>\n<p>M\u00e1s de 80 profesionales de la educaci\u00f3n participaron en la segunda versi\u00f3n del seminario \u201c<i>Bienestar Emocional en las comunidades educativas de la regi\u00f3n de Tarapac\u00e1<\/i>\u201d, organizado por la Junta Nacional de Auxilio y Becas (JUNAEB) y la Universidad de Playa Ancha (UPLA).<\/p>\n<p>La jornada tuvo por objetivo profundizar en el abordaje de conflictos y en el autocuidado de las comunidades educativas que son parte de la red colaboradora JUNAEB.<\/p>\n<p>La jornada se realiz\u00f3 el pasado mi\u00e9rcoles 27 de noviembre en el Hotel Gavina Costa Mar de Iquique, y fue inaugurado por el director regional de la instituci\u00f3n, <b>Marcelo Rebolledo Far\u00edas<\/b>. Posteriormente, entreg\u00f3 sus palabras de bienvenida la directora provincial de educaci\u00f3n, <b>Carmen Barrera Henning<\/b>; la directora de la Direcci\u00f3n General de Vinculaci\u00f3n con el Medio UPLA,<b> Fabiola Vilugr\u00f3n Aravena<\/b>, y el director regional Tarapac\u00e1 (s) de la Superintendencia de Educaci\u00f3n, <b>Jos\u00e9 Fica Ruiz<\/b>.<\/p>\n<p>[\/et_pb_text][\/et_pb_column][\/et_pb_row][et_pb_row _builder_version=\u00bb4.27.5&#8243; _module_preset=\u00bbdefault\u00bb column_structure=\u00bb3_5,2_5&#8243; width=\u00bb90%\u00bb hover_enabled=\u00bb0&#8243; sticky_enabled=\u00bb0&#8243; custom_padding=\u00bb5px|||||\u00bb][et_pb_column _builder_version=\u00bb4.27.5&#8243; _module_preset=\u00bbdefault\u00bb type=\u00bb3_5&#8243;][et_pb_text _builder_version=\u00bb4.27.5&#8243; _module_preset=\u00bbdefault\u00bb text_font_size=\u00bb16px\u00bb hover_enabled=\u00bb0&#8243; sticky_enabled=\u00bb0&#8243;]<\/p>\n<p>En sus palabras, la autoridad regional dio a conocer el panorama de denuncias que ha recibido la Superintendencia durante el primer semestre de 2024, acumulando un total de 388 en la regi\u00f3n y que representa un aumento del 45% respecto al a\u00f1o anterior.<\/p>\n<p>\u201c<i>En la regi\u00f3n de Tarapac\u00e1, el mayor porcentaje de las denuncias que ingresan son por maltrato escolar, ya sea por maltrato entre pares, maltrato de adultos-menores, maltrato de estudiantes-adultos, maltrato entre adultos de las comunidades educativas<\/i>\u201d, explic\u00f3 Fica Ruiz.<\/p>\n<p>A ra\u00edz de este contexto y por la buena evaluaci\u00f3n de la primera versi\u00f3n del seminario, JUNAEB Tarapac\u00e1 impuls\u00f3 este segundo encuentro. <i>\u201cEsto da muestra, por un lado, la necesidad que tienen (los profesionales y docentes) de recibir informaci\u00f3n y material de calidad para sus trabajos\u201d<\/i>, afirm\u00f3 el director regional.<\/p>\n<p>Por parte de la UPLA, su directora general de VcM enfatiz\u00f3 que el compromiso de la Universidad con las comunidades educativas a nivel regional y nacional est\u00e1 en<em> \u201clas diversas iniciativas y proyectos que abordan el bienestar socioemocional y la convivencia escolar\u201d.<\/em><\/p>\n<p><em>\u201cEn colaboraci\u00f3n con la JUNAEB, la UPLA ha organizado seminarios y talleres en distintas regiones del pa\u00eds, capacitando a m\u00e1s de 400 profesionales de la educaci\u00f3n en estrategias socioemocionales y manejo de conflictos en entornos educativos\u201d<\/em>, declar\u00f3 Vilugr\u00f3n Aravena.<\/p>\n<p><b>Neuroplasticidad, conflictos y autocuidado<\/b><\/p>\n<p>La primera conferencia \u201cNeuroplasticidad al servicio del bienestar y el aprendizaje\u201d fue realizada por <b>Mauricio Valenzuela Harrington<\/b>, doctor en Neurociencia y Biolog\u00eda del Comportamiento y acad\u00e9mico de la Facultad de Ciencias Naturales y Exactas UPLA, quien abord\u00f3 el desarrollo neurol\u00f3gico en ni\u00f1os, ni\u00f1as y adolescentes, y los factores biol\u00f3gicos que impactan en el desarrollo de emociones.<\/p>\n<p>La segunda exposici\u00f3n te\u00f3rica-pr\u00e1ctica estuvo a cargo de <b>Alejandro Gallardo Jaque<\/b>, doctor en Educaci\u00f3n y acad\u00e9mico de la Facultad de Ciencias de la Educaci\u00f3n UPLA, quien expuso \u201cEstrategias de abordaje de conflictos para una sana convivencia\u201d para profundizar en la comunicaci\u00f3n no violenta y la identificaci\u00f3n de emociones, a trav\u00e9s de distintas actividades grupales.<\/p>\n<p>Por \u00faltimo, la mag\u00edster en Creaci\u00f3n de Ambientes Propicios para el Aprendizaje con menci\u00f3n en Convivencia Escolar, <b>Nataly Figueroa Carre\u00f1o<\/b>, present\u00f3 \u201cTrabajando en nuestro bienestar en las comunidades educativas\u201d; un taller que propuso a docentes y profesionales de la educaci\u00f3n pensar en su bienestar y en c\u00f3mo se preparan para educar.<\/p>\n<p><b>Silvia Marchat<\/b>, psic\u00f3loga y encargada de convivencia de Iquique Young School, calific\u00f3 de enriquecedora la jornada tanto a nivel personal como para el quehacer profesional. <i>\u201cSon instancias para relajarnos, re\u00edrnos un rato, conocer gente nueva, porque hay de distintas profesiones, de distintos colegios, entonces son momentos tambi\u00e9n de autocuidado y de bienestar personal\u201d<\/i>, concluy\u00f3 la profesional.<\/p>\n<p>[\/et_pb_text][\/et_pb_column][et_pb_column _builder_version=\u00bb4.27.5&#8243; _module_preset=\u00bbdefault\u00bb type=\u00bb2_5&#8243;][et_pb_gallery _builder_version=\u00bb4.27.5&#8243; _module_preset=\u00bbdefault\u00bb fullwidth=\u00bbon\u00bb gallery_ids=\u00bb7913,7914,7921,7917,7919,7920,7918&#8243; hover_enabled=\u00bb0&#8243; sticky_enabled=\u00bb0&#8243;][\/et_pb_gallery][\/et_pb_column][\/et_pb_row][\/et_pb_section]<\/p>\n","protected":false},"excerpt":{"rendered":"<p>La jornada fue la segunda edici\u00f3n del seminario \u201cBienestar emocional en las comunidades educativas\u201d realizado por la UPLA en Iquique para la red colaboradora de JUNAEB. M\u00e1s de 80 profesionales [&hellip;]<\/p>\n","protected":false},"author":12,"featured_media":7928,"comment_status":"closed","ping_status":"closed","sticky":false,"template":"","format":"standard","meta":{"_et_pb_use_builder":"on","_et_pb_old_content":"","_et_gb_content_width":"","_price":"","_stock":"","_tribe_ticket_header":"","_tribe_default_ticket_provider":"","_tribe_ticket_capacity":"","_ticket_start_date":"","_ticket_end_date":"","_tribe_ticket_show_description":"","_tribe_ticket_show_not_going":false,"_tribe_ticket_use_global_stock":"","_tribe_ticket_global_stock_level":"","_global_stock_mode":"","_global_stock_cap":"","_tribe_rsvp_for_event":"","_tribe_ticket_going_count":"","_tribe_ticket_not_going_count":"","_tribe_tickets_list":"[]","_tribe_ticket_has_attendee_info_fields":false,"footnotes":""},"categories":[4,181],"tags":[247,182],"class_list":["post-17234618","post","type-post","status-publish","format-standard","has-post-thumbnail","hentry","category-noticias","category-unidad-de-relaciones-institucionales-y-extension-universitaria","tag-junaeb","tag-urie"],"_links":{"self":[{"href":"https:\/\/upla.cl\/vinculacion\/wp-json\/wp\/v2\/posts\/17234618","targetHints":{"allow":["GET"]}}],"collection":[{"href":"https:\/\/upla.cl\/vinculacion\/wp-json\/wp\/v2\/posts"}],"about":[{"href":"https:\/\/upla.cl\/vinculacion\/wp-json\/wp\/v2\/types\/post"}],"author":[{"embeddable":true,"href":"https:\/\/upla.cl\/vinculacion\/wp-json\/wp\/v2\/users\/12"}],"replies":[{"embeddable":true,"href":"https:\/\/upla.cl\/vinculacion\/wp-json\/wp\/v2\/comments?post=17234618"}],"version-history":[{"count":3,"href":"https:\/\/upla.cl\/vinculacion\/wp-json\/wp\/v2\/posts\/17234618\/revisions"}],"predecessor-version":[{"id":17234623,"href":"https:\/\/upla.cl\/vinculacion\/wp-json\/wp\/v2\/posts\/17234618\/revisions\/17234623"}],"wp:featuredmedia":[{"embeddable":true,"href":"https:\/\/upla.cl\/vinculacion\/wp-json\/wp\/v2\/media\/7928"}],"wp:attachment":[{"href":"https:\/\/upla.cl\/vinculacion\/wp-json\/wp\/v2\/media?parent=17234618"}],"wp:term":[{"taxonomy":"category","embeddable":true,"href":"https:\/\/upla.cl\/vinculacion\/wp-json\/wp\/v2\/categories?post=17234618"},{"taxonomy":"post_tag","embeddable":true,"href":"https:\/\/upla.cl\/vinculacion\/wp-json\/wp\/v2\/tags?post=17234618"}],"curies":[{"name":"wp","href":"https:\/\/api.w.org\/{rel}","templated":true}]}}