{"id":17235474,"date":"2024-10-17T10:01:28","date_gmt":"2024-10-17T13:01:28","guid":{"rendered":"https:\/\/upla.cl\/vinculacion\/?p=17235474"},"modified":"2026-06-22T10:07:06","modified_gmt":"2026-06-22T14:07:06","slug":"unidad-de-analisis-y-registro-actualizo-su-nombre-a-unidad-de-aseguramiento-de-la-calidad-para-la-vinculacion-con-el-medio","status":"publish","type":"post","link":"https:\/\/upla.cl\/vinculacion\/2024\/10\/17\/unidad-de-analisis-y-registro-actualizo-su-nombre-a-unidad-de-aseguramiento-de-la-calidad-para-la-vinculacion-con-el-medio\/","title":{"rendered":"Unidad de An\u00e1lisis y Registro actualiz\u00f3 su nombre a Unidad de Aseguramiento de la Calidad para la Vinculaci\u00f3n con el Medio"},"content":{"rendered":"<p>[et_pb_section fb_built=\u00bb1&#8243; fullwidth=\u00bbon\u00bb _builder_version=\u00bb4.27.4&#8243; _module_preset=\u00bbdefault\u00bb global_colors_info=\u00bb{}\u00bb theme_builder_area=\u00bbpost_content\u00bb][et_pb_fullwidth_header title=\u00bbUnidad de An\u00e1lisis y Registro actualiz\u00f3 su nombre a Unidad de Aseguramiento de la Calidad para la Vinculaci\u00f3n con el Medio\u00bb _builder_version=\u00bb4.27.6&#8243; _module_preset=\u00bbdefault\u00bb title_font=\u00bbLato|700|||||||\u00bb title_font_size=\u00bb50px\u00bb subhead_font=\u00bbLato||||||||\u00bb subhead_font_size=\u00bb30px\u00bb background_image=\u00bbhttps:\/\/upla.cl\/vinculacion\/wp-content\/uploads\/2023\/05\/SINTE-Final-Final_Mesa-de-trabajo-1-1-scaled.jpg\u00bb background_blend=\u00bbmultiply\u00bb custom_padding=\u00bb10%||10%||true|false\u00bb hover_enabled=\u00bb0&#8243; title_text_shadow_style=\u00bbpreset5&#8243; subhead_text_shadow_style=\u00bbpreset5&#8243; global_colors_info=\u00bb{}\u00bb theme_builder_area=\u00bbpost_content\u00bb title_text=\u00bbUnidad de An\u00e1lisis y Registro actualiz\u00f3 su nombre a Unidad de Aseguramiento de la Calidad para la Vinculaci\u00f3n con el Medio\u00bb background_position=\u00bbtop_right\u00bb background_vertical_offset=\u00bb47%\u00bb sticky_enabled=\u00bb0&#8243;][\/et_pb_fullwidth_header][\/et_pb_section][et_pb_section fb_built=\u00bb1&#8243; _builder_version=\u00bb4.27.4&#8243; _module_preset=\u00bbdefault\u00bb custom_margin=\u00bb||||false|false\u00bb custom_padding=\u00bb0px||0px||true|false\u00bb global_colors_info=\u00bb{}\u00bb theme_builder_area=\u00bbpost_content\u00bb][et_pb_row column_structure=\u00bb1_3,2_3&#8243; _builder_version=\u00bb4.27.4&#8243; _module_preset=\u00bbdefault\u00bb width=\u00bb90%\u00bb global_colors_info=\u00bb{}\u00bb theme_builder_area=\u00bbpost_content\u00bb][et_pb_column type=\u00bb1_3&#8243; _builder_version=\u00bb4.27.4&#8243; _module_preset=\u00bbdefault\u00bb global_colors_info=\u00bb{}\u00bb theme_builder_area=\u00bbpost_content\u00bb][et_pb_gallery gallery_ids=\u00bb5205&#8243; fullwidth=\u00bbon\u00bb _builder_version=\u00bb4.27.6&#8243; _module_preset=\u00bbdefault\u00bb hover_enabled=\u00bb0&#8243; global_colors_info=\u00bb{}\u00bb theme_builder_area=\u00bbpost_content\u00bb sticky_enabled=\u00bb0&#8243;][\/et_pb_gallery][\/et_pb_column][et_pb_column type=\u00bb2_3&#8243; _builder_version=\u00bb4.27.4&#8243; _module_preset=\u00bbdefault\u00bb global_colors_info=\u00bb{}\u00bb theme_builder_area=\u00bbpost_content\u00bb][et_pb_text _builder_version=\u00bb4.27.6&#8243; _module_preset=\u00bbdefault\u00bb text_font=\u00bbLato||||||||\u00bb text_font_size=\u00bb16px\u00bb hover_enabled=\u00bb0&#8243; global_colors_info=\u00bb{}\u00bb theme_builder_area=\u00bbpost_content\u00bb sticky_enabled=\u00bb0&#8243;]<\/p>\n<h4><b>La actualizaci\u00f3n se efectu\u00f3 en octubre, mediante el decreto 1388\/2024, que ampl\u00eda las funciones de la unidad.<\/b><\/h4>\n<p><span style=\"font-weight: 400;\">La Unidad de An\u00e1lisis y Registro (UAR), dependiente de la Direcci\u00f3n General de Vinculaci\u00f3n con el Medio (DGVM), actualiz\u00f3 el decreto de sus funciones durante el mes de octubre, cambiando de nombre a \u201c<\/span><b>Unidad de Aseguramiento de la Calidad para la Vinculaci\u00f3n con el Medio<\/b><span style=\"font-weight: 400;\">\u201d (UCVI).<\/span><\/p>\n<p><span style=\"font-weight: 400;\">La unidad fue creada en 2021 a trav\u00e9s del decreto exento 0899\/2021. En dicho documento se estableci\u00f3 que sus funciones estaban orientadas a optimizar la gesti\u00f3n de datos y promover el registro, la sistematizaci\u00f3n y el monitoreo de antecedentes de vinculaci\u00f3n con el medio en los diferentes ejes que estableci\u00f3 la Pol\u00edtica de Vinculaci\u00f3n con el Medio del a\u00f1o 2016.<\/span><\/p>\n<p><span style=\"font-weight: 400;\">Otras de sus funciones encomendadas fue la difusi\u00f3n de la plataforma digital del Sistema Integrado (SINTE VcM) en donde se registran las acciones de vinculaci\u00f3n, y del Sistema de Monitoreo y An\u00e1lisis del Entorno, m\u00e1s conocido como SIMONE, actualmente en reformulaci\u00f3n.\u00a0<\/span><\/p>\n<p><span style=\"font-weight: 400;\">Con su actualizaci\u00f3n, a trav\u00e9s del decreto<\/span><b> 1388\/2024<\/b><span style=\"font-weight: 400;\">, la unidad tiene como objetivo promover y asegurar la calidad en las acciones VcM, a trav\u00e9s de orientaciones y lineamientos para la gesti\u00f3n de datos, el fomento del registro en el SINTE VcM y la retroalimentaci\u00f3n de los reportes.<\/span><\/p>\n<p><span style=\"font-weight: 400;\">Para ello, la UCVI estructurar\u00e1 su trabajo en cuatro ejes que tributan a la promoci\u00f3n y aseguramiento de la calidad de las acciones VcM: la capacitaci\u00f3n y asesoramiento, evaluaci\u00f3n y retroalimentaci\u00f3n del registro, el an\u00e1lisis y reportabilidad institucional, y la colaboraci\u00f3n y articulaci\u00f3n.\u00a0<\/span><\/p>\n<p><span style=\"font-weight: 400;\">Adem\u00e1s, la unidad estar\u00e1 compuesta por la sub-unidad funcional de <\/span><b>\u201cAn\u00e1lisis estrat\u00e9gico de Vinculaci\u00f3n con el Medio\u201d<\/b><span style=\"font-weight: 400;\">, que ser\u00e1 la encargada de gestionar las bases de datos sobre VcM y proponer, validar y elaborar informes -generales y espec\u00edficos- de cifras del \u00e1rea, procesando la informaci\u00f3n para entregar retroalimentaciones a las carreras que lo soliciten.\u00a0<\/span><\/p>\n<p><span style=\"font-weight: 400;\">Sobre sus canales de comunicaci\u00f3n, desde la Unidad sostienen que mantendr\u00e1n su correo electr\u00f3nico (<a href=\"mailto:analisisyregistro@upla.cl\">analisisyregistro@upla.cl<\/a>), adem\u00e1s del correo oficial de la direcci\u00f3n (<a href=\"mailto:vinculacionconelmedio@upla.cl\">vinculacionconelmedio@upla.cl<\/a>).<\/span><\/p>\n<p>[\/et_pb_text][\/et_pb_column][\/et_pb_row][\/et_pb_section]<\/p>\n","protected":false},"excerpt":{"rendered":"<p>La actualizaci\u00f3n se efectu\u00f3 en octubre, mediante el decreto 1388\/2024, que ampl\u00eda las funciones de la unidad. La Unidad de An\u00e1lisis y Registro (UAR), dependiente de la Direcci\u00f3n General de [&hellip;]<\/p>\n","protected":false},"author":12,"featured_media":5205,"comment_status":"closed","ping_status":"closed","sticky":false,"template":"","format":"standard","meta":{"_et_pb_use_builder":"on","_et_pb_old_content":"","_et_gb_content_width":"","_price":"","_stock":"","_tribe_ticket_header":"","_tribe_default_ticket_provider":"","_tribe_ticket_capacity":"","_ticket_start_date":"","_ticket_end_date":"","_tribe_ticket_show_description":"","_tribe_ticket_show_not_going":false,"_tribe_ticket_use_global_stock":"","_tribe_ticket_global_stock_level":"","_global_stock_mode":"","_global_stock_cap":"","_tribe_rsvp_for_event":"","_tribe_ticket_going_count":"","_tribe_ticket_not_going_count":"","_tribe_tickets_list":"[]","_tribe_ticket_has_attendee_info_fields":false,"footnotes":""},"categories":[4,168],"tags":[169],"class_list":["post-17235474","post","type-post","status-publish","format-standard","has-post-thumbnail","hentry","category-noticias","category-unidad-de-aseguramiento-de-la-calidad-para-la-vinculacion-con-el-medio","tag-ucvi"],"_links":{"self":[{"href":"https:\/\/upla.cl\/vinculacion\/wp-json\/wp\/v2\/posts\/17235474","targetHints":{"allow":["GET"]}}],"collection":[{"href":"https:\/\/upla.cl\/vinculacion\/wp-json\/wp\/v2\/posts"}],"about":[{"href":"https:\/\/upla.cl\/vinculacion\/wp-json\/wp\/v2\/types\/post"}],"author":[{"embeddable":true,"href":"https:\/\/upla.cl\/vinculacion\/wp-json\/wp\/v2\/users\/12"}],"replies":[{"embeddable":true,"href":"https:\/\/upla.cl\/vinculacion\/wp-json\/wp\/v2\/comments?post=17235474"}],"version-history":[{"count":2,"href":"https:\/\/upla.cl\/vinculacion\/wp-json\/wp\/v2\/posts\/17235474\/revisions"}],"predecessor-version":[{"id":17235477,"href":"https:\/\/upla.cl\/vinculacion\/wp-json\/wp\/v2\/posts\/17235474\/revisions\/17235477"}],"wp:featuredmedia":[{"embeddable":true,"href":"https:\/\/upla.cl\/vinculacion\/wp-json\/wp\/v2\/media\/5205"}],"wp:attachment":[{"href":"https:\/\/upla.cl\/vinculacion\/wp-json\/wp\/v2\/media?parent=17235474"}],"wp:term":[{"taxonomy":"category","embeddable":true,"href":"https:\/\/upla.cl\/vinculacion\/wp-json\/wp\/v2\/categories?post=17235474"},{"taxonomy":"post_tag","embeddable":true,"href":"https:\/\/upla.cl\/vinculacion\/wp-json\/wp\/v2\/tags?post=17235474"}],"curies":[{"name":"wp","href":"https:\/\/api.w.org\/{rel}","templated":true}]}}