{"id":17236552,"date":"2023-01-20T12:28:16","date_gmt":"2023-01-20T15:28:16","guid":{"rendered":"https:\/\/upla.cl\/vinculacion\/?p=17236552"},"modified":"2026-08-17T17:30:20","modified_gmt":"2026-08-17T21:30:20","slug":"presentan-nueva-version-del-sistema-de-monitoreo-y-analisis-del-entorno-vcm","status":"publish","type":"post","link":"https:\/\/upla.cl\/vinculacion\/2023\/01\/20\/presentan-nueva-version-del-sistema-de-monitoreo-y-analisis-del-entorno-vcm\/","title":{"rendered":"Presentan nueva versi\u00f3n del Sistema De Monitoreo Y An\u00e1lisis Del Entorno VCM"},"content":{"rendered":"<p>[et_pb_section fb_built=\u00bb1&#8243; fullwidth=\u00bbon\u00bb _builder_version=\u00bb4.27.4&#8243; _module_preset=\u00bbdefault\u00bb global_colors_info=\u00bb{}\u00bb][et_pb_fullwidth_header title=\u00bbPresentan nueva versi\u00f3n del Sistema De Monitoreo Y An\u00e1lisis Del Entorno VCM\u00bb _builder_version=\u00bb4.27.6&#8243; _module_preset=\u00bbdefault\u00bb title_font=\u00bbLato|700|||||||\u00bb title_font_size=\u00bb50px\u00bb subhead_font=\u00bbLato||||||||\u00bb subhead_font_size=\u00bb30px\u00bb background_image=\u00bbhttps:\/\/upla.cl\/vinculacion\/wp-content\/uploads\/2026\/08\/Presentacion_simone_upla_uctemuco.jpg\u00bb background_blend=\u00bbmultiply\u00bb custom_padding=\u00bb10%||10%||true|false\u00bb title_text_shadow_style=\u00bbpreset5&#8243; subhead_text_shadow_style=\u00bbpreset5&#8243; global_colors_info=\u00bb{}\u00bb][\/et_pb_fullwidth_header][\/et_pb_section][et_pb_section fb_built=\u00bb1&#8243; _builder_version=\u00bb4.27.4&#8243; _module_preset=\u00bbdefault\u00bb custom_margin=\u00bb||||false|false\u00bb custom_padding=\u00bb0px||0px||true|false\u00bb global_colors_info=\u00bb{}\u00bb][et_pb_row column_structure=\u00bb1_3,2_3&#8243; _builder_version=\u00bb4.27.4&#8243; _module_preset=\u00bbdefault\u00bb width=\u00bb90%\u00bb global_colors_info=\u00bb{}\u00bb][et_pb_column type=\u00bb1_3&#8243; _builder_version=\u00bb4.27.4&#8243; _module_preset=\u00bbdefault\u00bb global_colors_info=\u00bb{}\u00bb][et_pb_gallery gallery_ids=\u00bb17236553&#8243; fullwidth=\u00bbon\u00bb _builder_version=\u00bb4.27.6&#8243; _module_preset=\u00bbdefault\u00bb global_colors_info=\u00bb{}\u00bb][\/et_pb_gallery][et_pb_gallery gallery_ids=\u00bb17236554&#8243; fullwidth=\u00bbon\u00bb _builder_version=\u00bb4.27.6&#8243; _module_preset=\u00bbdefault\u00bb global_colors_info=\u00bb{}\u00bb][\/et_pb_gallery][\/et_pb_column][et_pb_column type=\u00bb2_3&#8243; _builder_version=\u00bb4.27.4&#8243; _module_preset=\u00bbdefault\u00bb global_colors_info=\u00bb{}\u00bb][et_pb_text _builder_version=\u00bb4.27.6&#8243; _module_preset=\u00bbdefault\u00bb text_font=\u00bbLato||||||||\u00bb text_font_size=\u00bb16px\u00bb global_colors_info=\u00bb{}\u00bb]<\/p>\n<p>La Unidad de An\u00e1lisis y Registro (UAR), dependiente de la Direcci\u00f3n General de Vinculaci\u00f3n con el Medio (DGVM) de nuestra casa de estudios, present\u00f3 una <strong>nueva versi\u00f3n del Sistema de Monitoreo y An\u00e1lisis del Entorno (SIMONE)<\/strong>, la que incorpora una plataforma de georreferenciaci\u00f3n y un formulario renovado de registro de actividades.<\/p>\n<p>Realizada por la empresa Esri Chile, la actualizaci\u00f3n migra SIMONE desde WordPress hacia tecnolog\u00edas ArcGIS Online, una plataforma de representaci\u00f3n cartogr\u00e1fica en nube que permite la creaci\u00f3n de mapas y el an\u00e1lisis de datos de forma colaborativa. Adem\u00e1s, se incorpora un nuevo formulario de registro de colaboradores en la aplicaci\u00f3n Survey123.<\/p>\n<p>\u201c<em>El sistema de monitoreo pasa de una plataforma mucho m\u00e1s b\u00e1sica \u2014un WordPress\u2014 a un geoportal, que es toda la informaci\u00f3n georreferenciada que nos va a permitir visualizar de manera gr\u00e1fica e interactiva las distintas acciones realizadas, tanto de la academia, como del entorno, que se van manifestando tambi\u00e9n a trav\u00e9s de demandas e iniciativas<\/em>\u201d, explic\u00f3 Romina Vilches Prado, coordinadora de la UAR.<\/p>\n<p>La presentaci\u00f3n de este hito se enmarca en la<strong> visita del Centro de Fortalecimiento Integral de Capacidades Locales (CEFIC) de la Universidad Cat\u00f3lica de Temuco (UCT)<\/strong>, que se encuentra realizando un proceso de fortalecimiento de sus procesos de monitoreo del entorno y que, en este contexto, busca conocer la experiencia de trabajo de SIMONE.<\/p>\n<p><strong>Pablo Meza, director del CEFIC UCT<\/strong> explic\u00f3 que <em>\u201cen este momento, nosotros estamos en una etapa de redise\u00f1o de nuestro centro y esa es la raz\u00f3n que nos trajo a conocer a la Universidad de Playa Ancha porque estamos muy interesados en avanzar, no solamente en el registro de las actividades, si no que en el monitoreo constante que nos permita nosotros tambi\u00e9n enfrentar cuales son los nuevos desaf\u00edos que exigen en el sistema universitario\u201d<\/em>.<\/p>\n<p><em>\u201cEvidentemente las instituciones m\u00e1s all\u00e1 del espacio territorial en el cual nos encontramos situados y otras condiciones ambientales, territoriales y socioculturales, compartimos el desaf\u00edo de poder aportar a los territorios. Y en este sentido, vamos con una tarea bien grande de c\u00f3mo nosotros podemos generar un sistema inform\u00e1tico, tecnol\u00f3gico, que nos permita a nosotros ir recopilando o recibiendo informaci\u00f3n de distintas fuentes, pero tambi\u00e9n poniendo esa informaci\u00f3n a disposici\u00f3n, tanto de nuestra comunidad universitaria como nuestra comunidad local, y ah\u00ed SIMONE para nosotros es un horizonte el cual nos gustar\u00eda llegar en un futuro pr\u00f3ximo<\/em>\u201d, agreg\u00f3 el director del CEFIC.<\/p>\n<p><strong>Sobre la plataforma web<\/strong><\/p>\n<p>SIMONE es una herramienta digital desarrollada por la DGVM para avanzar en procesos de bidireccionalidad y propiciar una relaci\u00f3n estrat\u00e9gica con el entorno local, regional, nacional e internacional, ayudando a profundizar los instrumentos de cooperaci\u00f3n con el territorio y la ciudadan\u00eda, y fortalecer los procesos de Investigaci\u00f3n, desarrollo e innovaci\u00f3n (I+D+i).<\/p>\n<p>A trav\u00e9s del registro de actividades por parte de organizaciones privadas y p\u00fablicas en la plataforma, la Universidad puede identificar las problem\u00e1ticas sociales, detectar oportunidades de colaboraci\u00f3n, canalizar ofertas de trabajo y visibilizar oportunidades de financiamiento de iniciativas acad\u00e9micas.<\/p>\n<p>Para este nuevo a\u00f1o acad\u00e9mico la plataforma busca potenciar el registro, tanto de la comunidad universitaria como de las organizaciones p\u00fablicas y privadas, en su base de datos para fortalecer su trabajo en el monitoreo del entorno y propiciar nuevas oportunidades para la Universidad.<\/p>\n<p><em>\u201cTambi\u00e9n nos interesa transparentar y dar a conocer los convenios de colaboraci\u00f3n existentes dentro de la universidad para que distintos agentes internos se puedan articular en base a los mismos y poder activarlos, y tambi\u00e9n canalizar los fondos, las oportunidades, las ofertas laborales de pr\u00e1cticas para estudiantes\u201d<\/em>, asegur\u00f3 la coordinadora del UAR.<\/p>\n<p>[\/et_pb_text][\/et_pb_column][\/et_pb_row][\/et_pb_section]<\/p>\n","protected":false},"excerpt":{"rendered":"<p>La actualizaci\u00f3n contempla un sistema de geoportal y una nueva experiencia de registro de actividades de vinculaci\u00f3n con el medio para el mundo acad\u00e9mico y organizaciones sociales.<\/p>\n","protected":false},"author":8,"featured_media":17236553,"comment_status":"closed","ping_status":"closed","sticky":false,"template":"","format":"standard","meta":{"_et_pb_use_builder":"on","_et_pb_old_content":"","_et_gb_content_width":"","_price":"","_stock":"","_tribe_ticket_header":"","_tribe_default_ticket_provider":"","_tribe_ticket_capacity":"","_ticket_start_date":"","_ticket_end_date":"","_tribe_ticket_show_description":"","_tribe_ticket_show_not_going":false,"_tribe_ticket_use_global_stock":"","_tribe_ticket_global_stock_level":"","_global_stock_mode":"","_global_stock_cap":"","_tribe_rsvp_for_event":"","_tribe_ticket_going_count":"","_tribe_ticket_not_going_count":"","_tribe_tickets_list":"[]","_tribe_ticket_has_attendee_info_fields":false,"footnotes":""},"categories":[4],"tags":[],"class_list":["post-17236552","post","type-post","status-publish","format-standard","has-post-thumbnail","hentry","category-noticias"],"_links":{"self":[{"href":"https:\/\/upla.cl\/vinculacion\/wp-json\/wp\/v2\/posts\/17236552","targetHints":{"allow":["GET"]}}],"collection":[{"href":"https:\/\/upla.cl\/vinculacion\/wp-json\/wp\/v2\/posts"}],"about":[{"href":"https:\/\/upla.cl\/vinculacion\/wp-json\/wp\/v2\/types\/post"}],"author":[{"embeddable":true,"href":"https:\/\/upla.cl\/vinculacion\/wp-json\/wp\/v2\/users\/8"}],"replies":[{"embeddable":true,"href":"https:\/\/upla.cl\/vinculacion\/wp-json\/wp\/v2\/comments?post=17236552"}],"version-history":[{"count":6,"href":"https:\/\/upla.cl\/vinculacion\/wp-json\/wp\/v2\/posts\/17236552\/revisions"}],"predecessor-version":[{"id":17236561,"href":"https:\/\/upla.cl\/vinculacion\/wp-json\/wp\/v2\/posts\/17236552\/revisions\/17236561"}],"wp:featuredmedia":[{"embeddable":true,"href":"https:\/\/upla.cl\/vinculacion\/wp-json\/wp\/v2\/media\/17236553"}],"wp:attachment":[{"href":"https:\/\/upla.cl\/vinculacion\/wp-json\/wp\/v2\/media?parent=17236552"}],"wp:term":[{"taxonomy":"category","embeddable":true,"href":"https:\/\/upla.cl\/vinculacion\/wp-json\/wp\/v2\/categories?post=17236552"},{"taxonomy":"post_tag","embeddable":true,"href":"https:\/\/upla.cl\/vinculacion\/wp-json\/wp\/v2\/tags?post=17236552"}],"curies":[{"name":"wp","href":"https:\/\/api.w.org\/{rel}","templated":true}]}}