{"id":17236986,"date":"2026-09-03T17:41:50","date_gmt":"2026-09-03T21:41:50","guid":{"rendered":"https:\/\/upla.cl\/vinculacion\/?p=17236986"},"modified":"2026-09-03T17:41:51","modified_gmt":"2026-09-03T21:41:51","slug":"upla-y-corporacion-santiago-wanderers-firman-convenio-de-colaboracion-para-potenciar-el-deporte-y-la-formacion-academica","status":"publish","type":"post","link":"https:\/\/upla.cl\/vinculacion\/2026\/09\/03\/upla-y-corporacion-santiago-wanderers-firman-convenio-de-colaboracion-para-potenciar-el-deporte-y-la-formacion-academica\/","title":{"rendered":"UPLA y Corporaci\u00f3n Santiago Wanderers firman convenio de colaboraci\u00f3n para potenciar el deporte y la formaci\u00f3n acad\u00e9mica"},"content":{"rendered":"<p>[et_pb_section fb_built=\u00bb1&#8243; fullwidth=\u00bbon\u00bb _builder_version=\u00bb4.27.4&#8243; _module_preset=\u00bbdefault\u00bb global_colors_info=\u00bb{}\u00bb][et_pb_fullwidth_header title=\u00bbUPLA y Corporaci\u00f3n Santiago Wanderers firman convenio de colaboraci\u00f3n para potenciar el deporte y la formaci\u00f3n acad\u00e9mica\u00bb _builder_version=\u00bb4.27.6&#8243; _module_preset=\u00bbdefault\u00bb title_font=\u00bbLato|700|||||||\u00bb title_font_size=\u00bb50px\u00bb subhead_font=\u00bbLato||||||||\u00bb subhead_font_size=\u00bb30px\u00bb background_image=\u00bbhttps:\/\/upla.cl\/vinculacion\/wp-content\/uploads\/2026\/09\/firma_convenio_sw_upla_regalo.jpg\u00bb background_blend=\u00bbmultiply\u00bb custom_padding=\u00bb10%||10%||true|false\u00bb hover_enabled=\u00bb0&#8243; title_text_shadow_style=\u00bbpreset5&#8243; subhead_text_shadow_style=\u00bbpreset5&#8243; global_colors_info=\u00bb{}\u00bb sticky_enabled=\u00bb0&#8243; title_text=\u00bbfirma_convenio_sw_upla_regalo\u00bb][\/et_pb_fullwidth_header][\/et_pb_section][et_pb_section fb_built=\u00bb1&#8243; _builder_version=\u00bb4.27.4&#8243; _module_preset=\u00bbdefault\u00bb custom_margin=\u00bb||||false|false\u00bb custom_padding=\u00bb0px||0px||true|false\u00bb global_colors_info=\u00bb{}\u00bb][et_pb_row column_structure=\u00bb1_3,2_3&#8243; _builder_version=\u00bb4.27.4&#8243; _module_preset=\u00bbdefault\u00bb width=\u00bb90%\u00bb global_colors_info=\u00bb{}\u00bb][et_pb_column type=\u00bb1_3&#8243; _builder_version=\u00bb4.27.4&#8243; _module_preset=\u00bbdefault\u00bb global_colors_info=\u00bb{}\u00bb][et_pb_gallery gallery_ids=\u00bb17236987,17236988,17236993,17236994,17236989,17236990,17236991,17236992,17236995&#8243; fullwidth=\u00bbon\u00bb _builder_version=\u00bb4.27.6&#8243; _module_preset=\u00bbdefault\u00bb hover_enabled=\u00bb0&#8243; global_colors_info=\u00bb{}\u00bb sticky_enabled=\u00bb0&#8243;][\/et_pb_gallery][et_pb_video src=\u00bbhttps:\/\/youtu.be\/52giPrdzbwM\u00bb _builder_version=\u00bb4.27.6&#8243; _module_preset=\u00bbdefault\u00bb src_webm=\u00bbhttps:\/\/youtu.be\/52giPrdzbwM\u00bb hover_enabled=\u00bb0&#8243; sticky_enabled=\u00bb0&#8243;][\/et_pb_video][\/et_pb_column][et_pb_column type=\u00bb2_3&#8243; _builder_version=\u00bb4.27.4&#8243; _module_preset=\u00bbdefault\u00bb global_colors_info=\u00bb{}\u00bb][et_pb_text _builder_version=\u00bb4.27.6&#8243; _module_preset=\u00bbdefault\u00bb text_font=\u00bbLato||||||||\u00bb text_font_size=\u00bb16px\u00bb hover_enabled=\u00bb0&#8243; global_colors_info=\u00bb{}\u00bb sticky_enabled=\u00bb0&#8243;]<\/p>\n<p>El Centro Social y Deportivo Arsenio Fern\u00e1ndez fue escenario de la <strong>firma de convenio entre la Universidad de Playa Ancha (UPLA) y la Corporaci\u00f3n Santiago Wanderers<\/strong>, una alianza interinstitucional que busca potenciar el desarrollo deportivo y la formaci\u00f3n acad\u00e9mica tanto de estudiantes de la casa de estudios como de los deportistas del club.<\/p>\n<p>El evento cont\u00f3 con la participaci\u00f3n de la <strong>presidenta del club de Deportes Santiago Wanderers, Francisca Burgos Cavada, y del rector de la Universidad de Playa Ancha, Carlos Gonz\u00e1lez Morales<\/strong>. Adem\u00e1s, fueron acompa\u00f1ados por el decano de la Facultad de Ciencias de la Actividad F\u00edsica y del Deporte, Marcelo Zavala Jara, y por el director de comunicaciones de la corporaci\u00f3n, Jos\u00e9 Alarc\u00f3n Cok.<\/p>\n<p>El convenio de colaboraci\u00f3n establece las bases generales de cooperaci\u00f3n entre ambas instituciones con el prop\u00f3sito de promover y fortalecer iniciativas conjuntas en los \u00e1mbitos de la educaci\u00f3n, la ciencia, la tecnolog\u00eda, la investigaci\u00f3n, la innovaci\u00f3n, el deporte, la salud, la cultura, la creaci\u00f3n art\u00edstica, la innovaci\u00f3n social y la protecci\u00f3n y valoraci\u00f3n del medioambiente, contribuyendo al desarrollo integral de las personas, comunidades y territorios.<\/p>\n<p>En la misma l\u00ednea, el convenio establece el desarrollo de actividades de vinculaci\u00f3n con el medio para contribuir al desarrollo de comunidades y territorios vinculados, a trav\u00e9s de acciones que impliquen docencia vinculada al territorio; innovaci\u00f3n, creaci\u00f3n y transferencia de conocimiento; extensi\u00f3n universitaria y vinculaci\u00f3n comunitaria; desarrollo deportivo, art\u00edstico y cultural, entre otras.<\/p>\n<p>Por parte de la Corporaci\u00f3n Santiago Wanderers, su presidenta sostuvo que este trabajo va a permitir utilizar los espacios deportivos de la Universidad, particularmente, para la rama de futsal: <em>\u201ces una instalaci\u00f3n que cumple con las medidas reglamentarias, pero tambi\u00e9n lo va a ocupar voleibol y b\u00e1squetbol. Adem\u00e1s de eso, nosotros nos ponemos a disposici\u00f3n para hacer campos cl\u00ednicos para las carreras de nutrici\u00f3n, kinesiolog\u00eda, TDR o los profesionales de la pedagog\u00eda del deporte o psicolog\u00eda, que tambi\u00e9n est\u00e1n haciendo trabajo ac\u00e1 en Arsenio Fern\u00e1ndez y con los egresados del ex-SENAME. Entonces, es un trabajo como una vinculaci\u00f3n completa\u201d<\/em>.<\/p>\n<p>Por parte de la UPLA, su rector se\u00f1al\u00f3 estar contento con esta alianza al identificar una gran oportunidad de trabajo colaborativo para apoyar a los deportistas del club y a sus familias. <strong><em>\u201cLo que nos interesa es poder favorecer algunas becas, en alg\u00fan momento dado, para poder entrar a algunas carreras profesionales, carreras de formaci\u00f3n pedag\u00f3gica, o bien, aquellas donde se pueda colaborar. Y adem\u00e1s, darles asistencias t\u00e9cnicas en sus ramas, en aquellas \u00e1reas donde ellos necesiten y, en algunos momentos, tambi\u00e9n apoyarlos en espacios f\u00edsicos para desarrollar algunas competencias, como ya lo hemos hecho\u201d<\/em><\/strong>, sostuvo la autoridad universitaria.<\/p>\n<p>Desde la Facultad de Ciencias de la Actividad F\u00edsica y del Deporte de la UPLA, su decano explic\u00f3 que esperan que este convenio genere colaboraciones en cuanto a pr\u00e1cticas, y asesor\u00edas,<em> \u201csobre todo en el \u00e1mbito de nuestra disciplina que es la actividad f\u00edsica, el deporte, la recreaci\u00f3n, el buen uso del tiempo libre. La idea es establecer un plan de trabajo, un programa de trabajo en conjunto para poder llevarlo a cabo anualmente\u201d<\/em>.<\/p>\n<p>Los siguientes pasos de la formalizaci\u00f3n de esta alianza est\u00e1n en encaminar un protocolo espec\u00edfico para que la Facultad pueda trabajar en conjunto con la Corporaci\u00f3n Santiago Wanderers.<\/p>\n<p>[\/et_pb_text][\/et_pb_column][\/et_pb_row][\/et_pb_section]<\/p>\n","protected":false},"excerpt":{"rendered":"<p>El convenio de colaboraci\u00f3n establece las bases generales de cooperaci\u00f3n entre ambas instituciones con el prop\u00f3sito de promover y fortalecer iniciativas conjuntas en los \u00e1mbitos de la educaci\u00f3n, la ciencia, la tecnolog\u00eda, la investigaci\u00f3n, la innovaci\u00f3n y el deporte, entre otras materias.<\/p>\n","protected":false},"author":8,"featured_media":17236991,"comment_status":"closed","ping_status":"closed","sticky":false,"template":"","format":"standard","meta":{"_et_pb_use_builder":"on","_et_pb_old_content":"","_et_gb_content_width":"","_price":"","_stock":"","_tribe_ticket_header":"","_tribe_default_ticket_provider":"","_tribe_ticket_capacity":"","_ticket_start_date":"","_ticket_end_date":"","_tribe_ticket_show_description":"","_tribe_ticket_show_not_going":false,"_tribe_ticket_use_global_stock":"","_tribe_ticket_global_stock_level":"","_global_stock_mode":"","_global_stock_cap":"","_tribe_rsvp_for_event":"","_tribe_ticket_going_count":"","_tribe_ticket_not_going_count":"","_tribe_tickets_list":"[]","_tribe_ticket_has_attendee_info_fields":false,"footnotes":""},"categories":[4],"tags":[],"class_list":["post-17236986","post","type-post","status-publish","format-standard","has-post-thumbnail","hentry","category-noticias"],"_links":{"self":[{"href":"https:\/\/upla.cl\/vinculacion\/wp-json\/wp\/v2\/posts\/17236986","targetHints":{"allow":["GET"]}}],"collection":[{"href":"https:\/\/upla.cl\/vinculacion\/wp-json\/wp\/v2\/posts"}],"about":[{"href":"https:\/\/upla.cl\/vinculacion\/wp-json\/wp\/v2\/types\/post"}],"author":[{"embeddable":true,"href":"https:\/\/upla.cl\/vinculacion\/wp-json\/wp\/v2\/users\/8"}],"replies":[{"embeddable":true,"href":"https:\/\/upla.cl\/vinculacion\/wp-json\/wp\/v2\/comments?post=17236986"}],"version-history":[{"count":3,"href":"https:\/\/upla.cl\/vinculacion\/wp-json\/wp\/v2\/posts\/17236986\/revisions"}],"predecessor-version":[{"id":17237000,"href":"https:\/\/upla.cl\/vinculacion\/wp-json\/wp\/v2\/posts\/17236986\/revisions\/17237000"}],"wp:featuredmedia":[{"embeddable":true,"href":"https:\/\/upla.cl\/vinculacion\/wp-json\/wp\/v2\/media\/17236991"}],"wp:attachment":[{"href":"https:\/\/upla.cl\/vinculacion\/wp-json\/wp\/v2\/media?parent=17236986"}],"wp:term":[{"taxonomy":"category","embeddable":true,"href":"https:\/\/upla.cl\/vinculacion\/wp-json\/wp\/v2\/categories?post=17236986"},{"taxonomy":"post_tag","embeddable":true,"href":"https:\/\/upla.cl\/vinculacion\/wp-json\/wp\/v2\/tags?post=17236986"}],"curies":[{"name":"wp","href":"https:\/\/api.w.org\/{rel}","templated":true}]}}