{"id":17237004,"date":"2026-09-04T11:04:31","date_gmt":"2026-09-04T15:04:31","guid":{"rendered":"https:\/\/upla.cl\/vinculacion\/?p=17237004"},"modified":"2026-09-04T11:04:32","modified_gmt":"2026-09-04T15:04:32","slug":"upla-fortalece-capacidades-institucionales-en-vinculacion-con-el-medio-con-formacion-triestamental","status":"publish","type":"post","link":"https:\/\/upla.cl\/vinculacion\/2026\/09\/04\/upla-fortalece-capacidades-institucionales-en-vinculacion-con-el-medio-con-formacion-triestamental\/","title":{"rendered":"UPLA fortalece capacidades institucionales en Vinculaci\u00f3n con el Medio con formaci\u00f3n triestamental"},"content":{"rendered":"<p>[et_pb_section fb_built=\u00bb1&#8243; fullwidth=\u00bbon\u00bb _builder_version=\u00bb4.27.4&#8243; _module_preset=\u00bbdefault\u00bb global_colors_info=\u00bb{}\u00bb][et_pb_fullwidth_header title=\u00bbUPLA fortalece capacidades institucionales en Vinculaci\u00f3n con el Medio con formaci\u00f3n triestamental\u00bb _builder_version=\u00bb4.27.6&#8243; _module_preset=\u00bbdefault\u00bb title_font=\u00bbLato|700|||||||\u00bb title_font_size=\u00bb50px\u00bb subhead_font=\u00bbLato||||||||\u00bb subhead_font_size=\u00bb30px\u00bb background_image=\u00bbhttps:\/\/upla.cl\/vinculacion\/wp-content\/uploads\/2026\/09\/curso_vcm_exposicion_julian.jpg\u00bb background_blend=\u00bbmultiply\u00bb custom_padding=\u00bb10%||10%||true|false\u00bb hover_enabled=\u00bb0&#8243; title_text_shadow_style=\u00bbpreset5&#8243; subhead_text_shadow_style=\u00bbpreset5&#8243; global_colors_info=\u00bb{}\u00bb sticky_enabled=\u00bb0&#8243; title_text=\u00bbcurso_vcm_exposicion_julian\u00bb][\/et_pb_fullwidth_header][\/et_pb_section][et_pb_section fb_built=\u00bb1&#8243; _builder_version=\u00bb4.27.4&#8243; _module_preset=\u00bbdefault\u00bb custom_margin=\u00bb||||false|false\u00bb custom_padding=\u00bb0px||0px||true|false\u00bb global_colors_info=\u00bb{}\u00bb][et_pb_row column_structure=\u00bb1_3,2_3&#8243; _builder_version=\u00bb4.27.4&#8243; _module_preset=\u00bbdefault\u00bb width=\u00bb90%\u00bb global_colors_info=\u00bb{}\u00bb][et_pb_column type=\u00bb1_3&#8243; _builder_version=\u00bb4.27.4&#8243; _module_preset=\u00bbdefault\u00bb global_colors_info=\u00bb{}\u00bb][et_pb_gallery gallery_ids=\u00bb17237019,17237006,17237017,17237008,17237007,17237005&#8243; fullwidth=\u00bbon\u00bb _builder_version=\u00bb4.27.6&#8243; _module_preset=\u00bbdefault\u00bb hover_enabled=\u00bb0&#8243; global_colors_info=\u00bb{}\u00bb sticky_enabled=\u00bb0&#8243;][\/et_pb_gallery][et_pb_gallery _builder_version=\u00bb4.27.6&#8243; _module_preset=\u00bbdefault\u00bb gallery_ids=\u00bb17237009,17237010,17237011,17237012,17237013,17237014,17237015,17237016&#8243; fullwidth=\u00bbon\u00bb hover_enabled=\u00bb0&#8243; sticky_enabled=\u00bb0&#8243;][\/et_pb_gallery][\/et_pb_column][et_pb_column type=\u00bb2_3&#8243; _builder_version=\u00bb4.27.4&#8243; _module_preset=\u00bbdefault\u00bb global_colors_info=\u00bb{}\u00bb][et_pb_text _builder_version=\u00bb4.27.6&#8243; _module_preset=\u00bbdefault\u00bb text_font=\u00bbLato||||||||\u00bb text_font_size=\u00bb16px\u00bb hover_enabled=\u00bb0&#8243; global_colors_info=\u00bb{}\u00bb sticky_enabled=\u00bb0&#8243;]<\/p>\n<p>Estudiantes, acad\u00e9micos y funcionarios de la comunidad universitaria UPLA fueron parte de la segunda versi\u00f3n del <strong>curso inicial \u201cVinculaci\u00f3n con el Medio Integrada Territorialmente\u201d<\/strong>, que concluy\u00f3 el pasado 28 de agosto en una jornada donde se presentaron 11 iniciativas de vinculaci\u00f3n dise\u00f1adas durante el desarrollo del curso y que tambi\u00e9n cont\u00f3 con la certificaci\u00f3n de sus participantes.<\/p>\n<p>El curso inicial de VcM<strong> es parte del programa \u201cHabilitaci\u00f3n de competencias en gesti\u00f3n de la VcM estrat\u00e9gica y territorialmente integrada\u201d<\/strong>, organizado por la Direcci\u00f3n General de Vinculaci\u00f3n con el Medio (DGVM) <strong>en colaboraci\u00f3n con la Unidad de Acompa\u00f1amiento Docente<\/strong> para fortalecer las capacidades institucionales en la gesti\u00f3n estrat\u00e9gica de la VcM.<\/p>\n<p>El profesor de la Universidad de Los Lagos, <strong>Osvaldo Bernales Rivas<\/strong>, fue el encargado de impartir las clases de este curso inicial, destac\u00e1ndose por ser master en desarrollo emprendedor e innovaci\u00f3n, experto en sistemas de relacionamiento comunitario con enfoque territorial en pol\u00edticas VcM, y experto en aseguramiento de la calidad en procesos VcM.<\/p>\n<p>Para el profesor, los resultados del curso fueron positivos, principalmente, en los desaf\u00edos que tiene la educaci\u00f3n superior actualmente.<em> \u201cHacerse cargo de este desaf\u00edo no s\u00f3lo implica arreglos institucionales de car\u00e1cter m\u00e1s estructural (&#8230;) sino que tambi\u00e9n debe haber masa cr\u00edtica, un n\u00famero importante de funcionarios profesionales, acad\u00e9micos y estudiantes que manejen las bases conceptuales y pr\u00e1cticas de esta funci\u00f3n universitaria. Una vinculaci\u00f3n con el medio que hoy en d\u00eda, y cada uno de los estudiantes entendi\u00f3 que un pilar fundamental de la bidireccionalidad es entenderla como un proceso que se construye socialmente a trav\u00e9s del di\u00e1logo y la ampliaci\u00f3n de capacidades\u201d<\/em>, se\u00f1al\u00f3 Osvaldo Bernales.<\/p>\n<p>En total, fueron 59 integrantes de la comunidad universitaria quienes cursaron satisfactoriamente esta segunda versi\u00f3n del curso, de los cuales son 11 estudiantes, 21 acad\u00e9micos\/as y 27 funcionarios\/as. A trav\u00e9s de grupos de trabajo, los participantes del curso desarrollaron iniciativas de vinculaci\u00f3n con el medio que abordan \u00e1mbitos de acci\u00f3n como medioambiente, educaci\u00f3n, salud y bienestar social, liderazgo comunitario y desarrollo territorial.<\/p>\n<p>Desde la Direcci\u00f3n General de Vinculaci\u00f3n con el Medio, su directora, Fabiola Vilugr\u00f3n Aravena, valor\u00f3 positivamente los resultados de la segunda versi\u00f3n del curso, principalmente, por la diversidad de quienes lo cursaron.<\/p>\n<p><em>\u201cFormar capacidades en VcM es fundamental. Necesitamos que quienes participan en su desarrollo comprendan qu\u00e9 entendemos institucionalmente por VcM, c\u00f3mo se construye una relaci\u00f3n bidireccional con actores territoriales con los que trabajamos, c\u00f3mo se articula con la docencia y las dem\u00e1s funciones universitarias y tambi\u00e9n c\u00f3mo podemos evaluar las contribuciones que se generan a partir de esas relaciones. Por eso hemos querido que este proceso formativo sea triestamental\u201d<\/em>, sostuvo la directora.<\/p>\n<p><strong>Curso avanzado \u201cGesti\u00f3n estrat\u00e9gica de la VcM\u201d<\/strong><\/p>\n<p>Durante el segundo semestre, la DGVM prepara tres instancias formativas en el \u00e1rea de vinculaci\u00f3n con el medio: el curso avanzado \u201cGesti\u00f3n Estrat\u00e9gica de la Vinculaci\u00f3n con el Medio\u201d, un curso autoinstruccional sobre VcM y la clase magistral que realizar\u00e1 el acad\u00e9mico de la Universidad de M\u00e1laga, el Dr. \u00c1ngel Blanco, en noviembre sobre ABP.<\/p>\n<p>Sobre esta \u00faltima actividad, la directora adelant\u00f3 que:<em> \u201cel 4 de noviembre, realizaremos un curso de Aprendizaje Basado en Proyectos (ABP), a cargo del Dr. \u00c1ngel Blanco, acad\u00e9mico de la Universidad de M\u00e1laga, que estar\u00e1 orientado a fortalecer las capacidades docentes para trabajar con esta metodolog\u00eda y avanzar en la articulaci\u00f3n entre los procesos formativos y los desaf\u00edos y problem\u00e1ticas presentes en los territorios\u201d<\/em>.<\/p>\n<p>Toda la informaci\u00f3n sobre convocatorias e inscripciones ser\u00e1 informada oportunamente a trav\u00e9s de los canales institucionales y el <a href=\"www.upla.cl\/vinculacion\">sitio web de la DGVM<\/a>.<\/p>\n<p>[\/et_pb_text][\/et_pb_column][\/et_pb_row][\/et_pb_section]<\/p>\n","protected":false},"excerpt":{"rendered":"<p>La instancia formativa fue organizada por la Direcci\u00f3n General de Vinculaci\u00f3n con el Medio en colaboraci\u00f3n con la Unidad de Acompa\u00f1amiento Docente para fortalecer las capacidades institucionales en esta funci\u00f3n estrat\u00e9gica de la Universidad.  <\/p>\n","protected":false},"author":8,"featured_media":17237015,"comment_status":"closed","ping_status":"closed","sticky":false,"template":"","format":"standard","meta":{"_et_pb_use_builder":"on","_et_pb_old_content":"","_et_gb_content_width":"","_price":"","_stock":"","_tribe_ticket_header":"","_tribe_default_ticket_provider":"","_tribe_ticket_capacity":"","_ticket_start_date":"","_ticket_end_date":"","_tribe_ticket_show_description":"","_tribe_ticket_show_not_going":false,"_tribe_ticket_use_global_stock":"","_tribe_ticket_global_stock_level":"","_global_stock_mode":"","_global_stock_cap":"","_tribe_rsvp_for_event":"","_tribe_ticket_going_count":"","_tribe_ticket_not_going_count":"","_tribe_tickets_list":"[]","_tribe_ticket_has_attendee_info_fields":false,"footnotes":""},"categories":[4],"tags":[],"class_list":["post-17237004","post","type-post","status-publish","format-standard","has-post-thumbnail","hentry","category-noticias"],"_links":{"self":[{"href":"https:\/\/upla.cl\/vinculacion\/wp-json\/wp\/v2\/posts\/17237004","targetHints":{"allow":["GET"]}}],"collection":[{"href":"https:\/\/upla.cl\/vinculacion\/wp-json\/wp\/v2\/posts"}],"about":[{"href":"https:\/\/upla.cl\/vinculacion\/wp-json\/wp\/v2\/types\/post"}],"author":[{"embeddable":true,"href":"https:\/\/upla.cl\/vinculacion\/wp-json\/wp\/v2\/users\/8"}],"replies":[{"embeddable":true,"href":"https:\/\/upla.cl\/vinculacion\/wp-json\/wp\/v2\/comments?post=17237004"}],"version-history":[{"count":4,"href":"https:\/\/upla.cl\/vinculacion\/wp-json\/wp\/v2\/posts\/17237004\/revisions"}],"predecessor-version":[{"id":17237024,"href":"https:\/\/upla.cl\/vinculacion\/wp-json\/wp\/v2\/posts\/17237004\/revisions\/17237024"}],"wp:featuredmedia":[{"embeddable":true,"href":"https:\/\/upla.cl\/vinculacion\/wp-json\/wp\/v2\/media\/17237015"}],"wp:attachment":[{"href":"https:\/\/upla.cl\/vinculacion\/wp-json\/wp\/v2\/media?parent=17237004"}],"wp:term":[{"taxonomy":"category","embeddable":true,"href":"https:\/\/upla.cl\/vinculacion\/wp-json\/wp\/v2\/categories?post=17237004"},{"taxonomy":"post_tag","embeddable":true,"href":"https:\/\/upla.cl\/vinculacion\/wp-json\/wp\/v2\/tags?post=17237004"}],"curies":[{"name":"wp","href":"https:\/\/api.w.org\/{rel}","templated":true}]}}