{"id":17237026,"date":"2026-09-04T14:59:27","date_gmt":"2026-09-04T18:59:27","guid":{"rendered":"https:\/\/upla.cl\/vinculacion\/?p=17237026"},"modified":"2026-09-04T14:59:28","modified_gmt":"2026-09-04T18:59:28","slug":"comite-tecnico-de-vinculacion-con-el-medio-realizo-su-tercera-reunion-del-ano","status":"publish","type":"post","link":"https:\/\/upla.cl\/vinculacion\/2026\/09\/04\/comite-tecnico-de-vinculacion-con-el-medio-realizo-su-tercera-reunion-del-ano\/","title":{"rendered":"Comit\u00e9 T\u00e9cnico de Vinculaci\u00f3n con el Medio realiz\u00f3 su tercera reuni\u00f3n del a\u00f1o"},"content":{"rendered":"<p>[et_pb_section fb_built=\u00bb1&#8243; fullwidth=\u00bbon\u00bb _builder_version=\u00bb4.27.4&#8243; _module_preset=\u00bbdefault\u00bb global_colors_info=\u00bb{}\u00bb][et_pb_fullwidth_header title=\u00bbComit\u00e9 T\u00e9cnico de Vinculaci\u00f3n con el Medio realiz\u00f3 su tercera reuni\u00f3n del a\u00f1o\u00bb _builder_version=\u00bb4.27.6&#8243; _module_preset=\u00bbdefault\u00bb title_font=\u00bbLato|700|||||||\u00bb title_font_size=\u00bb50px\u00bb subhead_font=\u00bbLato||||||||\u00bb subhead_font_size=\u00bb30px\u00bb background_image=\u00bbhttps:\/\/upla.cl\/vinculacion\/wp-content\/uploads\/2026\/09\/Chica-final.jpg\u00bb background_blend=\u00bbmultiply\u00bb custom_padding=\u00bb10%||10%||true|false\u00bb hover_enabled=\u00bb0&#8243; title_text_shadow_style=\u00bbpreset5&#8243; subhead_text_shadow_style=\u00bbpreset5&#8243; global_colors_info=\u00bb{}\u00bb alt=\u00bbComit\u00e9 T\u00e9cnico de VcM\u00bb title_text=\u00bbChica final\u00bb sticky_enabled=\u00bb0&#8243;][\/et_pb_fullwidth_header][\/et_pb_section][et_pb_section fb_built=\u00bb1&#8243; _builder_version=\u00bb4.27.4&#8243; _module_preset=\u00bbdefault\u00bb custom_margin=\u00bb||||false|false\u00bb custom_padding=\u00bb0px||0px||true|false\u00bb global_colors_info=\u00bb{}\u00bb][et_pb_row column_structure=\u00bb1_3,2_3&#8243; _builder_version=\u00bb4.27.4&#8243; _module_preset=\u00bbdefault\u00bb width=\u00bb90%\u00bb global_colors_info=\u00bb{}\u00bb][et_pb_column type=\u00bb1_3&#8243; _builder_version=\u00bb4.27.4&#8243; _module_preset=\u00bbdefault\u00bb global_colors_info=\u00bb{}\u00bb][et_pb_code _builder_version=\u00bb4.27.6&#8243; _module_preset=\u00bbdefault\u00bb hover_enabled=\u00bb0&#8243; sticky_enabled=\u00bb0&#8243;]<\/p>\n<blockquote class=\"instagram-media\" data-instgrm-captioned data-instgrm-permalink=\"https:\/\/www.instagram.com\/p\/Dc4FIQbli2-\/?utm_source=ig_embed&amp;utm_campaign=loading\" data-instgrm-version=\"14\" style=\" background:#FFF; border:0; border-radius:3px; box-shadow:0 0 1px 0 rgba(0,0,0,0.5),0 1px 10px 0 rgba(0,0,0,0.15); margin: 1px; max-width:540px; min-width:326px; padding:0; width:99.375%; width:-webkit-calc(100% - 2px); width:calc(100% - 2px);\">\n<div style=\"padding:16px;\"> <a href=\"https:\/\/www.instagram.com\/p\/Dc4FIQbli2-\/?utm_source=ig_embed&amp;utm_campaign=loading\" style=\" background:#FFFFFF; line-height:0; padding:0 0; text-align:center; text-decoration:none; width:100%;\" target=\"_blank\" rel=\"noopener\"> <\/p>\n<div style=\" display: flex; flex-direction: row; align-items: center;\">\n<div style=\"background-color: #F4F4F4; border-radius: 50%; flex-grow: 0; height: 40px; margin-right: 14px; width: 40px;\"><\/div>\n<div style=\"display: flex; flex-direction: column; flex-grow: 1; justify-content: center;\">\n<div style=\" background-color: #F4F4F4; border-radius: 4px; flex-grow: 0; height: 14px; margin-bottom: 6px; width: 100px;\"><\/div>\n<div style=\" background-color: #F4F4F4; border-radius: 4px; flex-grow: 0; height: 14px; width: 60px;\"><\/div>\n<\/div>\n<\/div>\n<div style=\"padding: 19% 0;\"><\/div>\n<div style=\"display:block; height:50px; margin:0 auto 12px; width:50px;\"><svg width=\"50px\" height=\"50px\" viewBox=\"0 0 60 60\" version=\"1.1\" xmlns=\"https:\/\/www.w3.org\/2000\/svg\" xmlns:xlink=\"https:\/\/www.w3.org\/1999\/xlink\"><g stroke=\"none\" stroke-width=\"1\" fill=\"none\" fill-rule=\"evenodd\"><g transform=\"translate(-511.000000, -20.000000)\" fill=\"#000000\"><g><path d=\"M556.869,30.41 C554.814,30.41 553.148,32.076 553.148,34.131 C553.148,36.186 554.814,37.852 556.869,37.852 C558.924,37.852 560.59,36.186 560.59,34.131 C560.59,32.076 558.924,30.41 556.869,30.41 M541,60.657 C535.114,60.657 530.342,55.887 530.342,50 C530.342,44.114 535.114,39.342 541,39.342 C546.887,39.342 551.658,44.114 551.658,50 C551.658,55.887 546.887,60.657 541,60.657 M541,33.886 C532.1,33.886 524.886,41.1 524.886,50 C524.886,58.899 532.1,66.113 541,66.113 C549.9,66.113 557.115,58.899 557.115,50 C557.115,41.1 549.9,33.886 541,33.886 M565.378,62.101 C565.244,65.022 564.756,66.606 564.346,67.663 C563.803,69.06 563.154,70.057 562.106,71.106 C561.058,72.155 560.06,72.803 558.662,73.347 C557.607,73.757 556.021,74.244 553.102,74.378 C549.944,74.521 548.997,74.552 541,74.552 C533.003,74.552 532.056,74.521 528.898,74.378 C525.979,74.244 524.393,73.757 523.338,73.347 C521.94,72.803 520.942,72.155 519.894,71.106 C518.846,70.057 518.197,69.06 517.654,67.663 C517.244,66.606 516.755,65.022 516.623,62.101 C516.479,58.943 516.448,57.996 516.448,50 C516.448,42.003 516.479,41.056 516.623,37.899 C516.755,34.978 517.244,33.391 517.654,32.338 C518.197,30.938 518.846,29.942 519.894,28.894 C520.942,27.846 521.94,27.196 523.338,26.654 C524.393,26.244 525.979,25.756 528.898,25.623 C532.057,25.479 533.004,25.448 541,25.448 C548.997,25.448 549.943,25.479 553.102,25.623 C556.021,25.756 557.607,26.244 558.662,26.654 C560.06,27.196 561.058,27.846 562.106,28.894 C563.154,29.942 563.803,30.938 564.346,32.338 C564.756,33.391 565.244,34.978 565.378,37.899 C565.522,41.056 565.552,42.003 565.552,50 C565.552,57.996 565.522,58.943 565.378,62.101 M570.82,37.631 C570.674,34.438 570.167,32.258 569.425,30.349 C568.659,28.377 567.633,26.702 565.965,25.035 C564.297,23.368 562.623,22.342 560.652,21.575 C558.743,20.834 556.562,20.326 553.369,20.18 C550.169,20.033 549.148,20 541,20 C532.853,20 531.831,20.033 528.631,20.18 C525.438,20.326 523.257,20.834 521.349,21.575 C519.376,22.342 517.703,23.368 516.035,25.035 C514.368,26.702 513.342,28.377 512.574,30.349 C511.834,32.258 511.326,34.438 511.181,37.631 C511.035,40.831 511,41.851 511,50 C511,58.147 511.035,59.17 511.181,62.369 C511.326,65.562 511.834,67.743 512.574,69.651 C513.342,71.625 514.368,73.296 516.035,74.965 C517.703,76.634 519.376,77.658 521.349,78.425 C523.257,79.167 525.438,79.673 528.631,79.82 C531.831,79.965 532.853,80.001 541,80.001 C549.148,80.001 550.169,79.965 553.369,79.82 C556.562,79.673 558.743,79.167 560.652,78.425 C562.623,77.658 564.297,76.634 565.965,74.965 C567.633,73.296 568.659,71.625 569.425,69.651 C570.167,67.743 570.674,65.562 570.82,62.369 C570.966,59.17 571,58.147 571,50 C571,41.851 570.966,40.831 570.82,37.631\"><\/path><\/g><\/g><\/g><\/svg><\/div>\n<div style=\"padding-top: 8px;\">\n<div style=\" color:#3897f0; font-family:Arial,sans-serif; font-size:14px; font-style:normal; font-weight:550; line-height:18px;\">Ver esta publicaci\u00f3n en Instagram<\/div>\n<\/div>\n<div style=\"padding: 12.5% 0;\"><\/div>\n<div style=\"display: flex; flex-direction: row; margin-bottom: 14px; align-items: center;\">\n<div>\n<div style=\"background-color: #F4F4F4; border-radius: 50%; height: 12.5px; width: 12.5px; transform: translateX(0px) translateY(7px);\"><\/div>\n<div style=\"background-color: #F4F4F4; height: 12.5px; transform: rotate(-45deg) translateX(3px) translateY(1px); width: 12.5px; flex-grow: 0; margin-right: 14px; margin-left: 2px;\"><\/div>\n<div style=\"background-color: #F4F4F4; border-radius: 50%; height: 12.5px; width: 12.5px; transform: translateX(9px) translateY(-18px);\"><\/div>\n<\/div>\n<div style=\"margin-left: 8px;\">\n<div style=\" background-color: #F4F4F4; border-radius: 50%; flex-grow: 0; height: 20px; width: 20px;\"><\/div>\n<div style=\" width: 0; height: 0; border-top: 2px solid transparent; border-left: 6px solid #f4f4f4; border-bottom: 2px solid transparent; transform: translateX(16px) translateY(-4px) rotate(30deg)\"><\/div>\n<\/div>\n<div style=\"margin-left: auto;\">\n<div style=\" width: 0px; border-top: 8px solid #F4F4F4; border-right: 8px solid transparent; transform: translateY(16px);\"><\/div>\n<div style=\" background-color: #F4F4F4; flex-grow: 0; height: 12px; width: 16px; transform: translateY(-4px);\"><\/div>\n<div style=\" width: 0; height: 0; border-top: 8px solid #F4F4F4; border-left: 8px solid transparent; transform: translateY(-4px) translateX(8px);\"><\/div>\n<\/div>\n<\/div>\n<div style=\"display: flex; flex-direction: column; flex-grow: 1; justify-content: center; margin-bottom: 24px;\">\n<div style=\" background-color: #F4F4F4; border-radius: 4px; flex-grow: 0; height: 14px; margin-bottom: 6px; width: 224px;\"><\/div>\n<div style=\" background-color: #F4F4F4; border-radius: 4px; flex-grow: 0; height: 14px; width: 144px;\"><\/div>\n<\/div>\n<p><\/a><pee style=\" color:#c9c8cd; font-family:Arial,sans-serif; font-size:14px; line-height:17px; margin-bottom:0; margin-top:8px; overflow:hidden; padding:8px 0 7px; text-align:center; text-overflow:ellipsis; white-space:nowrap;\"><a href=\"https:\/\/www.instagram.com\/p\/Dc4FIQbli2-\/?utm_source=ig_embed&amp;utm_campaign=loading\" style=\" color:#c9c8cd; font-family:Arial,sans-serif; font-size:14px; font-style:normal; font-weight:normal; line-height:17px; text-decoration:none;\" target=\"_blank\" rel=\"noopener\">Una publicaci\u00f3n compartida por Vinculaci\u00f3n con el Medio UPLA (@vcm_upla)<\/a><\/pee><\/div>\n<\/blockquote>\n<p><!-- [et_pb_line_break_holder] --><script async src=\"\/\/www.instagram.com\/embed.js\"><\/script>[\/et_pb_code][\/et_pb_column][et_pb_column type=\u00bb2_3&#8243; _builder_version=\u00bb4.27.4&#8243; _module_preset=\u00bbdefault\u00bb global_colors_info=\u00bb{}\u00bb][et_pb_text _builder_version=\u00bb4.27.6&#8243; _module_preset=\u00bbdefault\u00bb text_font=\u00bbLato||||||||\u00bb text_font_size=\u00bb16px\u00bb hover_enabled=\u00bb0&#8243; global_colors_info=\u00bb{}\u00bb sticky_enabled=\u00bb0&#8243;]<\/p>\n<p><strong><em>En la instancia se dio cuenta de los avances en el proceso de acreditaci\u00f3n que est\u00e1 desarrollando la Universidad, y se socializaron hitos de trabajo realizados o proyectados para esta segunda mitad del a\u00f1o en el marco de la implementaci\u00f3n de la Pol\u00edtica Institucional de VcM.<\/em><\/strong><\/p>\n<p>El jueves 3 de septiembre la Direcci\u00f3n General de Vinculaci\u00f3n con el Medio (DGVM) de la UPLA llev\u00f3 a cabo la tercera reuni\u00f3n de 2026 de su <strong>Comit\u00e9 T\u00e9cnico de Vinculaci\u00f3n con el Medio<\/strong>, ocasi\u00f3n en la que junto con abordar los avances en el proceso de acreditaci\u00f3n institucional &#8211;<a href=\"https:\/\/upla.cl\/vinculacion\/2026\/05\/08\/comite-tecnico-de-vinculacion-con-el-medio-realizo-primera-reunion-del-ano-abordando-el-proceso-de-acreditacion\/\">como se ha hecho en los encuentros previos<\/a>&#8211; se dieron a conocer una serie de hitos de trabajo agendados para los pr\u00f3ximos meses y de actualizaci\u00f3n de sistemas internos de seguimiento, todo en el marco de la implementaci\u00f3n de la Pol\u00edtica Institucional de VcM.<\/p>\n<p>Cabe recordar que este comit\u00e9 presidido por la directora general de Vinculaci\u00f3n con el Medio, Fabiola Vilugr\u00f3n Aravena, es una instancia asesora y t\u00e9cnica encargada principalmente de analizar, validar y proponer lineamientos institucionales de vinculaci\u00f3n con el medio; revisar avances del Modelo de Gesti\u00f3n; proponer ajustes a instrumentos, indicadores y procedimientos; y apoyar los procesos de aseguramiento de la calidad de la VcM.<\/p>\n<p>Respecto del proceso de acreditaci\u00f3n, se abordaron los avances correspondientes a la segunda etapa de autoevaluaci\u00f3n interna en la que se est\u00e1 trabajando actualmente, y que finaliza el pr\u00f3ximo 30 de septiembre, proyect\u00e1ndose su tercera fase que comienza el 1 de octubre.<\/p>\n<p>[\/et_pb_text][et_pb_image src=\u00bbhttps:\/\/upla.cl\/vinculacion\/wp-content\/uploads\/2026\/09\/Reu-Comite-Tecnico-3-sept-26.jpg\u00bb _builder_version=\u00bb4.27.6&#8243; _module_preset=\u00bbdefault\u00bb alt=\u00bbComit\u00e9 T\u00e9cnico de VcM\u00bb title_text=\u00bbComit\u00e9 T\u00e9cnico de VcM\u00bb hover_enabled=\u00bb0&#8243; sticky_enabled=\u00bb0&#8243;][\/et_pb_image][et_pb_text _builder_version=\u00bb4.27.6&#8243; _module_preset=\u00bbdefault\u00bb text_font=\u00bbLato||||||||\u00bb text_font_size=\u00bb16px\u00bb hover_enabled=\u00bb0&#8243; global_colors_info=\u00bb{}\u00bb sticky_enabled=\u00bb0&#8243;]<\/p>\n<p><span style=\"font-weight: 400;\">En ese mismo sentido, se dio cuenta de hitos relevantes relacionados a los instrumentos institucionales asociados a dicho proceso -b\u00e1sicamente respecto del <\/span><i><span style=\"font-weight: 400;\">Modelo de gesti\u00f3n de la Vinculaci\u00f3n con el Medio<\/span><\/i><span style=\"font-weight: 400;\"> y del <\/span><i><span style=\"font-weight: 400;\">Manual de indicadores para la medici\u00f3n de contribuciones de la VcM<\/span><\/i><span style=\"font-weight: 400;\">-, y se inform\u00f3 que la cuarta edici\u00f3n de las <\/span><i><span style=\"font-weight: 400;\">Directrices institucionales para el seguimiento y v\u00ednculo con la comunidad de egresados, egresadas y empleadores<\/span><\/i><span style=\"font-weight: 400;\"> ya se encuentra actualizada y validada con direcciones de carrera y representantes de pregrado y postgrado de la Universidad.<\/span><\/p>\n<p><span style=\"font-weight: 400;\">En cuanto a los hitos de trabajo anunciados como parte igualmente de la implementaci\u00f3n de la Pol\u00edtica Institucional de Vinculaci\u00f3n con el Medio, se mencion\u00f3 el inicio el pr\u00f3ximo 24 de septiembre del <\/span><a href=\"https:\/\/www.instagram.com\/p\/Dcy9n4HlqDU\/?img_index=1\" target=\"_blank\" rel=\"noopener\"><span style=\"font-weight: 400;\">curso avanzado \u00abGesti\u00f3n Estrat\u00e9gica de la Vinculaci\u00f3n con el Medio\u00bb<\/span><\/a><span style=\"font-weight: 400;\">, dirigido a acad\u00e9micos, funcionarios no acad\u00e9micos y estudiantes; el lanzamiento del libro del segundo fondo de Metodolog\u00edas Activas Situadas (MAS) para la Vinculaci\u00f3n con el Medio a realizarse el 1 de octubre, record\u00e1ndose adem\u00e1s que contin\u00faa abierta hasta enero de 2027 la convocatoria del tercer fondo; la realizaci\u00f3n de un curso sobre la metodolog\u00eda de Aprendizaje Basado en Proyectos (ABP) destinado a acad\u00e9micos, fechado para el 4 de noviembre y a cargo del catedr\u00e1tico de la Universidad de M\u00e1laga, \u00c1ngel Blanco L\u00f3pez; la ceremonia de \u201cReconocimiento al Egresado(a) Sello UPLA\u201d de este a\u00f1o, fijada para ese mismo mes; y la labor de conformaci\u00f3n de una red de empleadores y empleadoras que se est\u00e1 llevando a cabo.<\/span><\/p>\n<p>[\/et_pb_text][et_pb_image src=\u00bbhttps:\/\/upla.cl\/vinculacion\/wp-content\/uploads\/2026\/09\/2do-libro-MAS-scaled.jpg\u00bb _builder_version=\u00bb4.27.6&#8243; _module_preset=\u00bbdefault\u00bb hover_enabled=\u00bb0&#8243; sticky_enabled=\u00bb0&#8243; alt=\u00bbSegundo libro MAS\u00bb title_text=\u00bbSegundo libro MAS\u00bb][\/et_pb_image][et_pb_text _builder_version=\u00bb4.27.6&#8243; _module_preset=\u00bbdefault\u00bb text_font=\u00bbLato||||||||\u00bb text_font_size=\u00bb16px\u00bb hover_enabled=\u00bb0&#8243; global_colors_info=\u00bb{}\u00bb sticky_enabled=\u00bb0&#8243;]<\/p>\n<p><span style=\"font-weight: 400;\">Junto con ello, la directora Fabiola Vilugr\u00f3n socializ\u00f3 ante el comit\u00e9 el trabajo de actualizaci\u00f3n de plataformas internas, como el Sistema Integrado Institucional (SINTE VcM), el Portal de Egresados y Egresadas, el Sistema de Monitoreo y An\u00e1lisis del Entorno (SIMONE) y la plataforma de gesti\u00f3n de convenios, estas dos \u00faltimas con fecha de presentaci\u00f3n para el pr\u00f3ximo 9 de septiembre.<\/span><\/p>\n<p><span style=\"font-weight: 400;\">Por \u00faltimo, durante el encuentro se recogieron algunos planteamientos y se proyectaron acciones en funci\u00f3n de una mejora en el proceso de incorporaci\u00f3n de Metodolog\u00edas Activas Situadas al trabajo desarrollado por acad\u00e9micos y acad\u00e9micas de postgrado; y de la comprensi\u00f3n efectiva de acad\u00e9micos y Actores Territoriales Relevantes (ATR) de los lineamientos, orientaciones y conceptos claves en el ejercicio de la vinculaci\u00f3n con el medio. Lo anterior, a partir de las sugerencias realizadas por los integrantes del Comit\u00e9 T\u00e9cnico de VcM, Magdalena Dardel Coronado (directora general de Postgrado), y Luciano Fa\u00fandez Coronado, profesional de la UPLA que representa a la comunidad egresada en esta instancia.<\/span><\/p>\n<p><span style=\"font-weight: 400;\">La siguiente reuni\u00f3n del Comit\u00e9 T\u00e9cnico de Vinculaci\u00f3n con el Medio qued\u00f3 fijada para la primera semana del pr\u00f3ximo mes de octubre.<\/span><\/p>\n<p>[\/et_pb_text][\/et_pb_column][\/et_pb_row][\/et_pb_section]<\/p>\n","protected":false},"excerpt":{"rendered":"<p>En la instancia se dio cuenta de los avances en el proceso de acreditaci\u00f3n que est\u00e1 desarrollando la Universidad, y se socializaron hitos de trabajo realizados o proyectados para esta [&hellip;]<\/p>\n","protected":false},"author":11,"featured_media":17237027,"comment_status":"closed","ping_status":"closed","sticky":false,"template":"","format":"standard","meta":{"_et_pb_use_builder":"on","_et_pb_old_content":"","_et_gb_content_width":"","_price":"","_stock":"","_tribe_ticket_header":"","_tribe_default_ticket_provider":"","_tribe_ticket_capacity":"","_ticket_start_date":"","_ticket_end_date":"","_tribe_ticket_show_description":"","_tribe_ticket_show_not_going":false,"_tribe_ticket_use_global_stock":"","_tribe_ticket_global_stock_level":"","_global_stock_mode":"","_global_stock_cap":"","_tribe_rsvp_for_event":"","_tribe_ticket_going_count":"","_tribe_ticket_not_going_count":"","_tribe_tickets_list":"[]","_tribe_ticket_has_attendee_info_fields":false,"footnotes":""},"categories":[4],"tags":[31],"class_list":["post-17237026","post","type-post","status-publish","format-standard","has-post-thumbnail","hentry","category-noticias","tag-vinculacion-con-el-medio"],"_links":{"self":[{"href":"https:\/\/upla.cl\/vinculacion\/wp-json\/wp\/v2\/posts\/17237026","targetHints":{"allow":["GET"]}}],"collection":[{"href":"https:\/\/upla.cl\/vinculacion\/wp-json\/wp\/v2\/posts"}],"about":[{"href":"https:\/\/upla.cl\/vinculacion\/wp-json\/wp\/v2\/types\/post"}],"author":[{"embeddable":true,"href":"https:\/\/upla.cl\/vinculacion\/wp-json\/wp\/v2\/users\/11"}],"replies":[{"embeddable":true,"href":"https:\/\/upla.cl\/vinculacion\/wp-json\/wp\/v2\/comments?post=17237026"}],"version-history":[{"count":11,"href":"https:\/\/upla.cl\/vinculacion\/wp-json\/wp\/v2\/posts\/17237026\/revisions"}],"predecessor-version":[{"id":17237050,"href":"https:\/\/upla.cl\/vinculacion\/wp-json\/wp\/v2\/posts\/17237026\/revisions\/17237050"}],"wp:featuredmedia":[{"embeddable":true,"href":"https:\/\/upla.cl\/vinculacion\/wp-json\/wp\/v2\/media\/17237027"}],"wp:attachment":[{"href":"https:\/\/upla.cl\/vinculacion\/wp-json\/wp\/v2\/media?parent=17237026"}],"wp:term":[{"taxonomy":"category","embeddable":true,"href":"https:\/\/upla.cl\/vinculacion\/wp-json\/wp\/v2\/categories?post=17237026"},{"taxonomy":"post_tag","embeddable":true,"href":"https:\/\/upla.cl\/vinculacion\/wp-json\/wp\/v2\/tags?post=17237026"}],"curies":[{"name":"wp","href":"https:\/\/api.w.org\/{rel}","templated":true}]}}